{"id":450127,"date":"2025-10-09T13:44:14","date_gmt":"2025-10-09T13:44:14","guid":{"rendered":"https:\/\/www.europesays.com\/fr\/450127\/"},"modified":"2025-10-09T13:44:14","modified_gmt":"2025-10-09T13:44:14","slug":"la-ligue-des-champions-2027-2030-sera-t-elle-sur-netflix-prime-video-ou-apple-tv","status":"publish","type":"post","link":"https:\/\/www.europesays.com\/fr\/450127\/","title":{"rendered":"La Ligue des champions 2027-2030 sera-t-elle sur Netflix, Prime Video ou Apple TV+\u00a0?"},"content":{"rendered":"<p class=\"ed__a-p ed__bdy__l\">Les choses ne cessent de bouger du c\u00f4t\u00e9 de la diffusion des matchs de football. Apr\u00e8s la <a href=\"https:\/\/www.lesnumeriques.com\/evenement-sportif\/ligue-1-canal-dazn-ou-regarder-le-football-en-streaming-en-2025-2026-n242066.html\" title=\"Ligue 1+, Canal+, DAZN\u2026 O\u00f9 regarder le football en streaming en 2025\/2026\u00a0?\" target=\"_blank\" rel=\"noopener\">LFP qui a repris le flambeau de DAZN pour la Ligue 1 avec sa plateforme Ligue 1+<\/a>, c&rsquo;est du c\u00f4t\u00e9 de la Ligue des champions que les choses pourraient bient\u00f4t bouger. C&rsquo;est en tout cas le fort souhait de l&rsquo;UEFA et de sa nouvelle agence de revente de droits Relevent, qui esp\u00e8rent attirer des diffuseurs in\u00e9dits avec un nouveau format d&rsquo;appel d&rsquo;offres. Dans son viseur : les plateformes de streaming comme Netflix, Prime Video et autres Apple TV+.<\/p>\n<p>Des matchs de football sur toujours plus de plateformes ?<\/p>\n<p class=\"ed__a-p ed__bdy__l\">Si jusqu&rsquo;\u00e0 la fin de la saison 2026-2027 c&rsquo;est Canal+ qui poss\u00e8de l&rsquo;int\u00e9gralit\u00e9 des droits de la comp\u00e9tition, l&rsquo;UEFA compte bien \u00e9largir son public en s\u00e9duisant des plateformes davantage disponibles dans le monde entier. Pr\u00e9cisions que d\u00e8s la saison 2027, l&rsquo;instance europ\u00e9enne esp\u00e8re d\u00e9passer les 5 milliards d&rsquo;euros de revenus, et ce jusqu&rsquo;en 2030.<\/p>\n<p>            Publicit\u00e9, votre contenu continue ci-dessous<\/p>\n<p>        Publicit\u00e9<\/p>\n<p class=\"ed__a-p ed__bdy__l\">Pour cela, elle esp\u00e8re inciter des grandes plateformes de streaming \u00e0 diffuser au moins un match par semaine, dans le monde entier. Diff\u00e9rents lots, avec notamment de la diffusion dans certains pays seulement, sont aussi visiblement pr\u00e9vus. Canal+ ne compte cependant pas tirer un trait sur ses droits, ouvrant ainsi la possibilit\u00e9 de matchs \u00e9parpill\u00e9s et diffus\u00e9s sur plusieurs plateformes.<\/p>\n<p class=\"ed__a-p ed__bdy__l\">Netflix, qui diffuse toujours plus de contenus en live mais encore peu de sport, est \u00e9videmment le principal vis\u00e9. Des acteurs comme Prime Video (d\u00e9j\u00e0 habitu\u00e9 \u00e0 avoir plusieurs cordes \u00e0 son arc) ou Apple TV+ (d\u00e9j\u00e0 diffuseur du football aux \u00c9tats-Unis) auraient \u00e9galement du sens, et des phases d&rsquo;ench\u00e8res sont \u00e0 pr\u00e9voir. L&rsquo;appel d&rsquo;offre sera lanc\u00e9 le 13 octobre, d\u00e9but de r\u00e9ponse \u00e0 partir de l\u00e0 donc.<\/p>\n<p class=\"ed__a-p ed__bdy__l\">La question qui se pose \u00e9galement pour les abonn\u00e9s \u00e0 Netflix et consort est : les non fans de football seront-ils pr\u00eats pour une \u00e9ventuelle nouvelle hausse de prix de l&rsquo;abonnement pour couvrir ce nouveau contenu ? Rien n&rsquo;est moins s\u00fbr et chaque acteur devra bien r\u00e9fl\u00e9chir avant de s&rsquo;engager.<\/p>\n","protected":false},"excerpt":{"rendered":"Les choses ne cessent de bouger du c\u00f4t\u00e9 de la diffusion des matchs de football. Apr\u00e8s la LFP&hellip;\n","protected":false},"author":2,"featured_media":450128,"comment_status":"","ping_status":"","sticky":false,"template":"","format":"standard","meta":{"footnotes":""},"categories":[1412],"tags":[1451,1452,1453,1454,1455,1011,27,60],"class_list":{"0":"post-450127","1":"post","2":"type-post","3":"status-publish","4":"format-standard","5":"has-post-thumbnail","7":"category-f1","8":"tag-f1","9":"tag-formula-1","10":"tag-formula1","11":"tag-formule-1","12":"tag-formule1","13":"tag-fr","14":"tag-france","15":"tag-sports"},"share_on_mastodon":{"url":"https:\/\/pubeurope.com\/@fr\/115344511589106677","error":""},"_links":{"self":[{"href":"https:\/\/www.europesays.com\/fr\/wp-json\/wp\/v2\/posts\/450127","targetHints":{"allow":["GET"]}}],"collection":[{"href":"https:\/\/www.europesays.com\/fr\/wp-json\/wp\/v2\/posts"}],"about":[{"href":"https:\/\/www.europesays.com\/fr\/wp-json\/wp\/v2\/types\/post"}],"author":[{"embeddable":true,"href":"https:\/\/www.europesays.com\/fr\/wp-json\/wp\/v2\/users\/2"}],"replies":[{"embeddable":true,"href":"https:\/\/www.europesays.com\/fr\/wp-json\/wp\/v2\/comments?post=450127"}],"version-history":[{"count":0,"href":"https:\/\/www.europesays.com\/fr\/wp-json\/wp\/v2\/posts\/450127\/revisions"}],"wp:featuredmedia":[{"embeddable":true,"href":"https:\/\/www.europesays.com\/fr\/wp-json\/wp\/v2\/media\/450128"}],"wp:attachment":[{"href":"https:\/\/www.europesays.com\/fr\/wp-json\/wp\/v2\/media?parent=450127"}],"wp:term":[{"taxonomy":"category","embeddable":true,"href":"https:\/\/www.europesays.com\/fr\/wp-json\/wp\/v2\/categories?post=450127"},{"taxonomy":"post_tag","embeddable":true,"href":"https:\/\/www.europesays.com\/fr\/wp-json\/wp\/v2\/tags?post=450127"}],"curies":[{"name":"wp","href":"https:\/\/api.w.org\/{rel}","templated":true}]}}