{"id":450133,"date":"2025-10-09T13:47:09","date_gmt":"2025-10-09T13:47:09","guid":{"rendered":"https:\/\/www.europesays.com\/fr\/450133\/"},"modified":"2025-10-09T13:47:09","modified_gmt":"2025-10-09T13:47:09","slug":"lanimateur-eric-antoine-annonce-larret-de-lemission-de-m6-lego-masters-apres-5-saisons-voir-des-gens-poser-des-briques-ca-a-tenu-un-temps-elle-na-plus-le-succes-suffi","status":"publish","type":"post","link":"https:\/\/www.europesays.com\/fr\/450133\/","title":{"rendered":"L\u2019animateur Eric Antoine annonce l\u2019arr\u00eat de l\u2019\u00e9mission de M6 \u00ab\u00a0Lego Masters\u00a0\u00bb apr\u00e8s 5 saisons: \u00ab\u00a0Voir des gens poser des briques, \u00e7a a tenu un temps. Elle n&rsquo;a plus le succ\u00e8s suffisant\u00a0\u00bb"},"content":{"rendered":"<p>Les t\u00e9l\u00e9spectateurs de M6 ne retrouveront pas une sixi\u00e8me saison pour l&rsquo;\u00e9mission \u00ab\u00a0Lego Masters\u00a0\u00bb. C&rsquo;est son animateur, Eric Antoine, qui l&rsquo;annonce lui-m\u00eame dans une interview accord\u00e9e \u00e0 <a href=\"https:\/\/www.ozap.com\/actu\/on-va-arreter-cette-aventure-eric-antoine-annonce-la-fin-de-lego-masters-sur-m6\/651954\" target=\"_blank\" rel=\"noopener\">Purem\u00e9dias<\/a>.<\/p>\n<p>\u00ab\u00a0On aura fait 5 saisons. Mais on trouve que \u00e7a ne r\u00e9unit pas le public qu&rsquo;on souhaite r\u00e9unir. C&rsquo;est une \u00e9mission qui est tr\u00e8s ambitieuse, parce que c&rsquo;est un mois pour tourner 4 \u00e9missions seulement. (&#8230;) C&rsquo;est une \u00e9mission qui co\u00fbte tr\u00e8s cher et je pense qu&rsquo;on a fait, malheureusement, un peu le tour\u00a0\u00bb, confie-t-il aupr\u00e8s de nos confr\u00e8res.<\/p>\n<p>Et d&rsquo;ajouter : \u00ab\u00a0Voir des gens poser des briques, \u00e7a a tenu un temps. Mais l\u00e0, une fois qu&rsquo;on a vu la surprise, une fois qu&rsquo;on a d\u00e9couvert le tr\u00e8s haut niveau, je crois que tu revois du tr\u00e8s haut niveau une deuxi\u00e8me fois, tu revois du tr\u00e8s haut niveau une troisi\u00e8me fois&#8230; \u00e7a fait un peu moins r\u00eaver finalement\u00a0\u00bb.<\/p>\n<p>Eric Antoine pr\u00e9cise que \u00ab\u00a0c&rsquo;est dommage, parce que je pense que c&rsquo;\u00e9tait une \u00e9mission qui r\u00e9unissait justement beaucoup la famille et qui \u00e9tait chouette \u00e0 regarder en \u00e9coute conjointe. Mais elle n&rsquo;a plus le succ\u00e8s suffisant\u00a0\u00bb. Diffus\u00e9e cet \u00e9t\u00e9, la 5e saison a r\u00e9uni en moyenne 1 million de t\u00e9l\u00e9spectateurs en prime-time sur M6.\u00a0<\/p>\n<p>Dans \u00ab\u00a0Lego Masters\u00a0\u00bb, lanc\u00e9e en 2020, huit \u00e9quipes de deux candidats s&rsquo;affrontaient dans une comp\u00e9tition conviviale, en construisant de spectaculaires cr\u00e9ations en briques.<\/p>\n","protected":false},"excerpt":{"rendered":"Les t\u00e9l\u00e9spectateurs de M6 ne retrouveront pas une sixi\u00e8me saison pour l&rsquo;\u00e9mission \u00ab\u00a0Lego Masters\u00a0\u00bb. C&rsquo;est son animateur, Eric&hellip;\n","protected":false},"author":2,"featured_media":450134,"comment_status":"","ping_status":"","sticky":false,"template":"","format":"standard","meta":{"footnotes":""},"categories":[1359],"tags":[58,59,1194,1011,27,42014,494,973,48859],"class_list":{"0":"post-450133","1":"post","2":"type-post","3":"status-publish","4":"format-standard","5":"has-post-thumbnail","7":"category-people","8":"tag-divertissement","9":"tag-entertainment","10":"tag-eric-antoine","11":"tag-fr","12":"tag-france","13":"tag-lego-masters","14":"tag-m6","15":"tag-people","16":"tag-u00e9mission"},"share_on_mastodon":{"url":"https:\/\/pubeurope.com\/@fr\/115344522925417367","error":""},"_links":{"self":[{"href":"https:\/\/www.europesays.com\/fr\/wp-json\/wp\/v2\/posts\/450133","targetHints":{"allow":["GET"]}}],"collection":[{"href":"https:\/\/www.europesays.com\/fr\/wp-json\/wp\/v2\/posts"}],"about":[{"href":"https:\/\/www.europesays.com\/fr\/wp-json\/wp\/v2\/types\/post"}],"author":[{"embeddable":true,"href":"https:\/\/www.europesays.com\/fr\/wp-json\/wp\/v2\/users\/2"}],"replies":[{"embeddable":true,"href":"https:\/\/www.europesays.com\/fr\/wp-json\/wp\/v2\/comments?post=450133"}],"version-history":[{"count":0,"href":"https:\/\/www.europesays.com\/fr\/wp-json\/wp\/v2\/posts\/450133\/revisions"}],"wp:featuredmedia":[{"embeddable":true,"href":"https:\/\/www.europesays.com\/fr\/wp-json\/wp\/v2\/media\/450134"}],"wp:attachment":[{"href":"https:\/\/www.europesays.com\/fr\/wp-json\/wp\/v2\/media?parent=450133"}],"wp:term":[{"taxonomy":"category","embeddable":true,"href":"https:\/\/www.europesays.com\/fr\/wp-json\/wp\/v2\/categories?post=450133"},{"taxonomy":"post_tag","embeddable":true,"href":"https:\/\/www.europesays.com\/fr\/wp-json\/wp\/v2\/tags?post=450133"}],"curies":[{"name":"wp","href":"https:\/\/api.w.org\/{rel}","templated":true}]}}