{"id":450186,"date":"2025-10-09T14:17:12","date_gmt":"2025-10-09T14:17:12","guid":{"rendered":"https:\/\/www.europesays.com\/fr\/450186\/"},"modified":"2025-10-09T14:17:12","modified_gmt":"2025-10-09T14:17:12","slug":"eurometropole-de-strasbourg-convention-pour-le-tram-nord-guillaume-weixler-et-helene-hollederer-reagissent","status":"publish","type":"post","link":"https:\/\/www.europesays.com\/fr\/450186\/","title":{"rendered":"Eurom\u00e9tropole de Strasbourg. Convention pour le tram nord\u00a0:\u00a0Guillaume Weixler et H\u00e9l\u00e8ne Hollederer r\u00e9agissent"},"content":{"rendered":"<p><a href=\"https:\/\/www.dna.fr\/elections\/2025\/05\/24\/schiltigheim-guillaume-weixler-veut-etre-maire-a-21-ans\" target=\"_blank\" rel=\"nofollow noopener\">Guillaume Weixler, le jeune homme affili\u00e9 \u00e0 Renaissance qui se voit d\u00e9j\u00e0 maire de Schiltigheim en 2026<\/a> , et <a href=\"https:\/\/www.dna.fr\/politique\/2021\/03\/13\/schiltigheim-le-tram-n-est-pas-la-solution\" target=\"_blank\" rel=\"nofollow noopener\">H\u00e9l\u00e8ne Hollederer<\/a> , conseill\u00e8re municipale d\u2019opposition dans la m\u00eame ville, ont r\u00e9agi dans un communiqu\u00e9 <a href=\"https:\/\/www.dna.fr\/economie\/2025\/10\/07\/la-convention-sur-le-tram-nord-defend-un-trace-via-le-site-heineken\" target=\"_blank\" rel=\"nofollow noopener\">\u00e0 notre article sur la Convention citoyenne<\/a>.<\/p>\n<p>\u00ab\u00a0Ledit article confirme que la Convention citoyenne soutient le passage du tram nord par <a href=\"https:\/\/www.dna.fr\/economie\/2025\/10\/09\/site-heineken-une-mesure-pour-couper-les-appetits-speculatifs\" target=\"_blank\" rel=\"nofollow noopener\">la friche Heineken<\/a>. Une convention citoyenne \u00e0 500\u00a0000\u00a0euros d\u2019argent public d\u00e9pens\u00e9s en plus des pr\u00e8s de 20\u00a0millions d\u00e9j\u00e0 investis pour cr\u00e9er le funeste projet de tram nord, pour en arriver \u00e0 une conclusion que nous d\u00e9fendions d\u00e9j\u00e0 [\u2026] depuis le d\u00e9but.<\/p>\n<p>\u00c0 l\u2019\u00e9poque, notre proposition avait \u00e9t\u00e9 \u00e9cart\u00e9e sans concertation. Nous avions \u00e9t\u00e9 mis de c\u00f4t\u00e9, discr\u00e9dit\u00e9s, simplement parce que nous affirmions que ce trac\u00e9 \u00e9tait r\u00e9aliste et faisable. La majorit\u00e9 actuelle n\u2019a d\u00e9sormais plus le temps pour relancer ce projet avant la fin du mandat. C\u2019est donc \u00e0 la prochaine \u00e9quipe municipale qu\u2019il reviendra de s\u2019en saisir, de le faire avancer et de ne pas r\u00e9p\u00e9ter les erreurs du pass\u00e9.<\/p>\n<p>Nous n\u2019oublierons pas la mani\u00e8re dont cette premi\u00e8re phase du projet a \u00e9t\u00e9 conduite. Et il ne faudra pas l\u2019oublier non plus au moment de voter en mars\u00a02026. Nous restons pleinement disponibles pour contribuer, dans un esprit de dialogue et de responsabilit\u00e9, \u00e0 une d\u00e9marche constructive autour de ce projet structurant. \u00bb<\/p>\n","protected":false},"excerpt":{"rendered":"Guillaume Weixler, le jeune homme affili\u00e9 \u00e0 Renaissance qui se voit d\u00e9j\u00e0 maire de Schiltigheim en 2026 ,&hellip;\n","protected":false},"author":2,"featured_media":450187,"comment_status":"","ping_status":"","sticky":false,"template":"","format":"standard","meta":{"footnotes":""},"categories":[2820],"tags":[1111,11,33,2880,1777,674,107,1011,27,775,12,25,5512,640,2879,2803],"class_list":{"0":"post-450186","1":"post","2":"type-post","3":"status-publish","4":"format-standard","5":"has-post-thumbnail","7":"category-strasbourg","8":"tag-actu","9":"tag-actualites","10":"tag-economie","11":"tag-edition-strasbourg","12":"tag-eu","13":"tag-europe","14":"tag-fil-info","15":"tag-fr","16":"tag-france","17":"tag-grand-est","18":"tag-news","19":"tag-republique-francaise","20":"tag-schiltigheim","21":"tag-strasbourg","22":"tag-strasbourg-ville","23":"tag-transport"},"share_on_mastodon":{"url":"https:\/\/pubeurope.com\/@fr\/115344640745433464","error":""},"_links":{"self":[{"href":"https:\/\/www.europesays.com\/fr\/wp-json\/wp\/v2\/posts\/450186","targetHints":{"allow":["GET"]}}],"collection":[{"href":"https:\/\/www.europesays.com\/fr\/wp-json\/wp\/v2\/posts"}],"about":[{"href":"https:\/\/www.europesays.com\/fr\/wp-json\/wp\/v2\/types\/post"}],"author":[{"embeddable":true,"href":"https:\/\/www.europesays.com\/fr\/wp-json\/wp\/v2\/users\/2"}],"replies":[{"embeddable":true,"href":"https:\/\/www.europesays.com\/fr\/wp-json\/wp\/v2\/comments?post=450186"}],"version-history":[{"count":0,"href":"https:\/\/www.europesays.com\/fr\/wp-json\/wp\/v2\/posts\/450186\/revisions"}],"wp:featuredmedia":[{"embeddable":true,"href":"https:\/\/www.europesays.com\/fr\/wp-json\/wp\/v2\/media\/450187"}],"wp:attachment":[{"href":"https:\/\/www.europesays.com\/fr\/wp-json\/wp\/v2\/media?parent=450186"}],"wp:term":[{"taxonomy":"category","embeddable":true,"href":"https:\/\/www.europesays.com\/fr\/wp-json\/wp\/v2\/categories?post=450186"},{"taxonomy":"post_tag","embeddable":true,"href":"https:\/\/www.europesays.com\/fr\/wp-json\/wp\/v2\/tags?post=450186"}],"curies":[{"name":"wp","href":"https:\/\/api.w.org\/{rel}","templated":true}]}}