{"id":450188,"date":"2025-10-09T14:18:10","date_gmt":"2025-10-09T14:18:10","guid":{"rendered":"https:\/\/www.europesays.com\/fr\/450188\/"},"modified":"2025-10-09T14:18:10","modified_gmt":"2025-10-09T14:18:10","slug":"strasbourg-cette-piste-cyclable-est-jugee-trop-large-par-rapport-aux-besoins-cest-carrement-un-boulevard","status":"publish","type":"post","link":"https:\/\/www.europesays.com\/fr\/450188\/","title":{"rendered":"Strasbourg. Cette piste cyclable est jug\u00e9e trop large par rapport aux besoins : \u00ab\u00a0C&rsquo;est carr\u00e9ment un boulevard\u00a0\u00bb"},"content":{"rendered":"<p>            Par<br \/>\n        <strong><br \/>\n            <a href=\"https:\/\/actu.fr\/auteur\/ivan-capecchi\" title=\"Consulter tous les articles de Ivan CAPECCHI\" target=\"_blank\" rel=\"noopener\">Ivan CAPECCHI<\/a><br \/>\n        <\/strong><\/p>\n<p>        Publi\u00e9 le<\/p>\n<p>            9 oct. 2025 \u00e0 15h57        <\/p>\n<p>\u00c0 Strasbourg, la <a href=\"https:\/\/www.strasbourg.eu\/chantier-colmarienne\" target=\"_blank\" rel=\"noopener\">\u00ab\u2009Colmarienne\u2009\u00bb<\/a>, future grande <strong>piste cyclable<\/strong> reliant le centre-ville au Baggersee, divise, tant sur les <a href=\"https:\/\/actu.fr\/tag\/reseaux-sociaux\" target=\"_blank\" rel=\"noopener\">r\u00e9seaux sociaux<\/a> que sur le terrain. Si certains saluent un <strong>projet structurant pour les mobilit\u00e9s douces<\/strong> \u2013 vital, m\u00eame, alors que l\u2019avenue de Colmar fut le th\u00e9\u00e2tre de <strong>deux accidents mortels<\/strong> ces derni\u00e8res ann\u00e9es \u2013 d\u2019autres y voient <strong>un projet disproportionn\u00e9 par rapport aux besoins<\/strong>, et laissant trop peu de place aux automobilistes.<\/p>\n<p>La Colmarienne \u00e0 v\u00e9lo jug\u00e9e comme prenant trop de place par certains<\/p>\n<p class=\" wall-content\">\u00ab<strong>\u2009C\u2019est disproportionn\u00e9 comme projet\u2009\u00bb<\/strong>, t\u00e9moigne ainsi Ana\u00efs, qui travaille le long de l\u2019avenue de Colmar.<\/p>\n<p class=\" wall-content\">\u00ab\u2009C\u2019est comme la <a href=\"https:\/\/actu.fr\/grand-est\/strasbourg_67482\/un-fiasco-la-mairie-de-strasbourg-contrainte-de-revoir-en-urgence-l-amenagement-de-la-rue-melanie_62682726.html\" target=\"_blank\" rel=\"noopener\">rue M\u00e9lanie<\/a> [o\u00f9 la Ville a d\u00fb faire des travaux correctifs peu de temps apr\u00e8s l\u2019inauguration d\u2019une piste cyclable causant des bouchons, NDLR]\u2009: on est en train de faire une double voie cyclable, c\u2019est tr\u00e8s bien, <strong>mais c\u2019est carr\u00e9ment un boulevard en fait<\/strong>. Je veux bien partager la voie,<strong> mais il faut rester coh\u00e9rent et ne pas oublier les automobilistes<\/strong>\u2009\u00bb, ajoute-t-elle.<\/p>\n<p>Une piste cyclable bidirectionnelle de pr\u00e8s de 4\u00a0km<\/p>\n<p class=\" wall-content\">La \u00ab\u2009Colmarienne\u2009\u00bb est une <strong>piste cyclable bidirectionnelle<\/strong> qui doit relier d\u2019ici la<strong> mi-novembre\u00a02025 le Nouvel H\u00f4pital civil au Baggersee sur pr\u00e8s de 4\u00a0km<\/strong>, en suivant l\u2019avenue de Colmar et la route de l\u2019H\u00f4pital.<\/p>\n<p class=\" wall-content\">Pour cr\u00e9er cet itin\u00e9raire, <strong>une voie automobile est supprim\u00e9e<\/strong>. Ludivine, 25\u00a0ans, est favorable \u00e0 cet am\u00e9nagement, mais elle se dit soucieuse du sort des automobilistes\u2009: \u00ab\u2009La piste cyclable, c\u2019est utile, mais de l\u00e0 \u00e0 supprimer une voie\u2026 Personnellement, \u00e7a me va car je suis cycliste mais je ne trouve pas \u00e7a pratique pour les autres\u2026\u2009\u00bb.<\/p>\n<p>Des embouteillages caus\u00e9s par les travaux<\/p>\n<p class=\" wall-content\">\u00ab\u2009Je comprends l\u2019int\u00e9r\u00eat de cette piste cyclable, <strong>mais c\u2019est trop gros, c\u2019est \u00e9norme<\/strong>\u2009\u00bb, estime pour sa part Mohammed, un commer\u00e7ant du secteur.<\/p>\n<p>Votre r\u00e9gion, votre actu !<\/p>\n<p>Recevez chaque jour les infos qui comptent pour vous.<\/p>\n<p>\t<a href=\"https:\/\/actu.fr\/newsletter\" class=\"ac-btn ac-btn--corner ac-btn--medium ac-btn--blue800\" target=\"_blank\" rel=\"noopener\">S&rsquo;incrire<\/a><\/p>\n<p class=\" wall-content\">Pour ce dernier, les <a href=\"https:\/\/actu.fr\/tag\/travaux\" target=\"_blank\" rel=\"noopener\">travaux<\/a> tra\u00eenent trop. Il faut dire que la d\u00e9couverte d\u2019un probl\u00e8me sur le <a href=\"https:\/\/actu.fr\/grand-est\/strasbourg_67482\/reseaux-de-chaleur-a-strasbourg-un-enorme-chantier-de-plusieurs-annees-va-bientot-demarrer_63230419.html\" target=\"_blank\" rel=\"noopener\">r\u00e9seau de chaleur<\/a> qui passe au m\u00eame endroit que la piste les a <strong>retard\u00e9s<\/strong>. \u00ab\u2009C\u2019est une catastrophe,<strong> les gens sont en gal\u00e8re<\/strong>\u2026\u2009\u00bb, se d\u00e9sole Mohammed, qui n\u2019en peut plus de \u00ab\u2009devoir faire des d\u00e9tours partout\u2009\u00bb. \u00ab\u2009Il n\u2019y avait pas d\u2019urgence \u00e0 cr\u00e9er cette piste cyclable et \u00e0 ajouter des travaux [\u00e0 ceux qui existent d\u00e9j\u00e0 ailleurs]. L\u2019accumulation des travaux cr\u00e9e une <strong>accumulation d\u2019embouteillages<\/strong>. J\u2019habite \u00e0 Lingolsheim et <strong>je mets plus de 50\u00a0minutes \u00e0 venir le matin<\/strong>, l\u00e0 o\u00f9 je mettais moins de 20\u00a0minutes avant\u2009\u00bb, enfonce Pierre, qui travaille \u00e9galement dans le secteur.<\/p>\n<p class=\" wall-content\">Lors d\u2019une r\u00e9cente conf\u00e9rence de presse, Jeanne Barseghian, maire de Strasbourg, a promis que <a href=\"https:\/\/actu.fr\/grand-est\/strasbourg_67482\/strasbourg-la-maire-promet-que-tous-les-gros-chantiers-de-la-ville-seront-finis-avant-le-marche-de-noel-2025_63205348.html\" target=\"_blank\" rel=\"noopener\">tous les gros chantiers de la ville seraient termin\u00e9s<\/a> d\u2019ici le <a href=\"https:\/\/actu.fr\/grand-est\/strasbourg_67482\/strasbourg-les-dates-du-marche-de-noel-2025-sont-connues_62710676.html\" target=\"_blank\" rel=\"noopener\">march\u00e9 de No\u00ebl 2025<\/a>, soit le <strong>26\u00a0novembre prochain<\/strong>.<\/p>\n<p>\u00ab\u2009On l\u2019attendait depuis longtemps\u2009\u00bb<\/p>\n<p class=\" wall-content\">Parmi les personnes interrog\u00e9es, seule Isabelle affiche un soutien franc et massif au projet\u2009: \u00ab<strong>\u2009C\u2019est super, on l\u2019attendait depuis longtemps<\/strong>, c\u2019est un axe qui \u00e9tait tr\u00e8s accidentog\u00e8ne pour les cyclistes jusqu\u2019\u00e0 pr\u00e9sent\u2009\u00bb. \u00ab\u2009\u00c9videmment, la g\u00eane des travaux, on la subit mais <strong>on est content du b\u00e9n\u00e9fice \u00e0 terme<\/strong>\u2009\u00bb, compl\u00e8te-t-elle.<\/p>\n<p class=\" wall-content\">De son c\u00f4t\u00e9, l\u2019Eurom\u00e9tropole de Strasbourg voit dans la Colmarienne un moyen de<strong> cr\u00e9er un axe cyclable continu et s\u00e9curis\u00e9 entre le centre et le sud de la ville<\/strong>, tout en<strong> apaisant la circulation sur l\u2019avenue de Colmar et la route de l\u2019H\u00f4pital<\/strong>. Le projet doit aussi contribuer \u00e0 <strong>r\u00e9duire la pollution de l\u2019air et le bruit<\/strong>, \u00e0 <strong>am\u00e9liorer l\u2019acc\u00e8s \u00e0 v\u00e9lo aux commerces et entreprises<\/strong>, \u00e0 <strong>renforcer le stationnement cyclable<\/strong> et \u00e0<strong> rendre d\u00e9finitivement les trottoirs aux pi\u00e9tons<\/strong>.<\/p>\n<p class=\" wall-content\">Personnalisez votre actualit\u00e9 en ajoutant vos villes et m\u00e9dias en favori avec <a href=\"https:\/\/moncompte.actu.fr\" title=\"D\u00e9couvez Mon Actu\" rel=\"nofollow noopener\" data-trk=\"{&quot;cta&quot;:{&quot;action&quot;:&quot;https:\\\/\\\/moncompte.actu.fr&quot;,&quot;category&quot;:&quot;mon compte&quot;,&quot;from&quot;:&quot;article footer&quot;,&quot;name&quot;:&quot;Mon actu&quot;,&quot;type&quot;:&quot;cta&quot;}}\" target=\"_blank\">Mon Actu<\/a>.<\/p>\n","protected":false},"excerpt":{"rendered":"Par Ivan CAPECCHI Publi\u00e9 le 9 oct. 2025 \u00e0 15h57 \u00c0 Strasbourg, la \u00ab\u2009Colmarienne\u2009\u00bb, future grande piste cyclable&hellip;\n","protected":false},"author":2,"featured_media":450189,"comment_status":"","ping_status":"","sticky":false,"template":"","format":"standard","meta":{"footnotes":""},"categories":[2820],"tags":[1111,11,1777,674,1011,27,775,12,4798,25,104,640,2086,208],"class_list":{"0":"post-450188","1":"post","2":"type-post","3":"status-publish","4":"format-standard","5":"has-post-thumbnail","7":"category-strasbourg","8":"tag-actu","9":"tag-actualites","10":"tag-eu","11":"tag-europe","12":"tag-fr","13":"tag-france","14":"tag-grand-est","15":"tag-news","16":"tag-pistes-cyclables","17":"tag-republique-francaise","18":"tag-societe","19":"tag-strasbourg","20":"tag-travaux","21":"tag-velo"},"share_on_mastodon":{"url":"","error":""},"_links":{"self":[{"href":"https:\/\/www.europesays.com\/fr\/wp-json\/wp\/v2\/posts\/450188","targetHints":{"allow":["GET"]}}],"collection":[{"href":"https:\/\/www.europesays.com\/fr\/wp-json\/wp\/v2\/posts"}],"about":[{"href":"https:\/\/www.europesays.com\/fr\/wp-json\/wp\/v2\/types\/post"}],"author":[{"embeddable":true,"href":"https:\/\/www.europesays.com\/fr\/wp-json\/wp\/v2\/users\/2"}],"replies":[{"embeddable":true,"href":"https:\/\/www.europesays.com\/fr\/wp-json\/wp\/v2\/comments?post=450188"}],"version-history":[{"count":0,"href":"https:\/\/www.europesays.com\/fr\/wp-json\/wp\/v2\/posts\/450188\/revisions"}],"wp:featuredmedia":[{"embeddable":true,"href":"https:\/\/www.europesays.com\/fr\/wp-json\/wp\/v2\/media\/450189"}],"wp:attachment":[{"href":"https:\/\/www.europesays.com\/fr\/wp-json\/wp\/v2\/media?parent=450188"}],"wp:term":[{"taxonomy":"category","embeddable":true,"href":"https:\/\/www.europesays.com\/fr\/wp-json\/wp\/v2\/categories?post=450188"},{"taxonomy":"post_tag","embeddable":true,"href":"https:\/\/www.europesays.com\/fr\/wp-json\/wp\/v2\/tags?post=450188"}],"curies":[{"name":"wp","href":"https:\/\/api.w.org\/{rel}","templated":true}]}}