{"id":450196,"date":"2025-10-09T14:22:10","date_gmt":"2025-10-09T14:22:10","guid":{"rendered":"https:\/\/www.europesays.com\/fr\/450196\/"},"modified":"2025-10-09T14:22:10","modified_gmt":"2025-10-09T14:22:10","slug":"une-course-de-caisses-a-savon-uniquement-pour-les-enfants-se-prepare-en-2026-pres-de-nantes","status":"publish","type":"post","link":"https:\/\/www.europesays.com\/fr\/450196\/","title":{"rendered":"Une course de caisses \u00e0 savon uniquement pour les enfants se pr\u00e9pare en 2026 pr\u00e8s de Nantes"},"content":{"rendered":"<p>            Par<br \/>\n        <strong><br \/>\n            <a href=\"https:\/\/actu.fr\/auteur\/journaliste-sm\" title=\"Consulter tous les articles de R\u00e9daction Clisson\" target=\"_blank\" rel=\"noopener\">R\u00e9daction Clisson<\/a><br \/>\n        <\/strong><\/p>\n<p>        Publi\u00e9 le<\/p>\n<p>            9 oct. 2025 \u00e0 16h13        <\/p>\n<p>Les enfants pourront aussi d\u00e9ambuler dans la descente menant vers le site du Perthuis-Churin,<b> \u00e0 Barbechat <\/b>(commune d\u00e9l\u00e9gu\u00e9e de <a href=\"https:\/\/actu.fr\/pays-de-la-loire\/divatte-sur-loire_44029\" target=\"_blank\" rel=\"noopener\">Divatte-sur-Loire<\/a>, pr\u00e8s de Nantes) \u00e0 l\u2019occasion des cinq ans de la <a href=\"https:\/\/lescaissesasavondivattaises.com\/\" target=\"_blank\" rel=\"noopener\">Course de caisses \u00e0 savon divattaises<\/a>.<\/p>\n<p>Pour les pilotes de 12 \u00e0 16 ans<\/p>\n<p class=\" wall-content\">L\u2019\u00e9dition 2026 s\u2019ouvre en effet<b> aux pilotes \u00e2g\u00e9s de 12 \u00e0 16\u00a0ans<\/b> qui pourront participer \u00e0 la c\u00e9l\u00e8bre course d\u00e9jant\u00e9e dans une ambiance garantie : d\u00e9guisements, speaker et \u00e9cran g\u00e9ant au programme !<\/p>\n<p class=\" wall-content\">Quinze \u00e9quipages peuvent s\u2019inscrire (contre 30 chez les adultes). Chacun sera <b>compos\u00e9 de trois personnes<\/b> (un pilote et deux pousseurs).<\/p>\n<p>Freins avant et arri\u00e8re obligatoires<\/p>\n<p class=\" wall-content\">L\u2019organisation adapte le r\u00e8glement aux pilotes en herbe : freins avant et arri\u00e8re pour les bolides (alors que le choix est laiss\u00e9 \u00e0 la d\u00e9cision des constructeurs sur les caisses \u00e0 savon adulte), <b>descente de 600\u00a0m\u00e8tres<\/b> (contre 800\u00a0m\u00e8tres pour les grands) et 15 v\u00e9hicules en course (30 pour les adultes).<\/p>\n<p class=\" wall-content\">Mais les jeunes conducteurs auront \u00e0 <b>relever les m\u00eames d\u00e9fis que leurs a\u00een\u00e9s<\/b>, avec des obstacles similaires. Et comme eux, ils devront soumettre leurs bolides au contr\u00f4le technique et disposeront de stands pour les pr\u00e9senter aux festivaliers.<\/p>\n<p>Vid\u00e9os : en ce moment sur Actu<\/p>\n<p class=\" wall-content\">Pour tous,<b> la s\u00e9curit\u00e9 est renforc\u00e9e. <\/b><\/p>\n<blockquote class=\"ac-article-quote wall-content\">\n<p>Il y aura beaucoup plus de pneus et de paille le long du parcours. Car les caisses \u00e0 savon sont de plus en plus performantes et les pilotes osent plus de choses. La course pour les jeunes est donc l\u2019occasion d\u2019am\u00e9liorer la s\u00fbret\u00e9 de la descente pour tous.<\/p>\n<p>Julie Assailly, responsable \u00e9v\u00e8nementiel<\/p><\/blockquote>\n<p>Votre r\u00e9gion, votre actu !<\/p>\n<p>Recevez chaque jour les infos qui comptent pour vous.<\/p>\n<p>\t<a href=\"https:\/\/actu.fr\/newsletter\" class=\"ac-btn ac-btn--corner ac-btn--medium ac-btn--blue800\" target=\"_blank\" rel=\"noopener\">S&rsquo;incrire<\/a><br \/>\nLe 6 juin de 10 h \u00e0 12 h<\/p>\n<p class=\" wall-content\">La course pour les \u00ab kids \u00bb se d\u00e9roulera le 6\u00a0juin de 10 h \u00e0 12 h. Le vainqueur recevra un troph\u00e9e et aura l\u2019honneur de remettre la coupe au gagnant de la descente adulte l\u2019apr\u00e8s-midi.<\/p>\n<p class=\" wall-content\">Alors avis aux <b>apprentis ing\u00e9nieurs et jeunes pilotes hardis<\/b>, les inscriptions sont ouvertes. Elles le sont \u00e9galement aux pilotes adultes (\u00e0 partir de 16\u00a0ans).<\/p>\n<p>Billetterie des coureurs adultes et kids : \u00e9curie adulte 1 pilote et deux pousseurs 38,99\u00a0\u20ac, \u00e9curie adulte 2 pilotes et deux pousseurs 48,99\u00a0\u20ac, \u00e9curie kids (enfant de 12 \u00e0 16\u00a0ans) 1 pilote et 2 pousseurs 24,99\u00a0\u20ac. Site : lescaissesasavondivattaises.comBilletterie des festivaliers : course 6,99\u00a0\u20ac, course +\u00a0festival 32,99\u00a0\u20ac (gratuit pour les moins de 12\u00a0ans).<\/p>\n<p class=\" wall-content\">Personnalisez votre actualit\u00e9 en ajoutant vos villes et m\u00e9dias en favori avec <a href=\"https:\/\/moncompte.actu.fr\" title=\"D\u00e9couvez Mon Actu\" rel=\"nofollow noopener\" data-trk=\"{&quot;cta&quot;:{&quot;action&quot;:&quot;https:\\\/\\\/moncompte.actu.fr&quot;,&quot;category&quot;:&quot;mon compte&quot;,&quot;from&quot;:&quot;article footer&quot;,&quot;name&quot;:&quot;Mon actu&quot;,&quot;type&quot;:&quot;cta&quot;}}\" target=\"_blank\">Mon Actu<\/a>.<\/p>\n","protected":false},"excerpt":{"rendered":"Par R\u00e9daction Clisson Publi\u00e9 le 9 oct. 2025 \u00e0 16h13 Les enfants pourront aussi d\u00e9ambuler dans la descente&hellip;\n","protected":false},"author":2,"featured_media":450197,"comment_status":"","ping_status":"","sticky":false,"template":"","format":"standard","meta":{"footnotes":""},"categories":[2818],"tags":[1111,11,1777,674,1011,27,1652,766,12,2636,25,2900],"class_list":{"0":"post-450196","1":"post","2":"type-post","3":"status-publish","4":"format-standard","5":"has-post-thumbnail","7":"category-nantes","8":"tag-actu","9":"tag-actualites","10":"tag-eu","11":"tag-europe","12":"tag-fr","13":"tag-france","14":"tag-loisirs-culture","15":"tag-nantes","16":"tag-news","17":"tag-pays-de-la-loire","18":"tag-republique-francaise","19":"tag-vignoble-nantais"},"share_on_mastodon":{"url":"https:\/\/pubeurope.com\/@fr\/115344660552299856","error":""},"_links":{"self":[{"href":"https:\/\/www.europesays.com\/fr\/wp-json\/wp\/v2\/posts\/450196","targetHints":{"allow":["GET"]}}],"collection":[{"href":"https:\/\/www.europesays.com\/fr\/wp-json\/wp\/v2\/posts"}],"about":[{"href":"https:\/\/www.europesays.com\/fr\/wp-json\/wp\/v2\/types\/post"}],"author":[{"embeddable":true,"href":"https:\/\/www.europesays.com\/fr\/wp-json\/wp\/v2\/users\/2"}],"replies":[{"embeddable":true,"href":"https:\/\/www.europesays.com\/fr\/wp-json\/wp\/v2\/comments?post=450196"}],"version-history":[{"count":0,"href":"https:\/\/www.europesays.com\/fr\/wp-json\/wp\/v2\/posts\/450196\/revisions"}],"wp:featuredmedia":[{"embeddable":true,"href":"https:\/\/www.europesays.com\/fr\/wp-json\/wp\/v2\/media\/450197"}],"wp:attachment":[{"href":"https:\/\/www.europesays.com\/fr\/wp-json\/wp\/v2\/media?parent=450196"}],"wp:term":[{"taxonomy":"category","embeddable":true,"href":"https:\/\/www.europesays.com\/fr\/wp-json\/wp\/v2\/categories?post=450196"},{"taxonomy":"post_tag","embeddable":true,"href":"https:\/\/www.europesays.com\/fr\/wp-json\/wp\/v2\/tags?post=450196"}],"curies":[{"name":"wp","href":"https:\/\/api.w.org\/{rel}","templated":true}]}}