{"id":450206,"date":"2025-10-09T14:27:12","date_gmt":"2025-10-09T14:27:12","guid":{"rendered":"https:\/\/www.europesays.com\/fr\/450206\/"},"modified":"2025-10-09T14:27:12","modified_gmt":"2025-10-09T14:27:12","slug":"roubaix-swarovski-un-resto-une-pharmacie-juge-pour-des-vols-avec-effraction-il-part-en-prison","status":"publish","type":"post","link":"https:\/\/www.europesays.com\/fr\/450206\/","title":{"rendered":"Roubaix. Swarovski, un resto, une pharmacie\u2026 jug\u00e9 pour des vols avec effraction, il part en prison"},"content":{"rendered":"<p>            Par<br \/>\n        <strong><br \/>\n            <a href=\"https:\/\/actu.fr\/auteur\/margot-nicodeme\" title=\"Consulter tous les articles de Margot Nicod\u00e8me\" rel=\"nofollow noopener\" target=\"_blank\">Margot Nicod\u00e8me<\/a><br \/>\n        <\/strong><\/p>\n<p>        Publi\u00e9 le<\/p>\n<p>            9 oct. 2025 \u00e0 12h00        <\/p>\n<p>Au tribunal correctionnel de <a href=\"https:\/\/actu.fr\/hauts-de-france\/lille_59350\" rel=\"nofollow noopener\" target=\"_blank\">Lille<\/a> (Nord), il n\u2019a fait que <b>minimiser ses actes<\/b>\u2009: il a bien lev\u00e9 des rideaux m\u00e9talliques, il a bien ouvert des portes, tout \u00e7a en pleine nuit, mais il n\u2019est jamais vraiment entr\u00e9 dans les commerces et entreprises pour les cambrioler. Pourtant, <b>cet homme, reconnu travailleur <a href=\"https:\/\/actu.fr\/hauts-de-france\/lille_59350\/se-garer-sur-une-place-pour-handicapes-peut-couter-tres-cher-a-lille-ces-contrevenants-peuvent-en-temoigner_63242237.html\" rel=\"nofollow noopener\" target=\"_blank\">handicap\u00e9<\/a><\/b>, \u00e9tait bien jug\u00e9 ce mardi 7\u00a0octobre pour <b>quatre faits de vol par effraction<\/b> entre le 18\u00a0avril et le lundi 6\u00a0octobre 2025, dont le dernier s\u2019est pass\u00e9 dans une bijouterie <a href=\"https:\/\/actu.fr\/hauts-de-france\/roubaix_59512\/roubaix-une-grande-marque-francaise-ouvre-sa-boutique-a-mcarthurglen_63169065.html\" rel=\"nofollow noopener\" target=\"_blank\">du centre outlet McArthurGlen<\/a> \u00e0 <a href=\"https:\/\/actu.fr\/hauts-de-france\/roubaix_59512\" rel=\"nofollow noopener\" target=\"_blank\">Roubaix<\/a> (Nord). Pour une intrusion sur un chantier, o\u00f9 il a tent\u00e9 de revendre \u00e0 un automobiliste au hasard les caisses \u00e0 outils fra\u00eechement d\u00e9rob\u00e9es, il comparaissait avec un complice. Prison ferme pour les deux.<\/p>\n<p>Il soul\u00e8ve le rideau du restaurant, dit que la porte est ouverte mais pr\u00e9cise n\u2019\u00eatre pas entr\u00e9<\/p>\n<p class=\" wall-content\">Avec une trentaine de mentions \u00e0 son casier judiciaire, principalement pour des vols et vols avec violences, le pr\u00e9venu de 48\u00a0ans a un impressionnant parcours de d\u00e9linquance. Addict \u00e0 la coca\u00efne, on lui donnerait facilement 10 \u00e0 15\u00a0ans de plus. Depuis 2015, il est reconnu travailleur handicap\u00e9 et n\u2019a plus jamais eu d\u2019emploi.<\/p>\n<p class=\" wall-content\">En 2025, il a multipli\u00e9 les vols par effraction \u00e0 Roubaix\u2009:<b> <\/b>dans<b> un restaurant en avril<\/b>, dans <b>une pharmacie en ao\u00fbt<\/b>, dans <b>une entreprise de construction install\u00e9e sur un chantier<\/b> le 5\u00a0octobre et enfin, <a href=\"https:\/\/actu.fr\/hauts-de-france\/roubaix_59512\/roubaix-il-sort-du-commissariat-et-se-fait-surprendre-a-voler-dans-une-bijouterie-du-centre-mcarthurglen_63265479.html\" rel=\"nofollow noopener\" target=\"_blank\">dans <b>une bijouterie Swarovski<\/b> le 6\u00a0octobre<\/a>, 3\u00a0heures \u00e0 peine apr\u00e8s s\u2019\u00eatre fait interpeller sur le chantier. Remis en libert\u00e9 car son \u00e9tat de sant\u00e9 n\u2019a pas \u00e9t\u00e9 jug\u00e9 compatible avec la garde \u00e0 vue, il s\u2019est empress\u00e9 d\u2019aller \u00e0 McArthurGlen dans le but de cambrioler l\u2019enseigne. Seconde visite au commissariat de Roubaix dans la m\u00eame nuit, avec son audience le lendemain, le 7\u00a0octobre.<\/p>\n<p class=\" wall-content\">La pr\u00e9sidente du tribunal reprend les d\u00e9lits dans l\u2019ordre.<\/p>\n<p class=\" wall-content\">Le 18\u00a0avril dernier, l\u2019individu s\u2019introduit dans un restaurant peu avant 1\u2009h. Il a pour cela cass\u00e9 un volet. 55\u00a0\u20ac sont vol\u00e9s dans la caisse cette nuit-l\u00e0\u2009; la vid\u00e9osurveillance permet de retrouver rapidement l\u2019auteur, le pr\u00e9venu, qui transporte un couteau \u00e0 cran d\u2019arr\u00eat. Au tribunal, 6\u00a0mois plus tard, il affirme \u00ab\u2009n\u2019avoir rien \u00e0 voir avec le vol\u2009\u00bb. Il reconna\u00eet toutefois \u00ab\u2009avoir soulev\u00e9 le rideau [du restaurant]. Mais la porte n\u2019\u00e9tait pas ferm\u00e9e, et je ne suis pas entr\u00e9 \u00e0 l\u2019int\u00e9rieur.\u2009\u00bb <b>Une ligne de d\u00e9fense qui pose question<\/b>.<\/p>\n<p>Tout juste sorti de garde \u00e0 vue, il commet \u00e0 nouveau un vol avec effraction chez Swarovski<\/p>\n<p class=\" wall-content\"><b>M\u00eame topo, dans une pharmacie roubaisienne<\/b> le 15\u00a0ao\u00fbt dernier. Avec un complice \u2013 pas celui qui est jug\u00e9 \u00e0 ses c\u00f4t\u00e9s ce 6\u00a0octobre \u2013 il p\u00e9n\u00e8tre dans le commerce \u00e0 1\u2009h\u200915, et vole notamment 8 bouteilles de lait prot\u00e9in\u00e9, du riz-au-lait, des bo\u00eetes de vitamines\u2026 Pour un pr\u00e9judice d\u2019environ 50\u00a0\u20ac. Le pr\u00e9venu avait la veille vol\u00e9 les cl\u00e9s de la pharmacie sur le comptoir, et y \u00e9tait retourn\u00e9 \u00e0 l\u2019abri des regards.<\/p>\n<p>Votre r\u00e9gion, votre actu !<\/p>\n<p>Recevez chaque jour les infos qui comptent pour vous.<\/p>\n<p>\t<a href=\"https:\/\/actu.fr\/newsletter\" class=\"ac-btn ac-btn--corner ac-btn--medium ac-btn--blue800\" rel=\"nofollow noopener\" target=\"_blank\">S&rsquo;incrire<\/a><\/p>\n<p class=\" wall-content\"><b>Derni\u00e8re nuit de d\u00e9lits \u00e0 son actif<\/b>, les 5 et 6\u00a0octobre derniers. \u00c0 23\u2009h\u200955, il p\u00e9n\u00e8tre avec son complice jug\u00e9 \u00e0 ses c\u00f4t\u00e9s cette fois <b>sur un chantier<\/b>. Les deux cassent un volet, d\u00e9gradent des fen\u00eatres de plusieurs bungalows occup\u00e9s par une soci\u00e9t\u00e9 de construction. Ils repartent avec deux caisses \u00e0 outils, une perceuse\u2026 qu\u2019ils tentent de revendre imm\u00e9diatement. En effet, ils vont en pleine nuit arr\u00eater un automobiliste qui passait l\u00e0 par hasard, et vont lui proposer le tout \u00ab\u2009pour 400 \u2013 500\u00a0\u20ac\u00bb, est-il racont\u00e9 au tribunal.<\/p>\n<p class=\" wall-content\">Arr\u00eat\u00e9s par la police municipale, les deux hommes sont conduits au commissariat de Roubaix. Seulement, le principal int\u00e9ress\u00e9 de 48\u00a0ans est reconnu inapte \u00e0 subir une garde \u00e0 vue, et est remis en libert\u00e9. Il retrouve vraisemblablement de sa vigueur, puisque la m\u00eame nuit, vers 4\u2009h, il cambriole la bijouterie Swarovski de McArthurGlen. Il fait c\u00e9der la porte \u00e0 coups de \u00ab\u2009grands coups de pied\u2009\u00bb, comme le r\u00e9v\u00e8le la vid\u00e9osurveillance des lieux. 200\u00a0\u20ac et un ordinateur portable sont emport\u00e9s.<\/p>\n<p class=\" wall-content\">Il implore le tribunal de ne pas l\u2019envoyer en prison, de peur de perdre son appartement. Son complice, seulement poursuivi pour le vol sur le chantier, est lui aussi un toxicomane. Ce dernier est condamn\u00e9 \u00e0 6\u00a0mois de prison ferme, avec mandat de d\u00e9p\u00f4t.<\/p>\n<p class=\" wall-content\">Le quadrag\u00e9naire impliqu\u00e9 dans les quatre vols par effraction, lui, \u00e9cope de 12\u00a0mois de prison ferme, avec mandat de d\u00e9p\u00f4t \u00e9galement.<\/p>\n<p class=\" wall-content\">Personnalisez votre actualit\u00e9 en ajoutant vos villes et m\u00e9dias en favori avec <a href=\"https:\/\/moncompte.actu.fr\" title=\"D\u00e9couvez Mon Actu\" rel=\"nofollow noopener\" data-trk=\"{&quot;cta&quot;:{&quot;action&quot;:&quot;https:\\\/\\\/moncompte.actu.fr&quot;,&quot;category&quot;:&quot;mon compte&quot;,&quot;from&quot;:&quot;article footer&quot;,&quot;name&quot;:&quot;Mon actu&quot;,&quot;type&quot;:&quot;cta&quot;}}\" target=\"_blank\">Mon Actu<\/a>.<\/p>\n","protected":false},"excerpt":{"rendered":"Par Margot Nicod\u00e8me Publi\u00e9 le 9 oct. 2025 \u00e0 12h00 Au tribunal correctionnel de Lille (Nord), il n\u2019a&hellip;\n","protected":false},"author":2,"featured_media":450207,"comment_status":"","ping_status":"","sticky":false,"template":"","format":"standard","meta":{"footnotes":""},"categories":[2815],"tags":[1111,11,1174,1777,674,118,1011,27,811,303,1307,34684,12,25],"class_list":{"0":"post-450206","1":"post","2":"type-post","3":"status-publish","4":"format-standard","5":"has-post-thumbnail","7":"category-lille","8":"tag-actu","9":"tag-actualites","10":"tag-cambriolage","11":"tag-eu","12":"tag-europe","13":"tag-faits-divers","14":"tag-fr","15":"tag-france","16":"tag-hauts-de-france","17":"tag-justice","18":"tag-lille","19":"tag-mcarthurglen","20":"tag-news","21":"tag-republique-francaise"},"share_on_mastodon":{"url":"https:\/\/pubeurope.com\/@fr\/115344680235669189","error":""},"_links":{"self":[{"href":"https:\/\/www.europesays.com\/fr\/wp-json\/wp\/v2\/posts\/450206","targetHints":{"allow":["GET"]}}],"collection":[{"href":"https:\/\/www.europesays.com\/fr\/wp-json\/wp\/v2\/posts"}],"about":[{"href":"https:\/\/www.europesays.com\/fr\/wp-json\/wp\/v2\/types\/post"}],"author":[{"embeddable":true,"href":"https:\/\/www.europesays.com\/fr\/wp-json\/wp\/v2\/users\/2"}],"replies":[{"embeddable":true,"href":"https:\/\/www.europesays.com\/fr\/wp-json\/wp\/v2\/comments?post=450206"}],"version-history":[{"count":0,"href":"https:\/\/www.europesays.com\/fr\/wp-json\/wp\/v2\/posts\/450206\/revisions"}],"wp:featuredmedia":[{"embeddable":true,"href":"https:\/\/www.europesays.com\/fr\/wp-json\/wp\/v2\/media\/450207"}],"wp:attachment":[{"href":"https:\/\/www.europesays.com\/fr\/wp-json\/wp\/v2\/media?parent=450206"}],"wp:term":[{"taxonomy":"category","embeddable":true,"href":"https:\/\/www.europesays.com\/fr\/wp-json\/wp\/v2\/categories?post=450206"},{"taxonomy":"post_tag","embeddable":true,"href":"https:\/\/www.europesays.com\/fr\/wp-json\/wp\/v2\/tags?post=450206"}],"curies":[{"name":"wp","href":"https:\/\/api.w.org\/{rel}","templated":true}]}}