{"id":450212,"date":"2025-10-09T14:30:13","date_gmt":"2025-10-09T14:30:13","guid":{"rendered":"https:\/\/www.europesays.com\/fr\/450212\/"},"modified":"2025-10-09T14:30:13","modified_gmt":"2025-10-09T14:30:13","slug":"prevention-et-protection-de-la-jeunesse-occupent-le-terrain-a-la-porte-daix-a-marseille","status":"publish","type":"post","link":"https:\/\/www.europesays.com\/fr\/450212\/","title":{"rendered":"Pr\u00e9vention et protection de la jeunesse \u00ab\u00a0occupent le terrain\u00a0\u00bb \u00e0 la Porte d&rsquo;Aix \u00e0 Marseille"},"content":{"rendered":"<p>Port\u00e9es depuis\u00a02023 par la municipalit\u00e9, les Semaines de la pr\u00e9vention veulent s\u2019attaquer \u00e0 trois sujets\u00a0: les jeunes qui entrent dans les trafics, la prostitution des mineurs et le d\u00e9crochage scolaire. Des th\u00e8mes qui r\u00e9sonnent dans le quartier de la Porte d\u2019Aix, <a href=\"https:\/\/www.laprovence.com\/article\/region\/11370098451339\/le-secteur-de-la-porte-d-aix-toujours-prise-par-des-consommateurs-de-drogues-a-marseille\" target=\"_blank\" rel=\"noopener\">frapp\u00e9e par la mis\u00e8re sociale et l\u2019emprise du trafic de drogue<\/a>. C\u2019est l\u00e0 que la Ville a install\u00e9, mercredi 8\u00a0octobre, son village d\u00e9di\u00e9 \u00e0 la pr\u00e9vention et \u00e0 la protection de la jeunesse. Associations culturelles et sportives, <a href=\"https:\/\/www.laprovence.com\/article\/region\/2450683140311514\/marseille-a-la-protection-judiciaire-de-la-jeunesse-des-agents-au-bord-de-la-rupture\" target=\"_blank\" rel=\"noopener\">Protection judiciaire de la jeunesse<\/a> (PJJ), police nationale et municipale ou marins-pompiers ont accueilli les familles toute la journ\u00e9e pour \u00e9voquer les conduites \u00e0 risque, sensibiliser les adolescents aux questions de droit ou offrir des \u00ab\u00a0perspectives d\u00e9sirables\u00a0\u00bb.<\/p>\n<p>\u00ab\u00a0Chaque semaine de la pr\u00e9vention se d\u00e9ploie sur un secteur. Avec des interventions dans les \u00e9coles, les coll\u00e8ges ou les associations du quartier et avec ce village install\u00e9 pour une journ\u00e9e dans la rue, \u00e0 la rencontre d\u2019habitants, d\u00e9crit\u00a0<a href=\"https:\/\/www.laprovence.com\/article\/region\/19746326263304\/des-elus-marseillais-appellent-a-la-fin-du-massacre-a-gaza\" target=\"_blank\" rel=\"noopener\">Zoubida Meghenni<\/a>, conseill\u00e8re municipale d\u00e9l\u00e9gu\u00e9e aux politiques de pr\u00e9vention. L\u2019objectif est de faire conna\u00eetre les structures aidantes dans les quartiers. Les familles se sentent souvent isol\u00e9es face \u00e0 &#8230;<\/p>\n","protected":false},"excerpt":{"rendered":"Port\u00e9es depuis\u00a02023 par la municipalit\u00e9, les Semaines de la pr\u00e9vention veulent s\u2019attaquer \u00e0 trois sujets\u00a0: les jeunes qui&hellip;\n","protected":false},"author":2,"featured_media":450213,"comment_status":"","ping_status":"","sticky":false,"template":"","format":"standard","meta":{"footnotes":""},"categories":[2814],"tags":[17,1111,11,13636,1777,674,1011,27,4075,884,12,57622,5396,6543,4846,882,25,104,3945],"class_list":{"0":"post-450212","1":"post","2":"type-post","3":"status-publish","4":"format-standard","5":"has-post-thumbnail","7":"category-marseille","8":"tag-17","9":"tag-actu","10":"tag-actualites","11":"tag-daix","12":"tag-eu","13":"tag-europe","14":"tag-fr","15":"tag-france","16":"tag-jeunesse","17":"tag-marseille","18":"tag-news","19":"tag-occupent","20":"tag-porte","21":"tag-prevention","22":"tag-protection","23":"tag-provence-alpes-cote-dazur","24":"tag-republique-francaise","25":"tag-societe","26":"tag-terrain"},"share_on_mastodon":{"url":"https:\/\/pubeurope.com\/@fr\/115344691949288519","error":""},"_links":{"self":[{"href":"https:\/\/www.europesays.com\/fr\/wp-json\/wp\/v2\/posts\/450212","targetHints":{"allow":["GET"]}}],"collection":[{"href":"https:\/\/www.europesays.com\/fr\/wp-json\/wp\/v2\/posts"}],"about":[{"href":"https:\/\/www.europesays.com\/fr\/wp-json\/wp\/v2\/types\/post"}],"author":[{"embeddable":true,"href":"https:\/\/www.europesays.com\/fr\/wp-json\/wp\/v2\/users\/2"}],"replies":[{"embeddable":true,"href":"https:\/\/www.europesays.com\/fr\/wp-json\/wp\/v2\/comments?post=450212"}],"version-history":[{"count":0,"href":"https:\/\/www.europesays.com\/fr\/wp-json\/wp\/v2\/posts\/450212\/revisions"}],"wp:featuredmedia":[{"embeddable":true,"href":"https:\/\/www.europesays.com\/fr\/wp-json\/wp\/v2\/media\/450213"}],"wp:attachment":[{"href":"https:\/\/www.europesays.com\/fr\/wp-json\/wp\/v2\/media?parent=450212"}],"wp:term":[{"taxonomy":"category","embeddable":true,"href":"https:\/\/www.europesays.com\/fr\/wp-json\/wp\/v2\/categories?post=450212"},{"taxonomy":"post_tag","embeddable":true,"href":"https:\/\/www.europesays.com\/fr\/wp-json\/wp\/v2\/tags?post=450212"}],"curies":[{"name":"wp","href":"https:\/\/api.w.org\/{rel}","templated":true}]}}