{"id":450214,"date":"2025-10-09T14:31:10","date_gmt":"2025-10-09T14:31:10","guid":{"rendered":"https:\/\/www.europesays.com\/fr\/450214\/"},"modified":"2025-10-09T14:31:10","modified_gmt":"2025-10-09T14:31:10","slug":"lyon-il-jette-largent-par-les-fenetres-un-cadeau-tombe-du-ciel-pour-la-police","status":"publish","type":"post","link":"https:\/\/www.europesays.com\/fr\/450214\/","title":{"rendered":"Lyon. Il jette l&rsquo;argent par les fen\u00eatres, un cadeau tomb\u00e9 du ciel pour la police"},"content":{"rendered":"<p>            Par<br \/>\n        <strong><br \/>\n            <a href=\"https:\/\/actu.fr\/auteur\/julien-damboise\" title=\"Consulter tous les articles de Julien Damboise\" target=\"_blank\" rel=\"noopener\">Julien Damboise<\/a><br \/>\n        <\/strong><\/p>\n<p>        Publi\u00e9 le<\/p>\n<p>            9 oct. 2025 \u00e0 16h22        <\/p>\n<p><strong>INFO ACTU LYON<\/strong>. Au moins deux personnes ont \u00e9t\u00e9 interpell\u00e9es dans la soir\u00e9e de ce mercredi 8 octobre 2025 \u00e0 <a href=\"https:\/\/actu.fr\/lyon\/\" target=\"_blank\" rel=\"noopener\">Lyon<\/a>. Tout a d\u00e9but\u00e9 avec le suivi d\u2019un <strong>v\u00e9hicule suspect<\/strong> par la <a href=\"https:\/\/actu.fr\/auvergne-rhone-alpes\/lyon_69123\/lyon-le-mariage-derape-en-pleine-rue-des-coups-de-feu-tires-pendant-le-cortege_62295472.html\" target=\"_blank\" rel=\"noopener\">brigade anticriminalit\u00e9<\/a>. Mais les agents \u00e0 bord ne s\u2019attendaient surement pas \u00e0 observer une sc\u00e8ne tr\u00e8s surprenante : <strong>de l\u2019argent tombant du ciel<\/strong>. Explications.<\/p>\n<p>Un Uber Shit suspect\u00e9<\/p>\n<p class=\" wall-content\">Selon nos informations, il \u00e9tait environ 20 h quand des policiers en civil ont d\u00e9cid\u00e9 de suivre un v\u00e9hicule suspect dans lequel se trouvait deux femmes. Deux personnes suspect\u00e9es de faire partie d\u2019un r\u00e9seau de <a href=\"https:\/\/actu.fr\/tag\/drogue\" target=\"_blank\" rel=\"noopener\">trafic de stup\u00e9fiants<\/a> fonctionnant en livraison \u00e0 domicile : un <strong>Uber Shit<\/strong>.<\/p>\n<p class=\" wall-content\">Arriv\u00e9es routes de Genas, dans le 3\u1d49 arrondissement, les deux suspectes se sont arr\u00eat\u00e9es au pied d\u2019un immeuble d\u2019habitation. C\u2019est alors qu\u2019un individu, dans un appartement quelques m\u00e8tres plus haut, a lanc\u00e9 dans leur direction <strong>un \u00e9trange paquet<\/strong>.<\/p>\n<p class=\" wall-content\">Les forces de l\u2019ordre sont imm\u00e9diatement intervenues en interpellant le duo, tout en r\u00e9cup\u00e9rant la cargaison. Et ce qui venait de fendre l\u2019air n\u2019\u00e9tait autre qu\u2019une grosse somme d\u2019argent, <strong>5 000 euros<\/strong> d\u2019apr\u00e8s une source s\u00e9curitaire.<\/p>\n<p>D\u2019autres d\u00e9couvertes<\/p>\n<p class=\" wall-content\">Toujours selon nos informations exclusives, une forte somme d\u2019argent liquide a aussi \u00e9t\u00e9 retrouv\u00e9e \u00e0 l\u2019int\u00e9rieur du v\u00e9hicule utilis\u00e9 par les deux femmes. Le montant reste \u00e0 pr\u00e9ciser.<\/p>\n<p class=\" wall-content\">L\u2019appartement d\u2019o\u00f9 avait \u00e9t\u00e9 jet\u00e9 l\u2019argent a aussi \u00e9t\u00e9 visit\u00e9 dans la foul\u00e9e par la police lors d\u2019une <strong>perquisition<\/strong>. Pr\u00e8s de 1 200 euros ont \u00e9t\u00e9 saisis, une autre interpellation pourrait avoir \u00e9t\u00e9 r\u00e9alis\u00e9e.<\/p>\n<p class=\" wall-content\">Une enqu\u00eate a \u00e9t\u00e9 ouverte par le parquet de Lyon pour comprendre d\u2019o\u00f9 venaient ces fonds, avec des soup\u00e7ons de <strong>blanchiment<\/strong> d\u2019argent.<\/p>\n<p class=\" wall-content\">Personnalisez votre actualit\u00e9 en ajoutant vos villes et m\u00e9dias en favori avec <a href=\"https:\/\/moncompte.actu.fr\" title=\"D\u00e9couvez Mon Actu\" rel=\"nofollow noopener\" data-trk=\"{&quot;cta&quot;:{&quot;action&quot;:&quot;https:\\\/\\\/moncompte.actu.fr&quot;,&quot;category&quot;:&quot;mon compte&quot;,&quot;from&quot;:&quot;article footer&quot;,&quot;name&quot;:&quot;Mon actu&quot;,&quot;type&quot;:&quot;cta&quot;}}\" target=\"_blank\">Mon Actu<\/a>.<\/p>\n","protected":false},"excerpt":{"rendered":"Par Julien Damboise Publi\u00e9 le 9 oct. 2025 \u00e0 16h22 INFO ACTU LYON. Au moins deux personnes ont&hellip;\n","protected":false},"author":2,"featured_media":450215,"comment_status":"","ping_status":"","sticky":false,"template":"","format":"standard","meta":{"footnotes":""},"categories":[1889],"tags":[1111,11,1261,2430,1777,674,118,1011,27,2428,12,1072,25],"class_list":{"0":"post-450214","1":"post","2":"type-post","3":"status-publish","4":"format-standard","5":"has-post-thumbnail","7":"category-lyon","8":"tag-actu","9":"tag-actualites","10":"tag-argent","11":"tag-auvergne-rhone-alpes","12":"tag-eu","13":"tag-europe","14":"tag-faits-divers","15":"tag-fr","16":"tag-france","17":"tag-lyon","18":"tag-news","19":"tag-police","20":"tag-republique-francaise"},"share_on_mastodon":{"url":"https:\/\/pubeurope.com\/@fr\/115344695892556737","error":""},"_links":{"self":[{"href":"https:\/\/www.europesays.com\/fr\/wp-json\/wp\/v2\/posts\/450214","targetHints":{"allow":["GET"]}}],"collection":[{"href":"https:\/\/www.europesays.com\/fr\/wp-json\/wp\/v2\/posts"}],"about":[{"href":"https:\/\/www.europesays.com\/fr\/wp-json\/wp\/v2\/types\/post"}],"author":[{"embeddable":true,"href":"https:\/\/www.europesays.com\/fr\/wp-json\/wp\/v2\/users\/2"}],"replies":[{"embeddable":true,"href":"https:\/\/www.europesays.com\/fr\/wp-json\/wp\/v2\/comments?post=450214"}],"version-history":[{"count":0,"href":"https:\/\/www.europesays.com\/fr\/wp-json\/wp\/v2\/posts\/450214\/revisions"}],"wp:featuredmedia":[{"embeddable":true,"href":"https:\/\/www.europesays.com\/fr\/wp-json\/wp\/v2\/media\/450215"}],"wp:attachment":[{"href":"https:\/\/www.europesays.com\/fr\/wp-json\/wp\/v2\/media?parent=450214"}],"wp:term":[{"taxonomy":"category","embeddable":true,"href":"https:\/\/www.europesays.com\/fr\/wp-json\/wp\/v2\/categories?post=450214"},{"taxonomy":"post_tag","embeddable":true,"href":"https:\/\/www.europesays.com\/fr\/wp-json\/wp\/v2\/tags?post=450214"}],"curies":[{"name":"wp","href":"https:\/\/api.w.org\/{rel}","templated":true}]}}