{"id":450216,"date":"2025-10-09T14:32:11","date_gmt":"2025-10-09T14:32:11","guid":{"rendered":"https:\/\/www.europesays.com\/fr\/450216\/"},"modified":"2025-10-09T14:32:11","modified_gmt":"2025-10-09T14:32:11","slug":"lars-ouvre-oh-punaise-une-maison-pour-sensibiliser-contre-les-punaises-de-lit","status":"publish","type":"post","link":"https:\/\/www.europesays.com\/fr\/450216\/","title":{"rendered":"l\u2019ARS ouvre \u00abOh Punaise\u00bb, une maison pour sensibiliser contre les punaises de lit"},"content":{"rendered":"<p>\n    Face \u00e0 la prolif\u00e9ration des punaises de lit \u00e0 Lyon, l\u2019agence r\u00e9gionale de sant\u00e9 a d\u00e9cid\u00e9 d\u2019ouvrir des maisons d\u00e9di\u00e9es \u00e0 l\u2019accompagnement et la sensibilisation des habitants. Une premi\u00e8re vient d\u2019ouvrir \u00e0 Lyon ce mercredi.<\/p>\n<p class=\"fig-paragraph\">L\u2019Agence r\u00e9gionale de sant\u00e9 (ARS) Auvergne-Rh\u00f4ne-Alpes a inaugur\u00e9 ce mercredi dans le 8e arrondissement sa maison \u00abOh Punaise\u00bb\u00a0<a href=\"http:\/\/www.lefigaro.fr\/maison\/invisibles-a-l-oeil-nu-ces-acariens-sont-systematiquement-confondus-avec-des-punaises-de-lit-20250925\" data-fig-type=\"Article\" data-gtm-custom-categorie=\"navigation\" data-gtm-custom-action=\"crossclick\" data-gtm-custom-label=\"Contextuel\" data-gtm-event=\"customEventSPE\" data-fig-domain=\"LEFIGARO\" target=\"_blank\" rel=\"noopener\">d\u00e9di\u00e9e \u00e0 sensibiliser contre les punaises de lit<\/a>. Un lieu o\u00f9 les habitants pourront venir se renseigner sur les bonnes pratiques \u00e0 adopter contre ce nuisible.<\/p>\n<p class=\"fig-paragraph\">Selon les donn\u00e9es de l\u2019ANSES, entre 2017 et 2023,\u00a0<a href=\"http:\/\/www.lefigaro.fr\/maison\/punaises-de-lit-ce-que-vous-devez-faire-avant-et-apres-la-venue-d-un-professionnel-20250226\" data-fig-type=\"Article\" data-gtm-custom-categorie=\"navigation\" data-gtm-custom-action=\"crossclick\" data-gtm-custom-label=\"Contextuel\" data-gtm-event=\"customEventSPE\" data-fig-domain=\"LEFIGARO\" target=\"_blank\" rel=\"noopener\">1 fran\u00e7ais sur 10 a \u00e9t\u00e9 infest\u00e9 au moins une fois par des punaises de lit<\/a>. Une proportion qui augmente sensiblement en quartiers urbains denses. Dans la m\u00e9tropole de Lyon, les principaux bailleurs sociaux ont vu leur budget de traitement doubler entre 2020 et 2023. Leur prolif\u00e9ration est notamment due \u00e0 l\u2019augmentation du nombre de voyageurs mais aussi \u00e0 la vente et achats de produits de seconde main qu\u2019il s\u2019agisse de v\u00eatements ou de meubles en bois.<\/p>\n<p class=\"fig-body-link\">\n            \u00c0 lire aussi<br \/>\n        <a class=\"fig-body-link__link\" href=\"http:\/\/www.lefigaro.fr\/maison\/punaises-de-lit-les-7-endroits-a-verifier-chez-vous-20250222\" data-fig-type=\"Article\" data-gtm-custom-categorie=\"navigation\" data-gtm-custom-action=\"crossclick\" data-gtm-custom-label=\"Contextuel\" data-gtm-event=\"customEventSPE\" data-fig-domain=\"LEFIGARO\" target=\"_blank\" rel=\"noopener\">Punaises de lit\u00a0: les 7 endroits \u00e0 v\u00e9rifier chez vous<br \/>\n    <\/a>\n<\/p>\n<p>                                    <a class=\"fig-a11y-skip a11y-hidden\" href=\"#fig-a11y-skip-main-inarticle\"><br \/>\n        Passer la publicit\u00e9<br \/>\n    <\/a><\/p>\n<p>D\u2019autres ouvertures dans le Cantal et en Savoie<\/p>\n<p class=\"fig-paragraph\">La maison \u00abOh Punaise\u00bb du 8e arrondissement est g\u00e9r\u00e9e en partenariat avec Santy Plaine Actions (SPactions), une entreprise solidaire du quartier. Une \u00e9quipe d\u00e9di\u00e9e et form\u00e9e de 8 m\u00e9diateurs y accueillera habitants et professionnels pour informer, conseiller et pr\u00e9venir les risques et, si besoin, mettre \u00e0 disposition du mat\u00e9riel \u00e0 prix solidaire\u00a0: location de nettoyeurs vapeur, vente de pi\u00e8ges, housses ou produits adapt\u00e9s.<\/p>\n<p class=\"fig-paragraph\">\u00abL\u2019objectif du r\u00e9seau Oh Punaises est d\u2019outiller et autonomiser les habitants, afin d\u2019\u00e9viter les infestations et de r\u00e9duire la pression sur les organisations (bailleurs publics et priv\u00e9s, \u00e9tablissements m\u00e9dico-sociaux, collectivit\u00e9s, etc.)\u00bb, indique l\u2019ARS dans un communiqu\u00e9. Une premi\u00e8re maison similaire existait d\u00e9j\u00e0 \u00e0 Villeurbanne et deux autres vont voir le jour dans le Cantal et en Savoie tr\u00e8s prochainement.<\/p>\n","protected":false},"excerpt":{"rendered":"Face \u00e0 la prolif\u00e9ration des punaises de lit \u00e0 Lyon, l\u2019agence r\u00e9gionale de sant\u00e9 a d\u00e9cid\u00e9 d\u2019ouvrir des&hellip;\n","protected":false},"author":2,"featured_media":450217,"comment_status":"","ping_status":"","sticky":false,"template":"","format":"standard","meta":{"footnotes":""},"categories":[1889],"tags":[1111,11,2430,1777,674,1011,27,2428,12,56773,25,71],"class_list":{"0":"post-450216","1":"post","2":"type-post","3":"status-publish","4":"format-standard","5":"has-post-thumbnail","7":"category-lyon","8":"tag-actu","9":"tag-actualites","10":"tag-auvergne-rhone-alpes","11":"tag-eu","12":"tag-europe","13":"tag-fr","14":"tag-france","15":"tag-lyon","16":"tag-news","17":"tag-punaises-de-lit","18":"tag-republique-francaise","19":"tag-sante"},"share_on_mastodon":{"url":"https:\/\/pubeurope.com\/@fr\/115344699780337928","error":""},"_links":{"self":[{"href":"https:\/\/www.europesays.com\/fr\/wp-json\/wp\/v2\/posts\/450216","targetHints":{"allow":["GET"]}}],"collection":[{"href":"https:\/\/www.europesays.com\/fr\/wp-json\/wp\/v2\/posts"}],"about":[{"href":"https:\/\/www.europesays.com\/fr\/wp-json\/wp\/v2\/types\/post"}],"author":[{"embeddable":true,"href":"https:\/\/www.europesays.com\/fr\/wp-json\/wp\/v2\/users\/2"}],"replies":[{"embeddable":true,"href":"https:\/\/www.europesays.com\/fr\/wp-json\/wp\/v2\/comments?post=450216"}],"version-history":[{"count":0,"href":"https:\/\/www.europesays.com\/fr\/wp-json\/wp\/v2\/posts\/450216\/revisions"}],"wp:featuredmedia":[{"embeddable":true,"href":"https:\/\/www.europesays.com\/fr\/wp-json\/wp\/v2\/media\/450217"}],"wp:attachment":[{"href":"https:\/\/www.europesays.com\/fr\/wp-json\/wp\/v2\/media?parent=450216"}],"wp:term":[{"taxonomy":"category","embeddable":true,"href":"https:\/\/www.europesays.com\/fr\/wp-json\/wp\/v2\/categories?post=450216"},{"taxonomy":"post_tag","embeddable":true,"href":"https:\/\/www.europesays.com\/fr\/wp-json\/wp\/v2\/tags?post=450216"}],"curies":[{"name":"wp","href":"https:\/\/api.w.org\/{rel}","templated":true}]}}