{"id":450218,"date":"2025-10-09T14:33:14","date_gmt":"2025-10-09T14:33:14","guid":{"rendered":"https:\/\/www.europesays.com\/fr\/450218\/"},"modified":"2025-10-09T14:33:14","modified_gmt":"2025-10-09T14:33:14","slug":"le-raccordement-electrique-des-data-centers-un-enjeu-damenagement-du-territoire-en-ile-de-france","status":"publish","type":"post","link":"https:\/\/www.europesays.com\/fr\/450218\/","title":{"rendered":"Le raccordement \u00e9lectrique des data centers, un enjeu d&rsquo;am\u00e9nagement du territoire en \u00cele-de-France"},"content":{"rendered":"<p>Le raccordement \u00e9lectrique des data centers en \u00cele-de-France est un enjeu peu visible mais majeur d\u2019am\u00e9nagement du territoire. Dans un contexte d&rsquo;accroissement de la demande de raccordement li\u00e9 \u00e0 la multiplication des projets de data centers, quelles sont les dynamiques g\u00e9ographiques d\u2019implantation de ces infrastructures ? Quels sont les d\u00e9fis auxquels le gestionnaire de r\u00e9seau RTE est confront\u00e9 ? Quelles sont les attentes, strat\u00e9gies et leviers d\u2019action des collectivit\u00e9s locales pour b\u00e9n\u00e9ficier de retomb\u00e9es positives sur leur territoire ? Comment ces diff\u00e9rentes logiques pourraient-elles \u00e0 l\u2019avenir s\u2019articuler de mani\u00e8re plus vertueuse ?<\/p>\n<p>En partenariat avec le Centre national du d\u00e9bat public (CNDP), L\u2019Institut Paris Region organise un petit d\u00e9jeuner d\u00e9cideurs-chercheurs qui s\u2019inscrit dans le cadre du d\u00e9bat national men\u00e9 autour du Sch\u00e9ma d\u00e9cennal de d\u00e9veloppement du r\u00e9seau RTE (SDDR) du 4 septembre 2025 au 14 janvier 2026.<\/p>\n<p>                Programme<\/p>\n<p>09 H 45 : ACCUEIL CAF\u00c9<br \/>10 H 00 : OUVERTURE<\/p>\n<ul>\n<li><strong>Nicolas BAUQUET<\/strong>, directeur g\u00e9n\u00e9ral de L\u2019Institut Paris Region<\/li>\n<li><strong>Francis BEAUCIRE<\/strong>, professeur \u00e9m\u00e9rite de g\u00e9ographie \u00e0 Sorbonne Universit\u00e9, pr\u00e9sident du d\u00e9bat de la CNDP<\/li>\n<\/ul>\n<p>ANIMATION<\/p>\n<ul>\n<li><strong>Brigitte GUIGOU<\/strong>, responsable formation, partenariat recherche \u00e0 L\u2019Institut Paris Region<\/li>\n<\/ul>\n<p>INTRODUCTION<\/p>\n<ul>\n<li>RTE \u00cele-de-France<\/li>\n<li><strong>Gianluca MARZILLI<\/strong>, g\u00e9omaticien, L\u2019Institut Paris Region<\/li>\n<\/ul>\n<p>GRAND T\u00c9MOIN<\/p>\n<ul>\n<li><strong>Xavier DESJARDINS<\/strong>, professeur en urbanisme et am\u00e9nagement de l\u2019espace \u00e0 Sorbonne Universit\u00e9<\/li>\n<\/ul>\n<p>INTERVENTIONS<\/p>\n<ul>\n<li><strong>Marion BENOIST<\/strong>, directrice de l\u2019Am\u00e9nagement Durable du Territoire par int\u00e9rim, responsable du Service Strat\u00e9gie et Pilotage Op\u00e9rationnel, P\u00f4le Logement Am\u00e9nagement Transport, R\u00e9gion \u00cele-de-France<\/li>\n<li><strong>Axelle CHAMPAGNE<\/strong>, directrice g\u00e9n\u00e9rale adjointe, P\u00f4le attractivit\u00e9 \u00e9conomique, innovation et mobilit\u00e9s, Communaut\u00e9 d\u2019agglom\u00e9ration de Paris Saclay<\/li>\n<li><strong>Adrien CREMON<\/strong>, directeur du d\u00e9veloppement \u00e9conomique, Communaut\u00e9 d\u2019agglom\u00e9ration, Communaut\u00e9 d\u2019agglom\u00e9ration Grand Paris Sud Seine-Essonne-S\u00e9nart<\/li>\n<\/ul>\n<p>11 H 20 &#8211; 12 H 00 : \u00c9CHANGES AVEC LA SALLE<\/p>\n","protected":false},"excerpt":{"rendered":"Le raccordement \u00e9lectrique des data centers en \u00cele-de-France est un enjeu peu visible mais majeur d\u2019am\u00e9nagement du territoire.&hellip;\n","protected":false},"author":2,"featured_media":450219,"comment_status":"","ping_status":"","sticky":false,"template":"","format":"standard","meta":{"footnotes":""},"categories":[1592],"tags":[1111,11,1777,674,1011,27,662,1577,12,626,25],"class_list":{"0":"post-450218","1":"post","2":"type-post","3":"status-publish","4":"format-standard","5":"has-post-thumbnail","7":"category-ile-de-france","8":"tag-actu","9":"tag-actualites","10":"tag-eu","11":"tag-europe","12":"tag-fr","13":"tag-france","14":"tag-ile-de-france","15":"tag-l","16":"tag-news","17":"tag-paris","18":"tag-republique-francaise"},"share_on_mastodon":{"url":"https:\/\/pubeurope.com\/@fr\/115344703791228463","error":""},"_links":{"self":[{"href":"https:\/\/www.europesays.com\/fr\/wp-json\/wp\/v2\/posts\/450218","targetHints":{"allow":["GET"]}}],"collection":[{"href":"https:\/\/www.europesays.com\/fr\/wp-json\/wp\/v2\/posts"}],"about":[{"href":"https:\/\/www.europesays.com\/fr\/wp-json\/wp\/v2\/types\/post"}],"author":[{"embeddable":true,"href":"https:\/\/www.europesays.com\/fr\/wp-json\/wp\/v2\/users\/2"}],"replies":[{"embeddable":true,"href":"https:\/\/www.europesays.com\/fr\/wp-json\/wp\/v2\/comments?post=450218"}],"version-history":[{"count":0,"href":"https:\/\/www.europesays.com\/fr\/wp-json\/wp\/v2\/posts\/450218\/revisions"}],"wp:featuredmedia":[{"embeddable":true,"href":"https:\/\/www.europesays.com\/fr\/wp-json\/wp\/v2\/media\/450219"}],"wp:attachment":[{"href":"https:\/\/www.europesays.com\/fr\/wp-json\/wp\/v2\/media?parent=450218"}],"wp:term":[{"taxonomy":"category","embeddable":true,"href":"https:\/\/www.europesays.com\/fr\/wp-json\/wp\/v2\/categories?post=450218"},{"taxonomy":"post_tag","embeddable":true,"href":"https:\/\/www.europesays.com\/fr\/wp-json\/wp\/v2\/tags?post=450218"}],"curies":[{"name":"wp","href":"https:\/\/api.w.org\/{rel}","templated":true}]}}