{"id":450222,"date":"2025-10-09T14:35:12","date_gmt":"2025-10-09T14:35:12","guid":{"rendered":"https:\/\/www.europesays.com\/fr\/450222\/"},"modified":"2025-10-09T14:35:12","modified_gmt":"2025-10-09T14:35:12","slug":"israel-dit-que-la-version-finale-de-la-premiere-phase-est-signee","status":"publish","type":"post","link":"https:\/\/www.europesays.com\/fr\/450222\/","title":{"rendered":"Isra\u00ebl dit que \u00ab\u00a0la version finale de la premi\u00e8re phase\u00a0\u00bb est sign\u00e9e"},"content":{"rendered":"<p>Un pas d\u00e9cisif vers la fin de la guerre\u00a0? Un <a href=\"https:\/\/www.franceinfo.fr\/monde\/proche-orient\/israel-palestine\/guerre-a-gaza-donald-trump-annonce-qu-israel-et-le-hamas-ont-accepte-la-premiere-phase-de-son-plan-les-otages-liberes-tres-prochainement_7541284.html\" data-tooltip-url=\"https:\/\/www.franceinfo.fr\/monde\/proche-orient\/israel-palestine\/guerre-a-gaza-donald-trump-annonce-qu-israel-et-le-hamas-ont-accepte-la-premiere-phase-de-son-plan-les-otages-liberes-tres-prochainement_7541284.html\" rel=\"nofollow noopener\" target=\"_blank\">accord a \u00e9t\u00e9 trouv\u00e9 entre le Hamas et Isra\u00ebl<\/a>, mercredi 8 octobre, sur la premi\u00e8re phase du plan de paix de Donald Trump. Le gouvernement isra\u00e9lien doit se r\u00e9unir jeudi \u00e0 17\u00a0heures (heure de Paris) pour discuter du \u00ab\u00a0plan de lib\u00e9ration de tous les otages isra\u00e9liens\u00a0\u00bb, pr\u00e9cise-t-il dans un communiqu\u00e9. Selon l&rsquo;ordre du jour de la r\u00e9union, le plan sera pr\u00e9sent\u00e9 aux membres du gouvernement par le Premier ministre, Benyamin N\u00e9tanyahou, en vue de son adoption. Le ministre des Finances, Bezalel Smotrich, figure de l&rsquo;extr\u00eame droite et partenaire cl\u00e9 de la coalition gouvernementale, a d\u00e9j\u00e0 annonc\u00e9 qu&rsquo;il voterait contre.\u00a0En amont de la r\u00e9union, Isra\u00ebl a fait savoir que \u00ab\u00a0la version finale de la premi\u00e8re phase\u00a0\u00bb du plan de Donald Trump est sign\u00e9e. Suivez notre direct.<\/p>\n<p class=\"c-body__bullet\"><strong> Marwan Barghouthi ne sera pas \u00e9chang\u00e9 contre des otages.<\/strong> Le dirigeant palestinien, d\u00e9tenu en Isra\u00ebl, ne sera pas \u00e9chang\u00e9 contre des otages dans le cadre de l&rsquo;accord sur la fin de la guerre \u00e0 Gaza, a dit une porte-parole du gouvernement isra\u00e9lien. R\u00e9pondant \u00e0 une question d&rsquo;un journaliste durant un point-presse, Shosh Bedrosian a affirm\u00e9 \u00ab\u00a0qu&rsquo;\u00e0 ce stade, il ne fera pas partie de cet \u00e9change.\u00a0\u00bb<\/p>\n<p class=\"c-body__bullet\"> <strong>La premi\u00e8re phase du plan de Trump accept\u00e9e.\u00a0<\/strong>Dans un message sur son r\u00e9seau Truth Social, le pr\u00e9sident am\u00e9ricain s&rsquo;est dit \u00ab\u00a0fier d&rsquo;annoncer qu&rsquo;Isra\u00ebl et le Hamas ont tous deux accept\u00e9 la premi\u00e8re phase\u00a0\u00bb de son plan de paix pour Gaza, dans le cadre de pourparlers indirects en Egypte. Il a estim\u00e9, dans une interview \u00e0 Fox News, que les otages retenus dans la bande de Gaza seraient \u00ab\u00a0de retour lundi\u00a0\u00bb. \u00ab\u00a0Cela inclura les corps des morts\u00a0\u00bb, a pr\u00e9cis\u00e9 le pr\u00e9sident am\u00e9ricain.<\/p>\n<p class=\"c-body__bullet\"> <strong>L&rsquo;accord n&rsquo;entrera en vigueur qu&rsquo;une fois approuv\u00e9 par Tel-Aviv.<\/strong> \u00ab\u00a0Contrairement aux informations diffus\u00e9es par des m\u00e9dias arabes, le d\u00e9compte des 72 heures ne commencera qu&rsquo;apr\u00e8s l&rsquo;approbation de l&rsquo;accord par le gouvernement. Cette approbation est attendue dans la soir\u00e9e\u00a0\u00bb, d\u00e9taille un communiqu\u00e9 du bureau de Benjamin Netanyahu.<\/p>\n","protected":false},"excerpt":{"rendered":"Un pas d\u00e9cisif vers la fin de la guerre\u00a0? Un accord a \u00e9t\u00e9 trouv\u00e9 entre le Hamas et&hellip;\n","protected":false},"author":2,"featured_media":450223,"comment_status":"","ping_status":"","sticky":false,"template":"","format":"standard","meta":{"footnotes":""},"categories":[1888],"tags":[1111,1928,11,1927,1777,674,1011,27,12,1926,626,1925,25],"class_list":{"0":"post-450222","1":"post","2":"type-post","3":"status-publish","4":"format-standard","5":"has-post-thumbnail","7":"category-paris","8":"tag-actu","9":"tag-actu-paris","10":"tag-actualites","11":"tag-actualites-paris","12":"tag-eu","13":"tag-europe","14":"tag-fr","15":"tag-france","16":"tag-news","17":"tag-news-paris","18":"tag-paris","19":"tag-paris-news","20":"tag-republique-francaise"},"share_on_mastodon":{"url":"https:\/\/pubeurope.com\/@fr\/115344712700321260","error":""},"_links":{"self":[{"href":"https:\/\/www.europesays.com\/fr\/wp-json\/wp\/v2\/posts\/450222","targetHints":{"allow":["GET"]}}],"collection":[{"href":"https:\/\/www.europesays.com\/fr\/wp-json\/wp\/v2\/posts"}],"about":[{"href":"https:\/\/www.europesays.com\/fr\/wp-json\/wp\/v2\/types\/post"}],"author":[{"embeddable":true,"href":"https:\/\/www.europesays.com\/fr\/wp-json\/wp\/v2\/users\/2"}],"replies":[{"embeddable":true,"href":"https:\/\/www.europesays.com\/fr\/wp-json\/wp\/v2\/comments?post=450222"}],"version-history":[{"count":0,"href":"https:\/\/www.europesays.com\/fr\/wp-json\/wp\/v2\/posts\/450222\/revisions"}],"wp:featuredmedia":[{"embeddable":true,"href":"https:\/\/www.europesays.com\/fr\/wp-json\/wp\/v2\/media\/450223"}],"wp:attachment":[{"href":"https:\/\/www.europesays.com\/fr\/wp-json\/wp\/v2\/media?parent=450222"}],"wp:term":[{"taxonomy":"category","embeddable":true,"href":"https:\/\/www.europesays.com\/fr\/wp-json\/wp\/v2\/categories?post=450222"},{"taxonomy":"post_tag","embeddable":true,"href":"https:\/\/www.europesays.com\/fr\/wp-json\/wp\/v2\/tags?post=450222"}],"curies":[{"name":"wp","href":"https:\/\/api.w.org\/{rel}","templated":true}]}}