{"id":450224,"date":"2025-10-09T14:36:19","date_gmt":"2025-10-09T14:36:19","guid":{"rendered":"https:\/\/www.europesays.com\/fr\/450224\/"},"modified":"2025-10-09T14:36:19","modified_gmt":"2025-10-09T14:36:19","slug":"la-galaxie-chanel-le-jardin-a-la-francaise-de-saint-laurent-les-decors-les-plus-spectaculaires-de-la-fashion-week-de-paris","status":"publish","type":"post","link":"https:\/\/www.europesays.com\/fr\/450224\/","title":{"rendered":"La galaxie Chanel, le jardin \u00e0 la Fran\u00e7aise de Saint Laurent\u2026 Les d\u00e9cors les plus spectaculaires de la Fashion Week de Paris"},"content":{"rendered":"<p>La Fashion Week de Paris printemps-\u00e9t\u00e9 2026 a mis en sc\u00e8ne de nombreux d\u00e9cors spectaculaires. Aujourd&rsquo;hui, les d\u00e9fil\u00e9s sont plus qu&rsquo;une simple pr\u00e9sentation des collections, ils deviennent de v\u00e9ritables shows avec des sc\u00e9nographies impressionnantes. Chez <a href=\"https:\/\/www.vogue.fr\/dossier\/chanel\" target=\"_blank\" rel=\"noopener\"><strong>Chanel<\/strong><\/a>, les mannequins d\u00e9ambulaient entour\u00e9s de plan\u00e8tes ; la collection <a href=\"https:\/\/www.vogue.fr\/dossier\/saint-laurent\" target=\"_blank\" rel=\"noopener\"><strong>Saint Laurent<\/strong><\/a> a \u00e9t\u00e9 d\u00e9voil\u00e9e dans un jardin \u00e0 la Fran\u00e7aise compos\u00e9 d&rsquo;hortensias avec vue sur la Tour Eiffel ; une pyramide invers\u00e9e prenait place sur le podium du d\u00e9fil\u00e9 <a href=\"https:\/\/www.vogue.fr\/dossier\/dior\" target=\"_blank\" rel=\"noopener\"><strong>Dior<\/strong><\/a> ; <a href=\"https:\/\/www.vogue.fr\/dossier\/louis-vuitton\" target=\"_blank\" rel=\"noopener\"><strong>Louis Vuitton<\/strong><\/a> d\u00e9voilait ses pi\u00e8ces dans l&rsquo;aile gauche du Louvre ; <strong>Maison Margiela<\/strong> avait install\u00e9 un orchestre d&rsquo;enfants en arri\u00e8re-plan des silhouettes\u2026 Retour en images sur les d\u00e9cors les plus impressionnants de la Fashion Week printemps-\u00e9t\u00e9 2026.<\/p>\n<p><strong>Plus de <a href=\"https:\/\/www.vogue.fr\/mode\" target=\"_blank\" rel=\"noopener\">mode<\/a> sur Vogue.fr :<\/strong><br \/>En un look, <a href=\"https:\/\/www.vogue.fr\/article\/vittoria-ceretti-tendance-top-automne-2025\" target=\"_blank\" rel=\"noopener\">Vittoria Ceretti confirme la tendance mode star de l&rsquo;automne<\/a><br \/>Exit les ballerines, <a href=\"https:\/\/www.vogue.fr\/article\/mocassin-leopard-tendance-mode-automne-2025\" target=\"_blank\" rel=\"noopener\">le mocassin l\u00e9opard sera l&rsquo;indispensable mode de l\u2019automne<\/a><br \/>19 ans apr\u00e8s sa cr\u00e9ation, <a href=\"https:\/\/www.vogue.fr\/article\/sac-gaucho-dior-vintage\" target=\"_blank\" rel=\"noopener\">ce sac Dior est l&rsquo;ultime investissement vintage du moment<\/a><\/p>\n<p><strong>Encore plus de Vogue en vid\u00e9o :<\/strong><\/p>\n<p>IMAGES : Les plus beaux d\u00e9cors de d\u00e9fil\u00e9s de la Fashion Week de Paris printemps-\u00e9t\u00e9 2026 :<\/p>\n","protected":false},"excerpt":{"rendered":"La Fashion Week de Paris printemps-\u00e9t\u00e9 2026 a mis en sc\u00e8ne de nombreux d\u00e9cors spectaculaires. Aujourd&rsquo;hui, les d\u00e9fil\u00e9s&hellip;\n","protected":false},"author":2,"featured_media":450225,"comment_status":"","ping_status":"","sticky":false,"template":"","format":"standard","meta":{"footnotes":""},"categories":[1888],"tags":[1111,1928,11,1927,1777,674,34204,1011,27,985,12,1926,626,1925,25],"class_list":{"0":"post-450224","1":"post","2":"type-post","3":"status-publish","4":"format-standard","5":"has-post-thumbnail","7":"category-paris","8":"tag-actu","9":"tag-actu-paris","10":"tag-actualites","11":"tag-actualites-paris","12":"tag-eu","13":"tag-europe","14":"tag-fashion-week-paris","15":"tag-fr","16":"tag-france","17":"tag-mode","18":"tag-news","19":"tag-news-paris","20":"tag-paris","21":"tag-paris-news","22":"tag-republique-francaise"},"share_on_mastodon":{"url":"https:\/\/pubeurope.com\/@fr\/115344715495749142","error":""},"_links":{"self":[{"href":"https:\/\/www.europesays.com\/fr\/wp-json\/wp\/v2\/posts\/450224","targetHints":{"allow":["GET"]}}],"collection":[{"href":"https:\/\/www.europesays.com\/fr\/wp-json\/wp\/v2\/posts"}],"about":[{"href":"https:\/\/www.europesays.com\/fr\/wp-json\/wp\/v2\/types\/post"}],"author":[{"embeddable":true,"href":"https:\/\/www.europesays.com\/fr\/wp-json\/wp\/v2\/users\/2"}],"replies":[{"embeddable":true,"href":"https:\/\/www.europesays.com\/fr\/wp-json\/wp\/v2\/comments?post=450224"}],"version-history":[{"count":0,"href":"https:\/\/www.europesays.com\/fr\/wp-json\/wp\/v2\/posts\/450224\/revisions"}],"wp:featuredmedia":[{"embeddable":true,"href":"https:\/\/www.europesays.com\/fr\/wp-json\/wp\/v2\/media\/450225"}],"wp:attachment":[{"href":"https:\/\/www.europesays.com\/fr\/wp-json\/wp\/v2\/media?parent=450224"}],"wp:term":[{"taxonomy":"category","embeddable":true,"href":"https:\/\/www.europesays.com\/fr\/wp-json\/wp\/v2\/categories?post=450224"},{"taxonomy":"post_tag","embeddable":true,"href":"https:\/\/www.europesays.com\/fr\/wp-json\/wp\/v2\/tags?post=450224"}],"curies":[{"name":"wp","href":"https:\/\/api.w.org\/{rel}","templated":true}]}}