{"id":450226,"date":"2025-10-09T14:37:10","date_gmt":"2025-10-09T14:37:10","guid":{"rendered":"https:\/\/www.europesays.com\/fr\/450226\/"},"modified":"2025-10-09T14:37:10","modified_gmt":"2025-10-09T14:37:10","slug":"paris-plus-de-100-projets-laureats-du-budget-participatif-avec-une-participation-record","status":"publish","type":"post","link":"https:\/\/www.europesays.com\/fr\/450226\/","title":{"rendered":"Paris\u00a0: plus de 100 projets laur\u00e9ats du budget participatif avec une participation record"},"content":{"rendered":"<p class=\"paragraph text_align_left lp-f-body-02\">Le processus suit son cours. En janvier, les Parisiens et les Parisiennes \u00e9taient invit\u00e9s \u00e0 <a href=\"https:\/\/www.leparisien.fr\/paris-75\/budget-participatif-a-paris-les-habitants-invites-a-deposer-leurs-idees-jusquau-3-fevrier-13-01-2025-MF5VFDYHQVEGNKRJRV2AWYGXBQ.php\" target=\"_self\" rel=\"nofollow noopener\">d\u00e9poser leurs id\u00e9es pour le 11e budget participatif<\/a> de la ville de Paris. D\u00e9but septembre, ce ne sont pas moins de <a href=\"https:\/\/www.leparisien.fr\/paris-75\/budget-participatif-a-paris-261-idees-soumises-au-vote-jusquau-23-septembre-04-09-2025-5ENDGLCWUBEN7DU6DPZPZ4VV2Y.php\" target=\"_self\" rel=\"nofollow noopener\">261 id\u00e9es qui ont \u00e9t\u00e9 retenues<\/a>, puis soumises au vote. Ce mardi 8 octobre, l\u2019\u00e9tau s\u2019est une nouvelle fois resserr\u00e9 avec la publication des r\u00e9sultats, qui ont vu 104 projets \u00eatre retenus.<\/p>\n<p class=\"paragraph text_align_left lp-f-body-02\">D\u00e9j\u00e0 au d\u00e9but de l\u2019ann\u00e9e, 2 079 propositions avaient \u00e9t\u00e9 recueillies. Un nombre en hausse de pr\u00e8s de 50 % par rapport \u00e0 l\u2019ann\u00e9e pr\u00e9c\u00e9dente. Puis, au moment de se prononcer sur les 261 id\u00e9es soumises au vote, 162 395 Parisiens et Parisiennes se sont d\u00e9plac\u00e9s dans les urnes. L\u00e0 encore, c\u2019est un taux jamais atteint jusque-l\u00e0.<\/p>\n<p class=\"paragraph text_align_left lp-f-body-02\">\u00ab Je me r\u00e9jouis que cette 11e \u00e9dition du budget participatif soit marqu\u00e9e par un record avec plus de 162 000 Parisiennes et Parisiens ayant pris part au vote \u00bb, se r\u00e9jouit l\u2019adjointe \u00e0 la Maire de Paris en charge de la vie associative, de la participation citoyenne et du d\u00e9bat public.<\/p>\n<p>Des \u00e9nonc\u00e9s tr\u00e8s pr\u00e9cis, d\u2019autres tr\u00e8s vagues<\/p>\n<p class=\"paragraph text_align_left lp-f-body-02\">Mais pour quoi les habitants de la capitale ont vot\u00e9 ? Dans le d\u00e9tail, les projets retenus vont de l\u2019ultra-local \u00e0 des pr\u00e9occupations \u00e0 l\u2019\u00e9chelle de la Ville, qui demeurent quelque peu vagues cependant : \u00ab Prot\u00e9ger la sant\u00e9 et lutter contre les pr\u00e9carit\u00e9s \u00bb et \u00ab Plus de propret\u00e9, plus de tri et moins de bruit \u00bb sont les deux projets retenus qui concernent l\u2019ensemble de Paris.<\/p>\n<p class=\"paragraph text_align_left lp-f-body-02\">Viennent ensuite les projets par arrondissement, avec des secteurs plus riches de propositions que d\u2019autres. En effet, une seule proposition a \u00e9t\u00e9 retenue pour le IXe arrondissement (ouvrir une maison sport-sant\u00e9 rue de la Tour des Dames) contre 9 dans les <a href=\"https:\/\/www.leparisien.fr\/paris-75\/paris-75012\/\" target=\"_self\" rel=\"nofollow noopener\">XIIe<\/a>, <a href=\"https:\/\/www.leparisien.fr\/paris-75\/paris-75013\/\" target=\"_self\" rel=\"nofollow noopener\">XIIIe<\/a>, <a href=\"https:\/\/www.leparisien.fr\/paris-75\/paris-75017\/\" target=\"_self\" rel=\"nofollow noopener\">XVIIe<\/a> et <a href=\"https:\/\/www.leparisien.fr\/paris-75\/paris-75018\/\" target=\"_self\" rel=\"nofollow noopener\">XVIIIe<\/a> arrondissements et m\u00eame 10 dans le <a href=\"https:\/\/www.leparisien.fr\/paris-75\/paris-75010\/\" target=\"_self\" rel=\"nofollow noopener\">Xe<\/a>.<\/p>\n<p class=\"paragraph text_align_left lp-f-body-02\">Dans le d\u00e9sordre, des probl\u00e9matiques tr\u00e8s locales ont \u00e9t\u00e9 retenues, comme la restauration des \u00e9glises Notre-Dame des Champs et Saint-Joseph des Carmes (VIe arrondissement), l\u2019agrandissement de l\u2019aire de jeux et l\u2019int\u00e9gration de poubelles au Parc Monceau (XIIIe) ou encore la r\u00e9novation des terrains de football du stade Faber et du parc Martin Luther King, dans le VIIe.<\/p>\n<p>Un accent mis sur l\u2019\u00e9cologique<\/p>\n<p class=\"paragraph text_align_left lp-f-body-02\">Dans de nombreux arrondissements, une attention est prot\u00e9e aux parcs, jardins, cour oasis et \u00e0 la v\u00e9g\u00e9talisation de l\u2019espace public en g\u00e9n\u00e9ral. Le sujet de la propret\u00e9 est \u00e9galement pr\u00e9sent dans presque chaque arrondissement, tout comme celui du scolaire avec des projets dans des \u00e9coles ou des cantines. Enfin, le souhait de r\u00e9novation voire de d\u00e9veloppement d\u2019\u00e9quipements sportifs est particuli\u00e8rement important.<\/p>\n<p class=\"paragraph text_align_left lp-f-body-02\">On remarque \u00e9galement que les arrondissements de l\u2019est et du nord de la capitale ont retenu de nombreux projets \u00e9cologiques, avec notamment des r\u00e9cup\u00e9rateurs d\u2019eaux des goutti\u00e8res dans le XIIe, plus de fleurs dans les rues du XVIIIe ou encore une facilitation du tri des d\u00e9chets dans le Ve.<\/p>\n","protected":false},"excerpt":{"rendered":"Le processus suit son cours. En janvier, les Parisiens et les Parisiennes \u00e9taient invit\u00e9s \u00e0 d\u00e9poser leurs id\u00e9es&hellip;\n","protected":false},"author":2,"featured_media":450227,"comment_status":"","ping_status":"","sticky":false,"template":"","format":"standard","meta":{"footnotes":""},"categories":[1888],"tags":[11,1777,674,1011,27,1944,12,626,25],"class_list":{"0":"post-450226","1":"post","2":"type-post","3":"status-publish","4":"format-standard","5":"has-post-thumbnail","7":"category-paris","8":"tag-actualites","9":"tag-eu","10":"tag-europe","11":"tag-fr","12":"tag-france","13":"tag-ma-ville","14":"tag-news","15":"tag-paris","16":"tag-republique-francaise"},"share_on_mastodon":{"url":"","error":""},"_links":{"self":[{"href":"https:\/\/www.europesays.com\/fr\/wp-json\/wp\/v2\/posts\/450226","targetHints":{"allow":["GET"]}}],"collection":[{"href":"https:\/\/www.europesays.com\/fr\/wp-json\/wp\/v2\/posts"}],"about":[{"href":"https:\/\/www.europesays.com\/fr\/wp-json\/wp\/v2\/types\/post"}],"author":[{"embeddable":true,"href":"https:\/\/www.europesays.com\/fr\/wp-json\/wp\/v2\/users\/2"}],"replies":[{"embeddable":true,"href":"https:\/\/www.europesays.com\/fr\/wp-json\/wp\/v2\/comments?post=450226"}],"version-history":[{"count":0,"href":"https:\/\/www.europesays.com\/fr\/wp-json\/wp\/v2\/posts\/450226\/revisions"}],"wp:featuredmedia":[{"embeddable":true,"href":"https:\/\/www.europesays.com\/fr\/wp-json\/wp\/v2\/media\/450227"}],"wp:attachment":[{"href":"https:\/\/www.europesays.com\/fr\/wp-json\/wp\/v2\/media?parent=450226"}],"wp:term":[{"taxonomy":"category","embeddable":true,"href":"https:\/\/www.europesays.com\/fr\/wp-json\/wp\/v2\/categories?post=450226"},{"taxonomy":"post_tag","embeddable":true,"href":"https:\/\/www.europesays.com\/fr\/wp-json\/wp\/v2\/tags?post=450226"}],"curies":[{"name":"wp","href":"https:\/\/api.w.org\/{rel}","templated":true}]}}