{"id":450234,"date":"2025-10-09T14:41:12","date_gmt":"2025-10-09T14:41:12","guid":{"rendered":"https:\/\/www.europesays.com\/fr\/450234\/"},"modified":"2025-10-09T14:41:12","modified_gmt":"2025-10-09T14:41:12","slug":"la-finlande-espere-conclure-un-accord-avec-les-etats-unis-sur-la-vente-de-brise-glaces","status":"publish","type":"post","link":"https:\/\/www.europesays.com\/fr\/450234\/","title":{"rendered":"La Finlande esp\u00e8re conclure un accord avec les \u00c9tats-Unis sur la vente de brise-glaces"},"content":{"rendered":"<p class=\"fig-paragraph\">Le pr\u00e9sident finlandais Alexander Stubb doit signer jeudi \u00e0 Washington un accord permettant la vente de plusieurs<a href=\"https:\/\/video.lefigaro.fr\/figaro\/international\/vladimir-poutine-assiste-a-linauguration-dun-brise-glace-nucleaire-20221122\" data-fig-type=\"Video\" data-gtm-custom-categorie=\"navigation\" data-gtm-custom-action=\"crossclick\" data-gtm-custom-label=\"Contextuel\" data-gtm-event=\"customEventSPE\" data-fig-domain=\"LEFIGARO\" target=\"_blank\" rel=\"noopener\">\u00a0brise-glaces<\/a>, renfor\u00e7ant la pr\u00e9sence am\u00e9ricaine en Arctique face \u00e0 la Russie et la Chine, conform\u00e9ment \u00e0 la volont\u00e9 de Donald Trump.<\/p>\n<p class=\"fig-paragraph\">\u00abJ&rsquo;ai h\u00e2te de me rendre aujourd&rsquo;hui \u00e0 la Maison Blanche avec le Premier ministre Orpo. Je signerai un protocole d&rsquo;accord sur la coop\u00e9ration en mati\u00e8re de brise-glaces avec le pr\u00e9sident des \u00c9tats-Unis\u00bb, a-t-il \u00e9crit sur X. \u00abCe protocole d&rsquo;accord (MOU) pose les bases d&rsquo;accords commerciaux entre les gardes-c\u00f4tes des \u00c9tats-Unis et des entreprises finlandaises\u00bb, a ajout\u00e9 Alexander Stubb. \u00abL&rsquo;administration am\u00e9ricaine a men\u00e9 des n\u00e9gociations directement avec les entreprises\u00bb.<\/p>\n<p>                                    <a class=\"fig-a11y-skip a11y-hidden\" href=\"#fig-a11y-skip-main-inarticle\"><br \/>\n        Passer la publicit\u00e9<br \/>\n    <\/a><\/p>\n<p class=\"fig-paragraph\">Le pr\u00e9sident des \u00c9tats-Unis affirme depuis plusieurs mois vouloir acqu\u00e9rir aupr\u00e8s de la Finlande ces \u00e9normes b\u00e2timents capables de briser la glace des mers arctiques. Le 11 ao\u00fbt 2025, l&rsquo;administration am\u00e9ricaine avait annonc\u00e9 la mise en service du \u00abpremier brise-glace arctique depuis un quart de si\u00e8cle\u00bb, le USCGC Storis, \u00e0 Juneau dans l&rsquo;Alaska. Ce navire est un ancien b\u00e2timent d&rsquo;assistance \u00e0 l&rsquo;industrie p\u00e9troli\u00e8re qui a \u00e9t\u00e9 r\u00e9nov\u00e9.<\/p>\n<p class=\"fig-paragraph\">Dans son communiqu\u00e9, le d\u00e9partement de la s\u00e9curit\u00e9 int\u00e9rieure a estim\u00e9 que les brise-glaces sont \u00abessentiels\u00bb \u00e0 la pr\u00e9sence am\u00e9ricaine en Arctique \u00aben raison de son potentiel croissant en mati\u00e8re d&rsquo;exploration p\u00e9troli\u00e8re et gazi\u00e8re, de min\u00e9raux critiques, de trafic commercial, de p\u00eache et de tourisme\u00bb. C&rsquo;est dans ce contexte que le pr\u00e9sident finlandais se rend aux \u00c9tats-Unis. Les deux dirigeants entretiennent de bonnes relations et ont nou\u00e9 des liens gr\u00e2ce au golf. \u00abJe suis fier que le savoir-faire arctique finlandais soit reconnu et appr\u00e9ci\u00e9. Cette coop\u00e9ration est b\u00e9n\u00e9fique pour les deux pays &#8211; la Finlande et les \u00c9tats-Unis. Cet accord n&rsquo;aurait pas \u00e9t\u00e9 possible sans le pr\u00e9sident Trump\u00bb, a poursuivi Alexander Stubb sur X.<\/p>\n<p class=\"fig-paragraph\">Le pr\u00e9sident Trump a pr\u00e9vu d&rsquo;octroyer 25 milliards de dollars \u00e0 sa Garde c\u00f4ti\u00e8re pour \u00abprot\u00e9ger cette r\u00e9gion\u00bb.<\/p>\n","protected":false},"excerpt":{"rendered":"Le pr\u00e9sident finlandais Alexander Stubb doit signer jeudi \u00e0 Washington un accord permettant la vente de plusieurs\u00a0brise-glaces, renfor\u00e7ant&hellip;\n","protected":false},"author":2,"featured_media":450235,"comment_status":"","ping_status":"","sticky":false,"template":"","format":"standard","meta":{"footnotes":""},"categories":[1589],"tags":[11,73,1866,219,12,1864,1865,1863,308],"class_list":{"0":"post-450234","1":"post","2":"type-post","3":"status-publish","4":"format-standard","5":"has-post-thumbnail","7":"category-etats-unis","8":"tag-actualites","9":"tag-etats-unis","10":"tag-etats-unis-damerique","11":"tag-finlande","12":"tag-news","13":"tag-united-states","14":"tag-united-states-of-america","15":"tag-us","16":"tag-usa"},"share_on_mastodon":{"url":"https:\/\/pubeurope.com\/@fr\/115344735271973474","error":""},"_links":{"self":[{"href":"https:\/\/www.europesays.com\/fr\/wp-json\/wp\/v2\/posts\/450234","targetHints":{"allow":["GET"]}}],"collection":[{"href":"https:\/\/www.europesays.com\/fr\/wp-json\/wp\/v2\/posts"}],"about":[{"href":"https:\/\/www.europesays.com\/fr\/wp-json\/wp\/v2\/types\/post"}],"author":[{"embeddable":true,"href":"https:\/\/www.europesays.com\/fr\/wp-json\/wp\/v2\/users\/2"}],"replies":[{"embeddable":true,"href":"https:\/\/www.europesays.com\/fr\/wp-json\/wp\/v2\/comments?post=450234"}],"version-history":[{"count":0,"href":"https:\/\/www.europesays.com\/fr\/wp-json\/wp\/v2\/posts\/450234\/revisions"}],"wp:featuredmedia":[{"embeddable":true,"href":"https:\/\/www.europesays.com\/fr\/wp-json\/wp\/v2\/media\/450235"}],"wp:attachment":[{"href":"https:\/\/www.europesays.com\/fr\/wp-json\/wp\/v2\/media?parent=450234"}],"wp:term":[{"taxonomy":"category","embeddable":true,"href":"https:\/\/www.europesays.com\/fr\/wp-json\/wp\/v2\/categories?post=450234"},{"taxonomy":"post_tag","embeddable":true,"href":"https:\/\/www.europesays.com\/fr\/wp-json\/wp\/v2\/tags?post=450234"}],"curies":[{"name":"wp","href":"https:\/\/api.w.org\/{rel}","templated":true}]}}