{"id":45024,"date":"2025-04-22T22:13:11","date_gmt":"2025-04-22T22:13:11","guid":{"rendered":"https:\/\/www.europesays.com\/fr\/45024\/"},"modified":"2025-04-22T22:13:11","modified_gmt":"2025-04-22T22:13:11","slug":"radio-en-ile-de-france-legere-progression-des-programmes-thematiques","status":"publish","type":"post","link":"https:\/\/www.europesays.com\/fr\/45024\/","title":{"rendered":"Radio en \u00cele-de-France : l\u00e9g\u00e8re progression des programmes th\u00e9matiques"},"content":{"rendered":"<p>En \u00cele-de-France, sur une journ\u00e9e moyenne de Lundi-Vendredi (5h-24h), la radio rassemble 6,4 millions d\u2019auditeurs de 13 ans et plus, pendant 2h39 par jour et par auditeur, selon <a target=\"_blank\" rel=\"noopener nofollow\" href=\"https:\/\/fr.themedialeader.com\/ear-insights-ile-de-france-de-mediametrie-les-radios-musicales-sont-ecoutes-par-de-69-des-franciliens\/\">M\u00e9diam\u00e9trie<\/a> qui a publi\u00e9 les chiffres des audiences radio pour la p\u00e9riode allant du 30 d\u00e9cembre 2024 au 30 mars 2025.<\/p>\n<p>Les programmes g\u00e9n\u00e9ralistes perdent quelques points de parts de march\u00e9 vs la derni\u00e8re vague de novembre-d\u00e9cembre 2024 : passant de 42,6% \u00e0 41,2% de PDA.<\/p>\n<p>France Inter r\u00e9alise, 17,1% vs 18% de PDA, suivie de RTL qui passe de 10,4 \u00e0 10,5% de PDA, RMC qui se stabilise de 7% \u00e0 6,8%. Europe 1 passe 6,4% de PDA \u00e0 6,1% sur la p\u00e9riode.<\/p>\n<p>Sur les musicales : Ch\u00e9rie FM et Fun Radio progressent sur la p\u00e9riode, passant respectivement de 1,7% \u00e0 2,2% de PDA et de 1,3% \u00e0 2,2%.<\/p>\n<p>Sur les th\u00e9matiques : France Culture et France Musique sont les deux seules stations \u00e0 progresser sur la p\u00e9riode.<\/p>\n<p><img loading=\"lazy\" decoding=\"async\" class=\"aligncenter wp-image-106544 size-full\" src=\"https:\/\/www.europesays.com\/fr\/wp-content\/uploads\/2025\/04\/Capture-decran-2025-04-22-a-14.11.08.png\" alt=\"\" width=\"1362\" height=\"1646\"  \/><\/p>\n","protected":false},"excerpt":{"rendered":"En \u00cele-de-France, sur une journ\u00e9e moyenne de Lundi-Vendredi (5h-24h), la radio rassemble 6,4 millions d\u2019auditeurs de 13 ans&hellip;\n","protected":false},"author":2,"featured_media":45025,"comment_status":"","ping_status":"","sticky":false,"template":"","format":"standard","meta":{"footnotes":""},"categories":[1592],"tags":[1111,11,4298,1777,674,1011,27,662,12,626,25],"class_list":{"0":"post-45024","1":"post","2":"type-post","3":"status-publish","4":"format-standard","5":"has-post-thumbnail","7":"category-ile-de-france","8":"tag-actu","9":"tag-actualites","10":"tag-chiffres","11":"tag-eu","12":"tag-europe","13":"tag-fr","14":"tag-france","15":"tag-ile-de-france","16":"tag-news","17":"tag-paris","18":"tag-republique-francaise"},"share_on_mastodon":{"url":"https:\/\/pubeurope.com\/@fr\/114383919765204425","error":""},"_links":{"self":[{"href":"https:\/\/www.europesays.com\/fr\/wp-json\/wp\/v2\/posts\/45024","targetHints":{"allow":["GET"]}}],"collection":[{"href":"https:\/\/www.europesays.com\/fr\/wp-json\/wp\/v2\/posts"}],"about":[{"href":"https:\/\/www.europesays.com\/fr\/wp-json\/wp\/v2\/types\/post"}],"author":[{"embeddable":true,"href":"https:\/\/www.europesays.com\/fr\/wp-json\/wp\/v2\/users\/2"}],"replies":[{"embeddable":true,"href":"https:\/\/www.europesays.com\/fr\/wp-json\/wp\/v2\/comments?post=45024"}],"version-history":[{"count":0,"href":"https:\/\/www.europesays.com\/fr\/wp-json\/wp\/v2\/posts\/45024\/revisions"}],"wp:featuredmedia":[{"embeddable":true,"href":"https:\/\/www.europesays.com\/fr\/wp-json\/wp\/v2\/media\/45025"}],"wp:attachment":[{"href":"https:\/\/www.europesays.com\/fr\/wp-json\/wp\/v2\/media?parent=45024"}],"wp:term":[{"taxonomy":"category","embeddable":true,"href":"https:\/\/www.europesays.com\/fr\/wp-json\/wp\/v2\/categories?post=45024"},{"taxonomy":"post_tag","embeddable":true,"href":"https:\/\/www.europesays.com\/fr\/wp-json\/wp\/v2\/tags?post=45024"}],"curies":[{"name":"wp","href":"https:\/\/api.w.org\/{rel}","templated":true}]}}