{"id":450242,"date":"2025-10-09T14:45:14","date_gmt":"2025-10-09T14:45:14","guid":{"rendered":"https:\/\/www.europesays.com\/fr\/450242\/"},"modified":"2025-10-09T14:45:14","modified_gmt":"2025-10-09T14:45:14","slug":"bruxelles-enquete-sur-une-possible-operation-despionnage-hongroise-a-la-commission-europeenne","status":"publish","type":"post","link":"https:\/\/www.europesays.com\/fr\/450242\/","title":{"rendered":"Bruxelles enqu\u00eate sur une possible op\u00e9ration d\u2019espionnage hongroise \u00e0 la Commission europ\u00e9enne"},"content":{"rendered":"<p>\n  Par&amp;nbsp<b>euronews<\/b>\n<\/p>\n<p>\n         Publi\u00e9 le<br \/>\n            09\/10\/2025 &#8211; 16:18 UTC+2\n            <\/p>\n<p>          <img decoding=\"async\" class=\"c-ad__placeholder__logo\" src=\"https:\/\/static.euronews.com\/website\/images\/logos\/logo-euronews-stacked-outlined-72x72-grey-9.svg\" width=\"72\" height=\"72\" alt=\"\" loading=\"lazy\"\/><br \/>\n          PUBLICIT\u00c9<\/p>\n<p>La Commission europ\u00e9enne a lanc\u00e9 une enqu\u00eate ce jeudi apr\u00e8s que plusieurs m\u00e9dias &#8211; parmi lesquels  le journal hongrois Direct36, ainsi que les journaux allemand Paper Trail Media et belge De Tijd &#8211; ont r\u00e9v\u00e9l\u00e9 que les services secrets hongrois auraient tent\u00e9 de recruter des employ\u00e9s de l&rsquo;UE \u00e0 Bruxelles en tant qu&rsquo;espions.<\/p>\n<p>Selon ces informations, des agents se pr\u00e9sentant comme des diplomates de la repr\u00e9sentation permanente de la Hongrie aupr\u00e8s de l\u2019UE auraient cibl\u00e9 du personnel hongrois de la Commission europ\u00e9enne, alors que des dossiers sensibles concernant le pays y sont discut\u00e9s. <\/p>\n<p>La Commission a indiqu\u00e9 prendre ces all\u00e9gations \u00ab\u00a0au s\u00e9rieux\u00a0\u00bb et \u00ab\u00a0faire tout son possible pour prot\u00e9ger son personnel et ses informations contre les activit\u00e9s illicites de collecte de renseignements\u00a0\u00bb.<\/p>\n<p>\u00ab\u00a0Nous allons mettre en place un groupe interne pour examiner ces all\u00e9gations\u00a0\u00bb, a d\u00e9clar\u00e9 Bal\u00e1zs Ujv\u00e1ri, porte-parole de la Commission.<\/p>\n<p><strong>La repr\u00e9sentation permanente hongroise, dirig\u00e9e par Oliv\u00e9r V\u00e1rhelyi \u00e0 l&rsquo;\u00e9poque<\/strong><\/p>\n<p>Selon les m\u00e9dias, le r\u00e9seau d&rsquo;espionnage hongrois op\u00e9rait sous la couverture diplomatique de la repr\u00e9sentation permanente de la Hongrie aupr\u00e8s de l&rsquo;UE \u00e0 Bruxelles.<\/p>\n<p>Un agent hongrois infiltr\u00e9 aurait \u00e9t\u00e9 d\u00e9tach\u00e9 aupr\u00e8s de la Commission europ\u00e9enne, o\u00f9 il a travaill\u00e9 sur des dossiers de s\u00e9curit\u00e9 et a eu acc\u00e8s \u00e0 des donn\u00e9es sensibles.<\/p>\n<p>La plupart de ces activit\u00e9s ont eu lieu entre 2012 et 2018, \u00e0 une \u00e9poque o\u00f9 les relations entre Budapest et Bruxelles se sont d\u00e9t\u00e9rior\u00e9es en raison de questions relatives \u00e0 l&rsquo;\u00c9tat de droit, \u00e0 la d\u00e9mocratie et \u00e0 la libert\u00e9 des m\u00e9dias en Hongrie.<\/p>\n<p>Entre 2015 et 2019, la repr\u00e9sentation permanente a \u00e9t\u00e9 dirig\u00e9e par Oliv\u00e9r V\u00e1rhelyi, actuel commissaire europ\u00e9en \u00e0 la Sant\u00e9.<\/p>\n<p>Selon le porte-parole de la Commission, les all\u00e9gations d&rsquo;espionnage ne concernent pas la p\u00e9riode post\u00e9rieure \u00e0 2019, ann\u00e9e durant laquelle Oliv\u00e9r V\u00e1rhelyi a obtenu son habilitation de s\u00e9curit\u00e9 pour devenir commissaire europ\u00e9en.<\/p>\n<p>\u00ab\u00a0Je ne pense pas que nous ayons eu ce type d&rsquo;informations \u00e0 ce moment-l\u00e0\u00a0\u00bb, a d\u00e9clar\u00e9 Bal\u00e1zs Ujv\u00e1ri. <\/p>\n<p>\u00ab\u00a0En ce qui concerne les commissaires, il est de leur responsabilit\u00e9 de s&rsquo;assurer qu&rsquo;ils respectent les dispositions du trait\u00e9 et le code de conduite. Et lorsqu&rsquo;ils prennent leurs fonctions, ils sont soumis \u00e0 un processus d&rsquo;examen approfondi, y compris l&rsquo;audition au Parlement europ\u00e9en\u00a0\u00bb, a-t-il poursuivi. <\/p>\n<p>Le service de presse du Parlement europ\u00e9en n&rsquo;a fait aucun commentaire sur l&rsquo;affaire pour le moment.<\/p>\n<p>Dans le cadre de la strat\u00e9gie g\u00e9n\u00e9rale de pr\u00e9vention, des mesures ont \u00e9t\u00e9 prises ces derni\u00e8res ann\u00e9es pour att\u00e9nuer les risques potentiels en mati\u00e8re de s\u00e9curit\u00e9, y compris une meilleure orientation pour les membres et le personnel, a pr\u00e9cis\u00e9 le service de presse.<\/p>\n<p>Selon Istv\u00e1n Szent-Iv\u00e1nyi, eurod\u00e9put\u00e9 et ancien membre de commission des Affaires \u00e9trang\u00e8res, cette affaire est \u00ab\u00a0scandaleuse \u00a0\u00bb et prouve que la Hongrie consid\u00e8re la Commission europ\u00e9enne et le Parlement comme des \u00ab\u00a0ennemis\u00a0\u00bb.<\/p>\n<p>\u00ab\u00a0Il est inqui\u00e9tant qu&rsquo;ils aient voulu recruter du personnel hongrois de l&rsquo;UE. Il en r\u00e9sulte une m\u00e9fiance \u00e0 l&rsquo;\u00e9gard des employ\u00e9s hongrois, qui sont consid\u00e9r\u00e9s comme des espions et des ennemis potentiels\u00a0\u00bb, a-t-il \u00e9crit dans un message publi\u00e9 jeudi sur Facebook.<\/p>\n","protected":false},"excerpt":{"rendered":"Par&amp;nbspeuronews Publi\u00e9 le 09\/10\/2025 &#8211; 16:18 UTC+2 PUBLICIT\u00c9 La Commission europ\u00e9enne a lanc\u00e9 une enqu\u00eate ce jeudi apr\u00e8s&hellip;\n","protected":false},"author":2,"featured_media":450243,"comment_status":"","ping_status":"","sticky":false,"template":"","format":"standard","meta":{"footnotes":""},"categories":[1586],"tags":[11,2360,1777,674,1779,1011,27,804,12,25,1778,364],"class_list":{"0":"post-450242","1":"post","2":"type-post","3":"status-publish","4":"format-standard","5":"has-post-thumbnail","7":"category-europe","8":"tag-actualites","9":"tag-bruxelles","10":"tag-eu","11":"tag-europe","12":"tag-european-union","13":"tag-fr","14":"tag-france","15":"tag-hongrie","16":"tag-news","17":"tag-republique-francaise","18":"tag-ue","19":"tag-union-europeenne"},"share_on_mastodon":{"url":"https:\/\/pubeurope.com\/@fr\/115344751450251003","error":""},"_links":{"self":[{"href":"https:\/\/www.europesays.com\/fr\/wp-json\/wp\/v2\/posts\/450242","targetHints":{"allow":["GET"]}}],"collection":[{"href":"https:\/\/www.europesays.com\/fr\/wp-json\/wp\/v2\/posts"}],"about":[{"href":"https:\/\/www.europesays.com\/fr\/wp-json\/wp\/v2\/types\/post"}],"author":[{"embeddable":true,"href":"https:\/\/www.europesays.com\/fr\/wp-json\/wp\/v2\/users\/2"}],"replies":[{"embeddable":true,"href":"https:\/\/www.europesays.com\/fr\/wp-json\/wp\/v2\/comments?post=450242"}],"version-history":[{"count":0,"href":"https:\/\/www.europesays.com\/fr\/wp-json\/wp\/v2\/posts\/450242\/revisions"}],"wp:featuredmedia":[{"embeddable":true,"href":"https:\/\/www.europesays.com\/fr\/wp-json\/wp\/v2\/media\/450243"}],"wp:attachment":[{"href":"https:\/\/www.europesays.com\/fr\/wp-json\/wp\/v2\/media?parent=450242"}],"wp:term":[{"taxonomy":"category","embeddable":true,"href":"https:\/\/www.europesays.com\/fr\/wp-json\/wp\/v2\/categories?post=450242"},{"taxonomy":"post_tag","embeddable":true,"href":"https:\/\/www.europesays.com\/fr\/wp-json\/wp\/v2\/tags?post=450242"}],"curies":[{"name":"wp","href":"https:\/\/api.w.org\/{rel}","templated":true}]}}