{"id":450254,"date":"2025-10-09T14:55:11","date_gmt":"2025-10-09T14:55:11","guid":{"rendered":"https:\/\/www.europesays.com\/fr\/450254\/"},"modified":"2025-10-09T14:55:11","modified_gmt":"2025-10-09T14:55:11","slug":"le-syndicat-des-joueurs-defend-rabiot-apres-sa-sortie-sur-la-delocalisation-dac-milan-come-en-australie","status":"publish","type":"post","link":"https:\/\/www.europesays.com\/fr\/450254\/","title":{"rendered":"le syndicat des joueurs d\u00e9fend Rabiot apr\u00e8s sa sortie sur la d\u00e9localisation d&rsquo;AC Milan-C\u00f4me en Australie"},"content":{"rendered":"<p>\n    L\u2019Union nationale des footballeurs professionnels a soutenu le joueur de l\u2019AC Milan, \u00e0 propos de ses propos dans le Figaro, sur la d\u00e9localisation d\u2019AC Milan-C\u00f4me en Australie.<\/p>\n<p class=\"fig-paragraph\"><a href=\"http:\/\/www.lefigaro.fr\/sports\/football\/equipe-de-france\/j-essaie-toujours-d-etre-humble-et-bien-eduque-adrien-rabiot-au-figaro-sort-du-silence-apres-son-depart-de-l-om-20251007\" data-fig-type=\"Article\" data-gtm-custom-categorie=\"navigation\" data-gtm-custom-action=\"crossclick\" data-gtm-custom-label=\"Contextuel\" data-gtm-event=\"customEventSPE\" data-fig-domain=\"LEFIGARO\" target=\"_blank\" rel=\"noopener\">Un entretien dans nos colonnes qui fait parler<\/a>. L&rsquo;Union nationale des footballeurs professionnels (UNFP) a apport\u00e9 jeudi son soutien \u00e0\u00a0<a href=\"https:\/\/www.lefigaro.fr\/sports\/football\/equipe-de-france\/j-essaie-toujours-d-etre-humble-et-bien-eduque-adrien-rabiot-au-figaro-sort-du-silence-apres-son-depart-de-l-om-20251007?msockid=2338e949ff1a6caa28edff13fe766dd0\" target=\"_blank\" data-fig-type=\"Article\" rel=\"sponsored noopener\" data-gtm-custom-categorie=\"navigation\" data-gtm-custom-action=\"crossclick\" data-gtm-custom-label=\"Contextuel\" data-gtm-event=\"customEventSPE\" data-fig-domain=\"LEFIGARO\">Adrien Rabiot<\/a>, tanc\u00e9 la veille par le directeur g\u00e9n\u00e9ral de la\u00a0<a href=\"http:\/\/www.lefigaro.fr\/sports\/football\/italie\/rabiot-oublie-qu-il-est-paye-des-millions-pour-jouer-au-football-selon-la-serie-a-qui-repond-sechement-au-francais-20251008\" data-fig-type=\"NewsFlash\" data-gtm-custom-categorie=\"navigation\" data-gtm-custom-action=\"crossclick\" data-gtm-custom-label=\"Contextuel\" data-gtm-event=\"customEventSPE\" data-fig-domain=\"LEFIGARO\" target=\"_blank\" rel=\"noopener\">Serie A<\/a>\u00a0pour avoir estim\u00e9 \u00abtotalement fou\u00bb de jouer le match AC Milan-C\u00f4me en Australie.<\/p>\n<p class=\"fig-paragraph\">\u00abLe constat d&rsquo;Adrien Rabiot est partag\u00e9 par la grande majorit\u00e9 des joueurs parce qu&rsquo;il est juste, parce qu&rsquo;il repose sur une connaissance empirique du football et du m\u00e9tier de footballeur\u00bb, estime le syndicat des joueurs fran\u00e7ais dans un communiqu\u00e9.<\/p>\n<p>                                    <a class=\"fig-a11y-skip a11y-hidden\" href=\"#fig-a11y-skip-main-inarticle\"><br \/>\n        Passer la publicit\u00e9<br \/>\n    <\/a><\/p>\n<p class=\"fig-paragraph\">Tous les footballeurs \u00abne sont pas en capacit\u00e9 d&rsquo;avoir acc\u00e8s aux m\u00e9dias, de s&rsquo;exprimer ainsi, poursuit l&rsquo;UNFP. Qu&rsquo;ils sachent pourtant qu&rsquo;en leur qualit\u00e9 de premiers acteurs du jeu, ils ont le droit et m\u00eame le devoir de faire entendre leurs voix\u00bb.<\/p>\n<p class=\"fig-paragraph\">\u00abLa libert\u00e9 d&rsquo;expression des footballeurs est un principe fondamental que l&rsquo;UNFP d\u00e9fendra toujours, \u00e0 l&rsquo;instar de la FIFPRO, le syndicat mondial des joueurs\u00bb, rappelle encore le syndicat.<\/p>\n<p class=\"fig-paragraph\">Dans un entretien au quotidien Le Figaro publi\u00e9 mardi, Rabiot, qui a rejoint fin ao\u00fbt l&rsquo;AC Milan en provenance de Marseille, a qualifi\u00e9 de \u00abtotalement fou\u00bb le d\u00e9placement de son club \u00e0 Perth, en Australie en f\u00e9vrier pour affronter C\u00f4me dans le cadre de la 24e journ\u00e9e du Championnat d&rsquo;Italie.<\/p>\n<p>\u00ab Tout cela nous d\u00e9passe\u00a0\u00bb<\/p>\n<p class=\"fig-paragraph\">\u00abTout cela nous d\u00e9passe. Le sujet des calendriers, de la sant\u00e9 des joueurs, est beaucoup discut\u00e9, et tout \u00e7a para\u00eet fou. C&rsquo;est dingue de faire autant de kilom\u00e8tres pour faire un match entre deux \u00e9quipes italiennes en Australie. On doit s&rsquo;adapter. Comme toujours\u00bb, a poursuivi l&rsquo;international fran\u00e7ais.<\/p>\n<p class=\"fig-paragraph\">En r\u00e9ponse aux critiques de Rabiot, le directeur g\u00e9n\u00e9ral de la Ligue italienne de football Luigi De Siervo a affirm\u00e9 que \u00abRabiot oublie, comme tous les footballeurs qui gagnent des millions d&rsquo;euros, qu&rsquo;ils sont pay\u00e9s pour exercer une activit\u00e9, c&rsquo;est-\u00e0-dire jouer au football\u00bb.<\/p>\n<p>                                    <a class=\"fig-a11y-skip a11y-hidden\" href=\"#fig-a11y-skip-main-inarticle_mtf\"><br \/>\n        Passer la publicit\u00e9<br \/>\n    <\/a><\/p>\n<p class=\"fig-paragraph\">\u00abIl devrait respecter l&rsquo;argent qu&rsquo;il gagne et se montrer plus en accord avec ce que veut son employeur, c&rsquo;est-\u00e0-dire l&rsquo;AC Milan, qui a accept\u00e9 et pouss\u00e9 pour que ce match puisse se jouer \u00e0 l&rsquo;\u00e9tranger\u00bb, a-t-il encore tanc\u00e9 en marge de l&rsquo;assembl\u00e9e g\u00e9n\u00e9rale de la Lega Serie A, selon des propos rapport\u00e9s par la presse italienne.<\/p>\n","protected":false},"excerpt":{"rendered":"L\u2019Union nationale des footballeurs professionnels a soutenu le joueur de l\u2019AC Milan, \u00e0 propos de ses propos dans&hellip;\n","protected":false},"author":2,"featured_media":450255,"comment_status":"","ping_status":"","sticky":false,"template":"","format":"standard","meta":{"footnotes":""},"categories":[1412],"tags":[454,69,448,83,451,64,450,449,1451,1452,1453,1454,1455,1011,27,452,453,66,446,447,70,60,455],"class_list":{"0":"post-450254","1":"post","2":"type-post","3":"status-publish","4":"format-standard","5":"has-post-thumbnail","7":"category-f1","8":"tag-ballon-dor","9":"tag-bundesliga","10":"tag-champions-league","11":"tag-coupe-de-france","12":"tag-coupe-du-monde","13":"tag-equipe-de-france","14":"tag-euro","15":"tag-europa-league","16":"tag-f1","17":"tag-formula-1","18":"tag-formula1","19":"tag-formule-1","20":"tag-formule1","21":"tag-fr","22":"tag-france","23":"tag-italie","24":"tag-liga","25":"tag-ligue-1","26":"tag-ligue-2","27":"tag-ligue-des-champions","28":"tag-premier-league","29":"tag-sports","30":"tag-uefa"},"share_on_mastodon":{"url":"https:\/\/pubeurope.com\/@fr\/115344790161899816","error":""},"_links":{"self":[{"href":"https:\/\/www.europesays.com\/fr\/wp-json\/wp\/v2\/posts\/450254","targetHints":{"allow":["GET"]}}],"collection":[{"href":"https:\/\/www.europesays.com\/fr\/wp-json\/wp\/v2\/posts"}],"about":[{"href":"https:\/\/www.europesays.com\/fr\/wp-json\/wp\/v2\/types\/post"}],"author":[{"embeddable":true,"href":"https:\/\/www.europesays.com\/fr\/wp-json\/wp\/v2\/users\/2"}],"replies":[{"embeddable":true,"href":"https:\/\/www.europesays.com\/fr\/wp-json\/wp\/v2\/comments?post=450254"}],"version-history":[{"count":0,"href":"https:\/\/www.europesays.com\/fr\/wp-json\/wp\/v2\/posts\/450254\/revisions"}],"wp:featuredmedia":[{"embeddable":true,"href":"https:\/\/www.europesays.com\/fr\/wp-json\/wp\/v2\/media\/450255"}],"wp:attachment":[{"href":"https:\/\/www.europesays.com\/fr\/wp-json\/wp\/v2\/media?parent=450254"}],"wp:term":[{"taxonomy":"category","embeddable":true,"href":"https:\/\/www.europesays.com\/fr\/wp-json\/wp\/v2\/categories?post=450254"},{"taxonomy":"post_tag","embeddable":true,"href":"https:\/\/www.europesays.com\/fr\/wp-json\/wp\/v2\/tags?post=450254"}],"curies":[{"name":"wp","href":"https:\/\/api.w.org\/{rel}","templated":true}]}}