{"id":450260,"date":"2025-10-09T14:58:10","date_gmt":"2025-10-09T14:58:10","guid":{"rendered":"https:\/\/www.europesays.com\/fr\/450260\/"},"modified":"2025-10-09T14:58:10","modified_gmt":"2025-10-09T14:58:10","slug":"brooklyn-beckham-absent-dun-evenement-important-pour-sa-mere-victoria-beckham","status":"publish","type":"post","link":"https:\/\/www.europesays.com\/fr\/450260\/","title":{"rendered":"Brooklyn Beckham, absent d&rsquo;un \u00e9v\u00e8nement important pour sa m\u00e8re Victoria Beckham"},"content":{"rendered":"<p>Deux ans apr\u00e8s le succ\u00e8s du <a href=\"https:\/\/www.parismatch.com\/people\/victoria-et-david-beckham-racontent-leurs-premiers-rencards-dans-des-parkings-229847\" target=\"_blank\" rel=\"nofollow noopener\">documentaire \u00ab\u00a0Beckham\u00a0\u00bb sur Netflix<\/a> (qui se concentre sur la carri\u00e8re de David essentiellement), c\u2019est au tour de son \u00e9pouse Victoria de briller. Cet automne, une s\u00e9rie d\u2019\u00e9pisodes va para\u00eetre sur la plateforme de streaming, revenant sur <a href=\"https:\/\/www.parismatch.com\/people\/victoria-beckham-liberee-grace-aux-spice-girls-elle-explique-230418\" target=\"_blank\" rel=\"nofollow noopener\">sa vie de chanteuse<\/a>, de cr\u00e9atrice de mode mais aussi de m\u00e8re &#8211; plus ou moins &#8211; accomplie. Ce mercredi 8\u00a0octobre, \u00e0 Londres, l\u2019avant-premi\u00e8re de ce vaste projet s\u2019est tenue au cin\u00e9ma Curzon Mayfair, en pr\u00e9sence de l\u2019ensemble des Beckham sauf un\u2026<\/p>\n<p><a href=\"https:\/\/www.parismatch.com\/bio\/brooklyn-beckham\" target=\"_blank\" rel=\"nofollow noopener\">Brooklyn<\/a>, l\u2019a\u00een\u00e9 de la fratrie, n\u2019a pas saut\u00e9 dans le premier avion pour rejoindre sa famille \u00e0 Londres. Loin de l\u00e0. En rupture avec les siens depuis son mariage avec Nicola Peltz, leurs relations sont devenues plus que tendues. Absent pour l\u2019anniversaire de ses parents et de sa petite s\u0153ur, absent pour les traditionnelles vacances en famille dans le sud de la France, absent de <a href=\"https:\/\/www.parismatch.com\/dossiers\/fashion-week\" target=\"_blank\" rel=\"nofollow noopener\">la Fashion Week<\/a> pour soutenir Victoria\u2026 Sa pr\u00e9sence ce mercredi aurait \u00e9t\u00e9, finalement, tr\u00e8s surprenante.<\/p>\n<p>    La suite apr\u00e8s cette publicit\u00e9<\/p>\n<p>Cruz, Rom\u00e9o et Harper font front sans leur fr\u00e8re<\/p>\n<p>Si Brooklyn manque \u00e0 l&rsquo;appel, du c\u00f4t\u00e9 de ses fr\u00e8res et s\u0153ur c\u2019est l\u2019inverse. Il y a quelques jours, <a href=\"https:\/\/www.parismatch.com\/bio\/romeo-beckham\" target=\"_blank\" rel=\"nofollow noopener\">Rom\u00e9o<\/a> (23\u00a0ans), Cruz (20\u00a0ans) et Harper (14\u00a0ans) <a href=\"https:\/\/www.parismatch.com\/People\/les-beckham-debarquent-a-paname-entre-crise-familiale-et-fashion-week-258085\" target=\"_blank\" rel=\"nofollow noopener\">sont apparus \u00e0 Paris pour la Fashion Week<\/a>, d\u00e9termin\u00e9s \u00e0 soutenir et encourager leur m\u00e8re lors du d\u00e9fil\u00e9 de sa marque. Entour\u00e9e de son \u00e9poux David et de sa belle-m\u00e8re Sandra Georgina West, Victoria est rest\u00e9e digne comme \u00e0 son habitude, sans montrer le moindre signe de tristesse face \u00e0 l\u2019absence de son fils ch\u00e9ri.<\/p>\n","protected":false},"excerpt":{"rendered":"Deux ans apr\u00e8s le succ\u00e8s du documentaire \u00ab\u00a0Beckham\u00a0\u00bb sur Netflix (qui se concentre sur la carri\u00e8re de David&hellip;\n","protected":false},"author":2,"featured_media":450261,"comment_status":"","ping_status":"","sticky":false,"template":"","format":"standard","meta":{"footnotes":""},"categories":[1359],"tags":[58,59,1011,27,973],"class_list":{"0":"post-450260","1":"post","2":"type-post","3":"status-publish","4":"format-standard","5":"has-post-thumbnail","7":"category-people","8":"tag-divertissement","9":"tag-entertainment","10":"tag-fr","11":"tag-france","12":"tag-people"},"share_on_mastodon":{"url":"https:\/\/pubeurope.com\/@fr\/115344802159777895","error":""},"_links":{"self":[{"href":"https:\/\/www.europesays.com\/fr\/wp-json\/wp\/v2\/posts\/450260","targetHints":{"allow":["GET"]}}],"collection":[{"href":"https:\/\/www.europesays.com\/fr\/wp-json\/wp\/v2\/posts"}],"about":[{"href":"https:\/\/www.europesays.com\/fr\/wp-json\/wp\/v2\/types\/post"}],"author":[{"embeddable":true,"href":"https:\/\/www.europesays.com\/fr\/wp-json\/wp\/v2\/users\/2"}],"replies":[{"embeddable":true,"href":"https:\/\/www.europesays.com\/fr\/wp-json\/wp\/v2\/comments?post=450260"}],"version-history":[{"count":0,"href":"https:\/\/www.europesays.com\/fr\/wp-json\/wp\/v2\/posts\/450260\/revisions"}],"wp:featuredmedia":[{"embeddable":true,"href":"https:\/\/www.europesays.com\/fr\/wp-json\/wp\/v2\/media\/450261"}],"wp:attachment":[{"href":"https:\/\/www.europesays.com\/fr\/wp-json\/wp\/v2\/media?parent=450260"}],"wp:term":[{"taxonomy":"category","embeddable":true,"href":"https:\/\/www.europesays.com\/fr\/wp-json\/wp\/v2\/categories?post=450260"},{"taxonomy":"post_tag","embeddable":true,"href":"https:\/\/www.europesays.com\/fr\/wp-json\/wp\/v2\/tags?post=450260"}],"curies":[{"name":"wp","href":"https:\/\/api.w.org\/{rel}","templated":true}]}}