{"id":450262,"date":"2025-10-09T14:59:15","date_gmt":"2025-10-09T14:59:15","guid":{"rendered":"https:\/\/www.europesays.com\/fr\/450262\/"},"modified":"2025-10-09T14:59:15","modified_gmt":"2025-10-09T14:59:15","slug":"sommes-nous-donc-tous-devenus-des-experts","status":"publish","type":"post","link":"https:\/\/www.europesays.com\/fr\/450262\/","title":{"rendered":"Sommes-nous donc tous devenus des experts\u00a0?"},"content":{"rendered":"<p>Et vous, vous en \u00eates o\u00f9 dans votre pratique photo\u00a0? Car si l\u2019on se fie \u00e0 une r\u00e9cente \u00e9tude Sociovision* r\u00e9alis\u00e9e pour le <a href=\"https:\/\/www.lesalondelaphoto.com\" rel=\"nofollow noopener\" target=\"_blank\" class=\"c-link c-link--is-underlined\">Salon de la Photo<\/a>** qui se tient du 9 au 12\u00a0octobre, nous serions nombreux \u00e0 vraiment toucher notre bille en photo\u00a0! Ainsi 42\u00a0% de personnes qui prennent des photos se consid\u00e8rent comme \u00ab\u00a0expertes\u00a0\u00bb en la mati\u00e8re\u00a0!<\/p>\n<p><img decoding=\"async\" alt=\"L'affiche du Salon de la Photo 2025.\" class=\"c-img\" loading=\"lazy\" fetchpriority=\"auto\" width=\"718\"  src=\"https:\/\/img.20mn.fr\/afGs0cnKQ3qn9wra3AdQ6ik\/718x0-0.09999999999998899x1.3771414756774902-99.9\" \/>L&rsquo;affiche du Salon de la Photo 2025.\u2002-\u00a0Salon de la Photo<\/p>\n<p>Bon, si d\u2019apr\u00e8s nous ce chiffre est \u00e0 relativiser au regard de la qualit\u00e9 calamiteuse de nombreuses photos qui s\u00e9vissent quotidiennement sur les r\u00e9seaux sociaux, il n\u2019en reste pas moins qu\u2019il a progress\u00e9 de 13 points en dix ans.<\/p>\n<p>Une \u00e9rosion in\u00e9luctable<\/p>\n<p>Souvenons-nous, en\u00a02015, nous prenions des photos en 8 m\u00e9gapixels avec l\u2019iPhone 6, ou avec des smartphones de sa g\u00e9n\u00e9ration. Canon et Nikon \u00e9taient encore un peu les rois du p\u00e9trole avec leurs reflex num\u00e9riques. Et si au <a href=\"https:\/\/www.20minutes.fr\/high-tech\/1724039-20151105-salon-photo-2015-objectif-renouveau\" class=\"c-link c-link--is-underlined\" target=\"_blank\" rel=\"noopener\">Salon de la Photo 2015<\/a>, <a href=\"https:\/\/www.20minutes.fr\/dossier\/sony\" class=\"c-link c-link--is-underlined\" target=\"_blank\" rel=\"noopener\">Sony<\/a> d\u00e9voilait en exclusivit\u00e9 mondiale son alpha 68, ce reflex APS-C de 24 m\u00e9gapixels \u00e9tait comme l\u2019arbre qui cachait la for\u00eat. Car alors, les ventes d\u2019appareils photos \u00e9taient d\u00e9j\u00e0 en berne depuis trois ans, accusant -20\u00a0% pour les reflex, -17\u00a0% pour les bridges, et -26\u00a0% pour les compacts. Une \u00e9rosion in\u00e9luctable.<\/p>\n<p><img decoding=\"async\" alt=\"Le smartphone, porte d'entr\u00e9e dans le monde de la photo et de la vid\u00e9o.\" class=\"c-img\" loading=\"lazy\" fetchpriority=\"auto\" width=\"718\"  src=\"https:\/\/img.20mn.fr\/qfo3LH-QQHiYPL0TUPYnQik\/718x0\" \/>Le smartphone, porte d&rsquo;entr\u00e9e dans le monde de la photo et de la vid\u00e9o.\u2002-\u00a0Arthur CHAMBRE\/Salon de la Photo<\/p>\n<p>Reste qu\u2019en\u00a02025, le Salon de la photo pr\u00e9f\u00e8re communiquer sur les passionn\u00e9s photo (62\u00a0% de pratiquants d\u00e9clarent l\u2019\u00eatre) que sur les ventes d\u2019appareils photo\u2026<\/p>\n<p>La vid\u00e9o est-elle l\u2019avenir de la photo\u00a0?<\/p>\n<p>Passionn\u00e9s qui, il faut bien l\u2019avouer, ont \u00e9volu\u00e9 dans leurs pratiques. Si le smartphone demeure \u00ab\u00a0l\u2019appareil photo\u00a0\u00bb de pr\u00e9dilection, les fabricants d\u2019appareils, comme Canon et son r\u00e9cent <a href=\"https:\/\/www.20minutes.fr\/high-tech\/4145586-20250327-appareil-photo-faire-videos-reseaux-eos-r50v-canon-vise-createurs-contenu\" class=\"c-link c-link--is-underlined\" target=\"_blank\" rel=\"noopener\">EOS R50V<\/a> d\u00e9di\u00e9 aux cr\u00e9ateurs de contenus, ont bien compris que toute une client\u00e8le de vlogueurs \u00e9tait \u00e0 s\u00e9duire. Et plut\u00f4t de jeunes vlogueurs. Car si la photo \u00ab\u00a0Souvenir\u00a0\u00bb reste une pratique partag\u00e9e par 53\u00a0% des personnes interrog\u00e9es (\u00e0 43\u00a0% pour les 15-29 ans, 51\u00a0% pour les 30- 49 et 67\u00a0% pour les 50-65), l\u2019enqu\u00eate Sociovision confirme que la vid\u00e9o est devenue un sport national chez les photographes.<\/p>\n<\/p>\n<p>32\u00a0% des personnes qui filment le font ainsi quotidiennement (47\u00a0% pour la Gen Z), tandis que 38\u00a0% des 15-29 ans r\u00e9alisent des vid\u00e9os chaque semaine, que 34\u00a0% les postent sur les plateformes et que 27\u00a0% font du montage. <a href=\"https:\/\/www.20minutes.fr\/high-tech\/youtube\/\" class=\"c-link c-link--is-underlined\" target=\"_blank\" rel=\"noopener\">YouTube<\/a>, mais plus encore <a href=\"https:\/\/www.20minutes.fr\/high-tech\/instagram\/\" class=\"c-link c-link--is-underlined\" target=\"_blank\" rel=\"noopener\">Instagram<\/a> et <a href=\"https:\/\/www.20minutes.fr\/high-tech\/tiktok\/\" class=\"c-link c-link--is-underlined\" target=\"_blank\" rel=\"noopener\">TikTok<\/a> ne sont pas loin. D\u2019ailleurs, les vid\u00e9os face cam\u00e9ra repr\u00e9senteraient 19\u00a0% des usages.<\/p>\n<p>Demain, tous des pros\u00a0!<\/p>\n<p>\u00ab\u00a0Demain, la photographie pourrait davantage inte\u0301grer des dimensions hybrides, me\u0302lant prise de vue, montage, narration et partage. Le profil du photographe amateur sera sans doute plus complet, plus agile, plus autonome\u00a0\u00bb, notent les responsables de l\u2019\u00e9tude. Plus \u00ab\u00a0pro\u00a0\u00bb\u00a0? Tout agile qu\u2019il sera, le photographe de demain devra aussi composer avec l\u2019<a href=\"https:\/\/www.20minutes.fr\/dossier\/intelligence_artificielle\" class=\"c-link c-link--is-underlined\" target=\"_blank\" rel=\"noopener\">intelligence artificielle<\/a>, d\u00e9j\u00e0 employ\u00e9e par 57\u00a0% des pratiquants pour am\u00e9liorer leurs images.<\/p>\n<p><a href=\"https:\/\/www.20minutes.fr\/dossier\/photo\" class=\"c-link c-btn c-btn--primary\" target=\"_blank\" rel=\"noopener\">Nos articles sur la Photo<\/a><\/p>\n<p>Malgr\u00e9 tout, 23\u00a0% voient en l\u2019IA une menace (17\u00a0% chez les plus de 50 ans). Entre cr\u00e9ativit\u00e9 et authenticit\u00e9, s\u2019ouvre aussi un d\u00e9bat g\u00e9n\u00e9rationnel autour de l\u2019image\u00a0: les seniors\u00a0photographient pour se souvenir, la Gen Z\u00a0pour s\u2019amuser.<\/p>\n<p>* R\u00e9alis\u00e9e aupr\u00e8s d\u2019un \u00e9chantillon de 1.000 personnes \u00e2g\u00e9es de 15 \u00e0 65 ans.<\/p>\n<p>** De 10 heures \u00e0 19 heures. Entr\u00e9e\u00a0: 13 euros (plein tarif)\u00a0; 7 euros (tarif r\u00e9duit).<\/p>\n","protected":false},"excerpt":{"rendered":"Et vous, vous en \u00eates o\u00f9 dans votre pratique photo\u00a0? Car si l\u2019on se fie \u00e0 une r\u00e9cente&hellip;\n","protected":false},"author":2,"featured_media":450263,"comment_status":"","ping_status":"","sticky":false,"template":"","format":"standard","meta":{"footnotes":""},"categories":[1358],"tags":[1348,1384,1385,27673,1386,58,59,1011,27,142,662,2440,626,2745,6290,8209,2439,133,2784],"class_list":{"0":"post-450262","1":"post","2":"type-post","3":"status-publish","4":"format-standard","5":"has-post-thumbnail","7":"category-arts-et-design","8":"tag-arts","9":"tag-arts-and-design","10":"tag-arts-et-design","11":"tag-canon","12":"tag-design","13":"tag-divertissement","14":"tag-entertainment","15":"tag-fr","16":"tag-france","17":"tag-high-tech","18":"tag-ile-de-france","19":"tag-instagram","20":"tag-paris","21":"tag-photo","22":"tag-salon","23":"tag-sony","24":"tag-tiktok","25":"tag-video","26":"tag-youtube"},"share_on_mastodon":{"url":"https:\/\/pubeurope.com\/@fr\/115344806636192373","error":""},"_links":{"self":[{"href":"https:\/\/www.europesays.com\/fr\/wp-json\/wp\/v2\/posts\/450262","targetHints":{"allow":["GET"]}}],"collection":[{"href":"https:\/\/www.europesays.com\/fr\/wp-json\/wp\/v2\/posts"}],"about":[{"href":"https:\/\/www.europesays.com\/fr\/wp-json\/wp\/v2\/types\/post"}],"author":[{"embeddable":true,"href":"https:\/\/www.europesays.com\/fr\/wp-json\/wp\/v2\/users\/2"}],"replies":[{"embeddable":true,"href":"https:\/\/www.europesays.com\/fr\/wp-json\/wp\/v2\/comments?post=450262"}],"version-history":[{"count":0,"href":"https:\/\/www.europesays.com\/fr\/wp-json\/wp\/v2\/posts\/450262\/revisions"}],"wp:featuredmedia":[{"embeddable":true,"href":"https:\/\/www.europesays.com\/fr\/wp-json\/wp\/v2\/media\/450263"}],"wp:attachment":[{"href":"https:\/\/www.europesays.com\/fr\/wp-json\/wp\/v2\/media?parent=450262"}],"wp:term":[{"taxonomy":"category","embeddable":true,"href":"https:\/\/www.europesays.com\/fr\/wp-json\/wp\/v2\/categories?post=450262"},{"taxonomy":"post_tag","embeddable":true,"href":"https:\/\/www.europesays.com\/fr\/wp-json\/wp\/v2\/tags?post=450262"}],"curies":[{"name":"wp","href":"https:\/\/api.w.org\/{rel}","templated":true}]}}