{"id":450264,"date":"2025-10-09T15:00:17","date_gmt":"2025-10-09T15:00:17","guid":{"rendered":"https:\/\/www.europesays.com\/fr\/450264\/"},"modified":"2025-10-09T15:00:17","modified_gmt":"2025-10-09T15:00:17","slug":"le-jeudi-je-lis-fait-sa-rentree-a-argenton","status":"publish","type":"post","link":"https:\/\/www.europesays.com\/fr\/450264\/","title":{"rendered":"Le \u00ab\u00a0Jeudi je lis\u00a0\u00bb fait sa rentr\u00e9e \u00e0 Argenton"},"content":{"rendered":"<p>Le cercle de lecture de la biblioth\u00e8que d\u2019Argenton, le \u00ab\u00a0Jeudi Je Lis\u00a0\u00bb a fait sa rentr\u00e9e 25\u00a0septembre 2025. Chaque mois, des passionn\u00e9es de lecture se retrouvent pour parler des livres. Autour d\u2019un th\u00e8me, chaque participante pr\u00e9sente un ouvrage qui lui a plu ou pas. S\u2019ensuivent discussions, \u00e9changes de point de vue, partages de ressenti, le tout dans la bonne humeur, et r\u00e9guli\u00e8r&#8230; <\/p>\n<p>    Cet article a \u00e9t\u00e9 tronqu\u00e9. Abonnez-vous pour lire l&rsquo;article complet sur notre site.<\/p>\n<p style=\"margin: 0 !important; padding: 0 !important; font-size: 12px !important;\">Cet article a \u00e9t\u00e9 tronqu\u00e9. Abonnez-vous pour lire l&rsquo;article complet.<\/p>\n<p>    <a href=\"https:\/\/www.lanouvellerepublique.fr\/abonnements\" style=\"display: inline-block; margin-top: 5px !important; padding: 6px 12px !important; background: #cb1c27; color: white; text-decoration: none; border-radius: 4px; font-size: 12px !important;\" target=\"_blank\" rel=\"noopener\"><br \/>\n      S&rsquo;abonner<br \/>\n    <\/a><\/p>\n","protected":false},"excerpt":{"rendered":"Le cercle de lecture de la biblioth\u00e8que d\u2019Argenton, le \u00ab\u00a0Jeudi Je Lis\u00a0\u00bb a fait sa rentr\u00e9e 25\u00a0septembre 2025.&hellip;\n","protected":false},"author":2,"featured_media":450265,"comment_status":"","ping_status":"","sticky":false,"template":"","format":"standard","meta":{"footnotes":""},"categories":[1357],"tags":[8669,1379,1674,58,59,1011,27,1380,1393],"class_list":{"0":"post-450264","1":"post","2":"type-post","3":"status-publish","4":"format-standard","5":"has-post-thumbnail","7":"category-livres","8":"tag-argenton-sur-creuse","9":"tag-books","10":"tag-communes","11":"tag-divertissement","12":"tag-entertainment","13":"tag-fr","14":"tag-france","15":"tag-livres","16":"tag-loisirs"},"share_on_mastodon":{"url":"https:\/\/pubeurope.com\/@fr\/115344809917693714","error":""},"_links":{"self":[{"href":"https:\/\/www.europesays.com\/fr\/wp-json\/wp\/v2\/posts\/450264","targetHints":{"allow":["GET"]}}],"collection":[{"href":"https:\/\/www.europesays.com\/fr\/wp-json\/wp\/v2\/posts"}],"about":[{"href":"https:\/\/www.europesays.com\/fr\/wp-json\/wp\/v2\/types\/post"}],"author":[{"embeddable":true,"href":"https:\/\/www.europesays.com\/fr\/wp-json\/wp\/v2\/users\/2"}],"replies":[{"embeddable":true,"href":"https:\/\/www.europesays.com\/fr\/wp-json\/wp\/v2\/comments?post=450264"}],"version-history":[{"count":0,"href":"https:\/\/www.europesays.com\/fr\/wp-json\/wp\/v2\/posts\/450264\/revisions"}],"wp:featuredmedia":[{"embeddable":true,"href":"https:\/\/www.europesays.com\/fr\/wp-json\/wp\/v2\/media\/450265"}],"wp:attachment":[{"href":"https:\/\/www.europesays.com\/fr\/wp-json\/wp\/v2\/media?parent=450264"}],"wp:term":[{"taxonomy":"category","embeddable":true,"href":"https:\/\/www.europesays.com\/fr\/wp-json\/wp\/v2\/categories?post=450264"},{"taxonomy":"post_tag","embeddable":true,"href":"https:\/\/www.europesays.com\/fr\/wp-json\/wp\/v2\/tags?post=450264"}],"curies":[{"name":"wp","href":"https:\/\/api.w.org\/{rel}","templated":true}]}}