{"id":450266,"date":"2025-10-09T15:01:18","date_gmt":"2025-10-09T15:01:18","guid":{"rendered":"https:\/\/www.europesays.com\/fr\/450266\/"},"modified":"2025-10-09T15:01:18","modified_gmt":"2025-10-09T15:01:18","slug":"cette-serie-franco-japonaise-est-elle-la-plus-sous-cotee-dapple-tv","status":"publish","type":"post","link":"https:\/\/www.europesays.com\/fr\/450266\/","title":{"rendered":"Cette s\u00e9rie franco-japonaise est-elle la plus sous-c\u00f4t\u00e9e d&rsquo;Apple TV+"},"content":{"rendered":"<p>                    <b>Apple TV+ vient discr\u00e8tement d&rsquo;indiquer le retour de Drops<b>texte<\/b> of God (Les Gouttes de Dieu), une s\u00e9rie salu\u00e9e par la critique mais un peu moins par le public. Adapt\u00e9e d\u2019un manga japonais \u00e0 succ\u00e8s, elle reviendra le 21 janvier 2026 pour une saison 2 tr\u00e8s attendue.<\/b><\/p>\n<p>                                                                                                                                                        <img decoding=\"async\" src=\"https:\/\/www.europesays.com\/fr\/wp-content\/uploads\/2025\/10\/137d676268_apple-tv-les-gouttes-de-dieu.webp.webp\" alt=\"Apple TV+ Les gouttes de Dieu\" width=\"1200\" height=\"600\" loading=\"lazy\"\/>        <\/p>\n<p>Une s\u00e9rie plut\u00f4t m\u00e9connue<\/p>\n<p>Parmi les productions Apple TV+, <b>Drops of God se tient plut\u00f4t en retrait <\/b>face aux tr\u00e8s m\u00e9diatiques Severance, Ted Lasso ou The Studio. Adapt\u00e9e du manga \u00e9ponyme, la s\u00e9rie plonge dans l\u2019univers de la gastronomie et du vin \u00e0 travers une intrigue familiale et sensorielle.<\/p>\n<p>Si elle reste m\u00e9connue du grand public, c\u2019est surtout parce qu\u2019elle est multilingue\u00a0:<b> dialogues en fran\u00e7ais, japonais et anglais s\u2019entrem\u00ealent<\/b>, ce qui peut rebuter les amateurs de VO sous-titr\u00e9e. Pourtant, ceux qui ont franchi le pas n\u2019ont pas \u00e9t\u00e9 d\u00e9\u00e7us\u00a0: la saison 1 affiche un 100 % de critiques positives sur Rotten Tomatoes (27 avis) et un score de 93 % c\u00f4t\u00e9 spectateurs.<\/p>\n<p>Une intrigue \u00e9l\u00e9gante autour du vin et de l\u2019h\u00e9ritage<\/p>\n<p>L\u2019histoire d\u00e9bute avec la <b>mort d\u2019Alexandre L\u00e9ger,<\/b> figure respect\u00e9e du monde du vin. Sa fille Camille, longtemps \u00e9loign\u00e9e de lui, h\u00e9rite d\u2019une cave extraordinaire. Mais avant d\u2019en prendre possession, elle doit <b>affronter Issei<\/b>, le prot\u00e9g\u00e9 de son p\u00e8re, dans une s\u00e9rie d\u2019\u00e9preuves sensorielles m\u00ealant m\u00e9moire, go\u00fbt et culture \u0153nologique. Ce duel tr\u00e8s intime a s\u00e9duit la critique par sa finesse d\u2019\u00e9criture, son esth\u00e9tique soign\u00e9e et son respect des codes du manga original (m\u00eame si&#8230;).<\/p>\n<p><b>Apple a confirm\u00e9 que la saison 2 sera diffus\u00e9e \u00e0 partir du mercredi 21 janvier 2026<\/b>, avec un nouvel \u00e9pisode chaque semaine jusqu\u2019au 11 mars. Un cr\u00e9neau strat\u00e9gique, identique \u00e0 celui choisi pour la saison 2 de Severance, signe qu\u2019Apple pourrait miser davantage sur la visibilit\u00e9 de cette production.<\/p>\n<p>En attendant, Apple TV+ met en avant la saison 1 pour permettre aux curieux de rattraper leur retard. Avec ses d\u00e9cors raffin\u00e9s, son rythme contemplatif et son m\u00e9lange unique de cultures, Drops of God pourrait bien devenir l\u2019un des grands rendez-vous de ce d\u00e9but d\u2019ann\u00e9e pour les abonn\u00e9s Apple TV+.<\/p>\n","protected":false},"excerpt":{"rendered":"Apple TV+ vient discr\u00e8tement d&rsquo;indiquer le retour de Dropstexte of God (Les Gouttes de Dieu), une s\u00e9rie salu\u00e9e&hellip;\n","protected":false},"author":2,"featured_media":450267,"comment_status":"","ping_status":"","sticky":false,"template":"","format":"standard","meta":{"footnotes":""},"categories":[1356],"tags":[7986,58,59,1011,27,252,1364],"class_list":{"0":"post-450266","1":"post","2":"type-post","3":"status-publish","4":"format-standard","5":"has-post-thumbnail","7":"category-television","8":"tag-appletvplus","9":"tag-divertissement","10":"tag-entertainment","11":"tag-fr","12":"tag-france","13":"tag-television","14":"tag-tv"},"share_on_mastodon":{"url":"https:\/\/pubeurope.com\/@fr\/115344813957205549","error":""},"_links":{"self":[{"href":"https:\/\/www.europesays.com\/fr\/wp-json\/wp\/v2\/posts\/450266","targetHints":{"allow":["GET"]}}],"collection":[{"href":"https:\/\/www.europesays.com\/fr\/wp-json\/wp\/v2\/posts"}],"about":[{"href":"https:\/\/www.europesays.com\/fr\/wp-json\/wp\/v2\/types\/post"}],"author":[{"embeddable":true,"href":"https:\/\/www.europesays.com\/fr\/wp-json\/wp\/v2\/users\/2"}],"replies":[{"embeddable":true,"href":"https:\/\/www.europesays.com\/fr\/wp-json\/wp\/v2\/comments?post=450266"}],"version-history":[{"count":0,"href":"https:\/\/www.europesays.com\/fr\/wp-json\/wp\/v2\/posts\/450266\/revisions"}],"wp:featuredmedia":[{"embeddable":true,"href":"https:\/\/www.europesays.com\/fr\/wp-json\/wp\/v2\/media\/450267"}],"wp:attachment":[{"href":"https:\/\/www.europesays.com\/fr\/wp-json\/wp\/v2\/media?parent=450266"}],"wp:term":[{"taxonomy":"category","embeddable":true,"href":"https:\/\/www.europesays.com\/fr\/wp-json\/wp\/v2\/categories?post=450266"},{"taxonomy":"post_tag","embeddable":true,"href":"https:\/\/www.europesays.com\/fr\/wp-json\/wp\/v2\/tags?post=450266"}],"curies":[{"name":"wp","href":"https:\/\/api.w.org\/{rel}","templated":true}]}}