{"id":450268,"date":"2025-10-09T15:02:13","date_gmt":"2025-10-09T15:02:13","guid":{"rendered":"https:\/\/www.europesays.com\/fr\/450268\/"},"modified":"2025-10-09T15:02:13","modified_gmt":"2025-10-09T15:02:13","slug":"apres-les-victoires-et-les-nrj-music-awards-une-nouvelle-ceremonie-musicale-debarque-ce-soir","status":"publish","type":"post","link":"https:\/\/www.europesays.com\/fr\/450268\/","title":{"rendered":"Apr\u00e8s les Victoires et les NRJ Music Awards, une nouvelle c\u00e9r\u00e9monie musicale d\u00e9barque ce soir !"},"content":{"rendered":"<p><img decoding=\"async\" src=\"https:\/\/www.europesays.com\/fr\/wp-content\/uploads\/2025\/10\/photo_1760000395.jpg\" class=\"textcenter img-content\" loading=\"lazy\"\/>DR<br \/>\n<br \/>\nApr\u00e8s <a href=\"https:\/\/www.chartsinfrance.net\/NRJ-Music-Awards\/news-133866.html\" target=\"_blank\" class=\"spip_out\" rel=\"nofollow noopener\">les NRJ Music Awards<\/a>, les <a href=\"https:\/\/www.chartsinfrance.net\/actualite\/news-133518.html\" target=\"_blank\" class=\"spip_out\" rel=\"nofollow noopener\">Victoires de la musique<\/a> ou encore les Flammes, place \u00e0 une nouvelle c\u00e9r\u00e9monie musicale en France ! En effet, ce soir, les Foudres se tiendront sur la sc\u00e8ne du Bataclan \u00e0 Paris afin de r\u00e9compenser les acteurs des musiques m\u00e9talliques (artistes, musiciens, producteurs, artisans de l&rsquo;ombre, festivals&#8230;) \u00ab Les Foudres naissent d&rsquo;une \u00e9vidence\u202f: c\u00e9l\u00e9brer une sc\u00e8ne foisonnante, trop longtemps rest\u00e9e dans l&rsquo;ombre \u00bb peut-on lire sur le site officiel. Et c&rsquo;est l&rsquo;humoriste Thomas VDB qui sera charg\u00e9 d&rsquo;animer la soir\u00e9e.<\/p>\n<p>\u00ab D\u00e8s qu&rsquo;on me l&rsquo;a propos\u00e9, je me suis dit : \u00ab\u00a0Ah ouais, je peux me sentir \u00e0 ma place, pertinent, pas ressentir le syndrome de l&rsquo;imposteur\u00a0\u00bb \u00bb explique-t-il au Parisien, lui qui a d\u00e9but\u00e9 dans le m\u00e9tier en \u00e9tant journaliste rock : \u00ab La musique c&rsquo;est souvent jouer avec le silence, avec la retenue. Le metal, c&rsquo;est le contraire. Quand tu te fais gauler dans ta chambre en \u00e9coutant du metal en faisant du air guitar, tu as un peu l&rsquo;air con. Mais \u00e7a te purge de trucs un peu n\u00e9gatifs que l&rsquo;on a tous. Pour moi, c&rsquo;\u00e9tait vraiment un exutoire. Je n&rsquo;\u00e9tais pas sp\u00e9cialement un ado \u00e0 probl\u00e8mes mais le metal m&rsquo;a sans doute aid\u00e9 \u00e0 ne pas l&rsquo;\u00eatre ! \u00bb.<\/p>\n<p>Le player Dailymotion est en train de se charger&#8230;<\/p>\n<p>Gojira sur sc\u00e8ne ?<br \/>\nCette premi\u00e8re des Foudres sera diffus\u00e9e \u00e0 partir de 22h55 sur France 4, et sera rythm\u00e9e par des performance live de groupes comme Carpenter Brut, Grandma&rsquo;s Ashes, Revnoir et Gravekvlt. Au programme : 11 cat\u00e9gories, dont celles de l&rsquo;Artwork de l&rsquo;ann\u00e9e, de la Performance live, de la Cr\u00e9ation audiovisuelle, de l&rsquo;Artiste ou encore de l&rsquo;Album de l&rsquo;ann\u00e9e, et trois nomm\u00e9s par cat\u00e9gories, dont Last Train, Landmvrks, <a href=\"https:\/\/www.chartsinfrance.net\/actualite\/news-132940.html\" target=\"_blank\" class=\"spip_out\" rel=\"nofollow noopener\">le Hellfest<\/a>, Mass Hysteria et bien \u00e9videmment <a href=\"https:\/\/www.chartsinfrance.net\/Gojira\/news-133379.html\" target=\"_blank\" class=\"spip_out\" rel=\"nofollow noopener\">le groupe Gojira<\/a>, en lice pour son show XXL au Festival de Carcassonne l&rsquo;\u00e9t\u00e9 dernier. Les troph\u00e9es seront remis suite aux votes du public et\/ou d&rsquo;un panel de votants professionnels, ainsi que du Comit\u00e9 des Foudres. Selon le Parisien, Thomas VDB sera entour\u00e9 de Pio Marmai, Mass Hysteria ou Aldebert.<\/p>\n<blockquote class=\"instagram-media\" data-instgrm-permalink=\"https:\/\/www.instagram.com\/p\/DOgGAlsjSxV\/?utm_source=ig_embed&amp;utm_campaign=loading\" data-instgrm-version=\"14\" style=\" background:#FFF; border:0; border-radius:3px; box-shadow:0 0 1px 0 rgba(0,0,0,0.5),0 1px 10px 0 rgba(0,0,0,0.15); margin: 1px; max-width:540px; min-width:326px; padding:0; width:99.375%; width:-webkit-calc(100% - 2px); width:calc(100% - 2px);\"\/>\n<p>Que peut-on attendre ce soir aux Foudres ? \u00ab \u00c9videmment, j&rsquo;ai plein de blagues qui me viennent, mais j&rsquo;en laisse. Je n&rsquo;ai pas envie de me moquer. Je vais parler de la loyaut\u00e9 des fans pour les groupes, faire quelques vannes sur le Hellfest, sur les gens qui seront assis dans la salle. Mais je vais surtout essayer que ce soit le moins chiant et le plus vivant possible \u00bb indique Thomas VDB, laissant planer le doute sur la pr\u00e9sence de Gojira, en live ou \u00e0 distance.<\/p>\n<p><script async src=\"\/\/www.instagram.com\/embed.js\"><\/script><\/p>\n","protected":false},"excerpt":{"rendered":"DR Apr\u00e8s les NRJ Music Awards, les Victoires de la musique ou encore les Flammes, place \u00e0 une&hellip;\n","protected":false},"author":2,"featured_media":450269,"comment_status":"","ping_status":"","sticky":false,"template":"","format":"standard","meta":{"footnotes":""},"categories":[1355],"tags":[58,59,1011,27,1361,873],"class_list":{"0":"post-450268","1":"post","2":"type-post","3":"status-publish","4":"format-standard","5":"has-post-thumbnail","7":"category-musique","8":"tag-divertissement","9":"tag-entertainment","10":"tag-fr","11":"tag-france","12":"tag-music","13":"tag-musique"},"share_on_mastodon":{"url":"https:\/\/pubeurope.com\/@fr\/115344817853224368","error":""},"_links":{"self":[{"href":"https:\/\/www.europesays.com\/fr\/wp-json\/wp\/v2\/posts\/450268","targetHints":{"allow":["GET"]}}],"collection":[{"href":"https:\/\/www.europesays.com\/fr\/wp-json\/wp\/v2\/posts"}],"about":[{"href":"https:\/\/www.europesays.com\/fr\/wp-json\/wp\/v2\/types\/post"}],"author":[{"embeddable":true,"href":"https:\/\/www.europesays.com\/fr\/wp-json\/wp\/v2\/users\/2"}],"replies":[{"embeddable":true,"href":"https:\/\/www.europesays.com\/fr\/wp-json\/wp\/v2\/comments?post=450268"}],"version-history":[{"count":0,"href":"https:\/\/www.europesays.com\/fr\/wp-json\/wp\/v2\/posts\/450268\/revisions"}],"wp:featuredmedia":[{"embeddable":true,"href":"https:\/\/www.europesays.com\/fr\/wp-json\/wp\/v2\/media\/450269"}],"wp:attachment":[{"href":"https:\/\/www.europesays.com\/fr\/wp-json\/wp\/v2\/media?parent=450268"}],"wp:term":[{"taxonomy":"category","embeddable":true,"href":"https:\/\/www.europesays.com\/fr\/wp-json\/wp\/v2\/categories?post=450268"},{"taxonomy":"post_tag","embeddable":true,"href":"https:\/\/www.europesays.com\/fr\/wp-json\/wp\/v2\/tags?post=450268"}],"curies":[{"name":"wp","href":"https:\/\/api.w.org\/{rel}","templated":true}]}}