{"id":450272,"date":"2025-10-09T15:04:12","date_gmt":"2025-10-09T15:04:12","guid":{"rendered":"https:\/\/www.europesays.com\/fr\/450272\/"},"modified":"2025-10-09T15:04:12","modified_gmt":"2025-10-09T15:04:12","slug":"sante-les-medicaments-devraient-etre-au-rendez-vous-cet-hiver-actualites","status":"publish","type":"post","link":"https:\/\/www.europesays.com\/fr\/450272\/","title":{"rendered":"Sant\u00e9: les m\u00e9dicaments devraient \u00eatre au rendez-vous cet hiver : Actualit\u00e9s"},"content":{"rendered":"<p class=\"lead \">L&rsquo;hiver s&rsquo;annonce sous de meilleurs auspices que les pr\u00e9c\u00e9dents, dans un \u00ab\u00a0contexte favorable\u00a0\u00bb de disponibilit\u00e9 des m\u00e9dicaments les plus couramment utilis\u00e9s pendant cette p\u00e9riode, a annonc\u00e9 jeudi l&rsquo;Agence nationale de s\u00e9curit\u00e9 du m\u00e9dicament (ANSM).<\/p>\n<p class=\"lead \">\u00ab\u00a0Apr\u00e8s plusieurs saisons hivernales marqu\u00e9es par des p\u00e9nuries, cette saison 2025-2026 d\u00e9bute dans un contexte de disponibilit\u00e9 des m\u00e9dicaments au niveau national favorable\u00a0\u00bb, a indiqu\u00e9 l&rsquo;autorit\u00e9 sanitaire \u00e0 l&rsquo;occasion du lancement de son plan hivernal visant \u00e0 surveiller les stocks et les approvisionnements des m\u00e9dicaments hivernaux afin d\u2019anticiper toute difficult\u00e9.<\/p>\n<p class=\"lead \">Depuis trois ans, l&rsquo;agence d\u00e9ploie chaque hiver un plan destin\u00e9 \u00e0 \u00e9viter les p\u00e9nuries de m\u00e9dicaments \u00e0 une p\u00e9riode marqu\u00e9e par une forte circulation de diverses maladies, qu&rsquo;elles soient bact\u00e9riennes (n\u00e9cessitant des antibiotiques) ou virales comme la grippe saisonni\u00e8re.<\/p>\n<p class=\"lead \">Depuis 2023, 13 mol\u00e9cules sont surveill\u00e9es, parmi lesquelles des antibiotiques, des m\u00e9dicaments contre la fi\u00e8vre, des cortico\u00efdes et des traitements de l\u2019asthme.<\/p>\n<p class=\"lead \">Cette ann\u00e9e, une 14\u1d49 mol\u00e9cule (l\u2019amoxicilline\/acide clavulanique 1000 mg\/125 mg) s\u2019ajoute \u00e0 la liste des antibiotiques suivis en r\u00e9ponse aux difficult\u00e9s signal\u00e9es par les professionnels de sant\u00e9 l\u2019hiver dernier et \u00e0 \u00ab\u00a0l\u2019augmentation habituelle des prescriptions sur la p\u00e9riode\u00a0\u00bb, selon un communiqu\u00e9 de l&rsquo;ANSM.<\/p>\n<p class=\"lead \">Le plan hivernal pr\u00e9voit aussi la surveillance de \u00ab\u00a0dispositifs m\u00e9dicaux indispensables\u00a0\u00bb, comme les mat\u00e9riels de r\u00e9animation p\u00e9diatrique et adulte ou les tests rapides d&rsquo;orientation diagnostique (Trod), ajoute l&rsquo;institution.<\/p>\n<p class=\"lead \">Le d\u00e9but des ann\u00e9es 2020 avait \u00e9t\u00e9 marqu\u00e9 par la p\u00e9nurie de certains traitements, dont des antibiotiques courants comme l&rsquo;amoxicilline, en particulier dans leurs versions destin\u00e9es aux enfants.<\/p>\n<p class=\"small font-weight-bold text-gray3 \"> publi\u00e9 le 9 octobre \u00e0 12h01, AFP<\/p>\n<p>                             Partager<\/p>\n","protected":false},"excerpt":{"rendered":"L&rsquo;hiver s&rsquo;annonce sous de meilleurs auspices que les pr\u00e9c\u00e9dents, dans un \u00ab\u00a0contexte favorable\u00a0\u00bb de disponibilit\u00e9 des m\u00e9dicaments les&hellip;\n","protected":false},"author":2,"featured_media":450273,"comment_status":"","ping_status":"","sticky":false,"template":"","format":"standard","meta":{"footnotes":""},"categories":[10],"tags":[1011,27,72,693,20709,15299,585,71],"class_list":{"0":"post-450272","1":"post","2":"type-post","3":"status-publish","4":"format-standard","5":"has-post-thumbnail","7":"category-sante","8":"tag-fr","9":"tag-france","10":"tag-health","11":"tag-industrie","12":"tag-mdicaments","13":"tag-pharmacie","14":"tag-sant","15":"tag-sante"},"share_on_mastodon":{"url":"https:\/\/pubeurope.com\/@fr\/115344825712595367","error":""},"_links":{"self":[{"href":"https:\/\/www.europesays.com\/fr\/wp-json\/wp\/v2\/posts\/450272","targetHints":{"allow":["GET"]}}],"collection":[{"href":"https:\/\/www.europesays.com\/fr\/wp-json\/wp\/v2\/posts"}],"about":[{"href":"https:\/\/www.europesays.com\/fr\/wp-json\/wp\/v2\/types\/post"}],"author":[{"embeddable":true,"href":"https:\/\/www.europesays.com\/fr\/wp-json\/wp\/v2\/users\/2"}],"replies":[{"embeddable":true,"href":"https:\/\/www.europesays.com\/fr\/wp-json\/wp\/v2\/comments?post=450272"}],"version-history":[{"count":0,"href":"https:\/\/www.europesays.com\/fr\/wp-json\/wp\/v2\/posts\/450272\/revisions"}],"wp:featuredmedia":[{"embeddable":true,"href":"https:\/\/www.europesays.com\/fr\/wp-json\/wp\/v2\/media\/450273"}],"wp:attachment":[{"href":"https:\/\/www.europesays.com\/fr\/wp-json\/wp\/v2\/media?parent=450272"}],"wp:term":[{"taxonomy":"category","embeddable":true,"href":"https:\/\/www.europesays.com\/fr\/wp-json\/wp\/v2\/categories?post=450272"},{"taxonomy":"post_tag","embeddable":true,"href":"https:\/\/www.europesays.com\/fr\/wp-json\/wp\/v2\/tags?post=450272"}],"curies":[{"name":"wp","href":"https:\/\/api.w.org\/{rel}","templated":true}]}}