{"id":450276,"date":"2025-10-09T15:06:11","date_gmt":"2025-10-09T15:06:11","guid":{"rendered":"https:\/\/www.europesays.com\/fr\/450276\/"},"modified":"2025-10-09T15:06:11","modified_gmt":"2025-10-09T15:06:11","slug":"arthur-deplore-le-boycott-de-certains-artistes-qui-ne-viennent-plus-dans-ses-emissions","status":"publish","type":"post","link":"https:\/\/www.europesays.com\/fr\/450276\/","title":{"rendered":"Arthur d\u00e9plore le boycott de certains artistes qui ne viennent plus dans ses \u00e9missions"},"content":{"rendered":"<p>    Arthur dans \u00abBonjour\u00a0! La Matinale TF1\u00bb.<br \/>\n                Capture d&rsquo;\u00e9cran.<\/p>\n<p>\n    Invit\u00e9 de \u00abBonjour\u00a0! La Matinale TF1\u00bb, l\u2019animateur a affirm\u00e9 que depuis ses prises de position en faveur d\u2019Isra\u00ebl, des habitu\u00e9s de \u00abVendredi tout est permis\u00bb d\u00e9clinent d\u00e9sormais ses invitations.<\/p>\n<p class=\"fig-paragraph\">La journ\u00e9e est historique dans l\u2019histoire du conflit isra\u00e9lo-palestinien. Ce jeudi 9 octobre, un accord de paix a \u00e9t\u00e9 conclu entre Isra\u00ebl et le Hamas. Hasard du calendrier ou pas,\u00a0<a href=\"https:\/\/www.lefigaro.fr\/tag\/arthur\" target=\"_blank\" rel=\"noopener nofollow\" data-gtm-custom-categorie=\"navigation\" data-gtm-custom-action=\"crossclick\" data-gtm-custom-label=\"Contextuel\" data-gtm-event=\"customEventSPE\"><strong>Arthur<\/strong><\/a> \u00a0\u00e9tait l\u2019invit\u00e9 de\u00a0<a href=\"https:\/\/www.lefigaro.fr\/tag\/bruce-toussaint\" target=\"_blank\" rel=\"noopener nofollow\" data-gtm-custom-categorie=\"navigation\" data-gtm-custom-action=\"crossclick\" data-gtm-custom-label=\"Contextuel\" data-gtm-event=\"customEventSPE\"><strong>Bruce Toussaint<\/strong><\/a> \u00a0dans\u00a0<a href=\"https:\/\/tvmag.lefigaro.fr\/programme-tv\/programme\/bonjour-la-matinale-tf1-d1788549793\" target=\"_blank\" rel=\"noopener nofollow\" data-gtm-custom-categorie=\"navigation\" data-gtm-custom-action=\"crossclick\" data-gtm-custom-label=\"Contextuel\" data-gtm-event=\"customEventSPE\">\u00abBonjour\u00a0! La Matinale TF1\u00bb<\/a>\u00a0\u00e0 l\u2019occasion de la promotion de son livre autobiographie J\u2019ai perdu un B\u00e9douin dans Paris, paru le 1er octobre.<\/p>\n<p class=\"fig-paragraph\">\u00abJ\u2019ai eu l\u2019info tard hier soir\u00bb, a r\u00e9agi l\u2019animateur et producteur \u00e0 propos de cet accord de paix. \u00abEt jusqu\u2019\u00e0 3, 4 heures du matin, j\u2019\u00e9tais au t\u00e9l\u00e9phone encore avec des familles d\u2019otage que j\u2019accompagne depuis deux ans. (&#8230;) Je n\u2019ai pas dormi, j\u2019ai pleur\u00e9, j\u2019ai envie de dire \u201cenfin\u00a0!\u201d\u00bb, a-t-il d\u00e9clar\u00e9.<\/p>\n<p class=\"fig-body-link\">\n            \u00c0 lire aussi<br \/>\n        <a class=\"fig-body-link__link fig-premium-mark\" href=\"http:\/\/tvmag.lefigaro.fr\/programme-tv\/actu-tele\/ses-succes-ses-echecs-ses-engagements-et-sa-famille-arthur-se-confie-je-suis-la-preuve-que-rien-n-est-impossible-20250213\" target=\"_blank\" data-fig-type=\"Article\" rel=\"noopener nofollow\" data-gtm-custom-categorie=\"navigation\" data-gtm-custom-action=\"crossclick\" data-gtm-custom-label=\"Contextuel\" data-gtm-event=\"customEventSPE\" data-fig-domain=\"TVMAG\">Ses succ\u00e8s, ses \u00e9checs, ses engagements et sa famille, Arthur se confie\u00a0: \u00abJe suis la preuve que rien n\u2019est impossible\u00bb<br \/>\n    <\/a>\n<\/p>\n<p>                                    <a class=\"fig-a11y-skip a11y-hidden\" href=\"#fig-a11y-skip-main-inarticle\"><br \/>\n        Passer la publicit\u00e9<br \/>\n    <\/a><\/p>\n<p class=\"fig-paragraph\">Depuis le d\u00e9but le 7 octobre 2023, Jacques Essebag, de son vrai nom, s\u2019est exprim\u00e9 plusieurs fois au sujet de la guerre \u00e0 Gaza. Bruce Toussaint a donc choisi de montrer une s\u00e9quence au cours de laquelle l\u2019animateur avait exprim\u00e9 son agacement. \u00abJe suis un petit peu en col\u00e8re parce que mes amis du m\u00e9tier sont tr\u00e8s silencieux, tr\u00e8s discrets. Je ne comprends pas pourquoi. On est l\u00e0 quand il s\u2019agit de toutes les causes et celle-ci, c\u2019est comme le Bataclan. Je suis sid\u00e9r\u00e9 par le silence de mes camarades. Mais il n\u2019est jamais trop tard\u00bb, avait-il d\u00e9clar\u00e9 au micro de TF1 lors d\u2019un rassemblement au Trocad\u00e9ro organis\u00e9 deux jours apr\u00e8s les attaques terroristes au festival de musique Nova.<\/p>\n<p class=\"fig-paragraph\">Des prises de position qui ont vraisemblablement pouss\u00e9 les amis d\u2019Arthur \u00e0 lui tourner le dos. \u00abVous \u00e9crivez\u00a0: \u201cIls vont comprendre, ils vont m\u2019appeler, ils vont se rattraper, se lever&#8230; Mais non. C\u2019est l\u2019inverse. Mon t\u00e9l\u00e9phone cesse de sonner d\u2019un coup net. Plus un message, plus une invitation, plus un appel\u201d\u00bb, a d\u00e9clar\u00e9 Bruce Toussaint, lisant un passage du livre.<\/p>\n<p class=\"fig-paragraph\">Des d\u00e9clarations aussit\u00f4t confirm\u00e9es par l\u2019auteur. \u00abOui, depuis deux ans. C\u2019est effarant parce qu\u2019on est arriv\u00e9 dans un monde, dans une soci\u00e9t\u00e9 o\u00f9, maintenant, l\u2019empathie a un drapeau alors que non. (&#8230;) On s\u2019est moqu\u00e9 de moi parce que les gens pensaient que je voulais \u00eatre un porte-parole d\u2019une cause, alors que j\u2019\u00e9tais juste un \u00eatre humain qui souffrait. Certains artistes arr\u00eatent de venir dans mes \u00e9missions. Vous savez, je tourne la semaine prochaine\u00a0<a href=\"https:\/\/tvmag.lefigaro.fr\/programme-tv\/programme\/vendredi-tout-est-permis-avec-arthur-d642688216\" target=\"_blank\" rel=\"noopener nofollow\" data-gtm-custom-categorie=\"navigation\" data-gtm-custom-action=\"crossclick\" data-gtm-custom-label=\"Contextuel\" data-gtm-event=\"customEventSPE\">\u201cVendredi tout est permis\u201d<\/a> , et il y a des artistes qui venaient tout le temps et qui ne viennent plus. C\u2019est fou quand m\u00eame quand on y pense\u00bb, a-t-il d\u00e9plor\u00e9.<\/p>\n<p class=\"fig-paragraph\">Heureusement pour lui, il a pu compter sur le soutien des t\u00e9l\u00e9spectateurs. \u00abIl y a eu des appels au boycott et mes audiences ont fait plus de 20% donc ce serait bien de maintenir ces appels au boycott\u00bb, s\u2019est-il amus\u00e9.<\/p>\n","protected":false},"excerpt":{"rendered":"Arthur dans \u00abBonjour\u00a0! La Matinale TF1\u00bb. Capture d&rsquo;\u00e9cran. Invit\u00e9 de \u00abBonjour\u00a0! La Matinale TF1\u00bb, l\u2019animateur a affirm\u00e9 que&hellip;\n","protected":false},"author":2,"featured_media":450277,"comment_status":"","ping_status":"","sticky":false,"template":"","format":"standard","meta":{"footnotes":""},"categories":[8],"tags":[14684,6779,58,59,1011,27,664,199],"class_list":{"0":"post-450276","1":"post","2":"type-post","3":"status-publish","4":"format-standard","5":"has-post-thumbnail","7":"category-divertissement","8":"tag-arthur","9":"tag-bruce-toussaint","10":"tag-divertissement","11":"tag-entertainment","12":"tag-fr","13":"tag-france","14":"tag-israel","15":"tag-tf1"},"share_on_mastodon":{"url":"https:\/\/pubeurope.com\/@fr\/115344833593699559","error":""},"_links":{"self":[{"href":"https:\/\/www.europesays.com\/fr\/wp-json\/wp\/v2\/posts\/450276","targetHints":{"allow":["GET"]}}],"collection":[{"href":"https:\/\/www.europesays.com\/fr\/wp-json\/wp\/v2\/posts"}],"about":[{"href":"https:\/\/www.europesays.com\/fr\/wp-json\/wp\/v2\/types\/post"}],"author":[{"embeddable":true,"href":"https:\/\/www.europesays.com\/fr\/wp-json\/wp\/v2\/users\/2"}],"replies":[{"embeddable":true,"href":"https:\/\/www.europesays.com\/fr\/wp-json\/wp\/v2\/comments?post=450276"}],"version-history":[{"count":0,"href":"https:\/\/www.europesays.com\/fr\/wp-json\/wp\/v2\/posts\/450276\/revisions"}],"wp:featuredmedia":[{"embeddable":true,"href":"https:\/\/www.europesays.com\/fr\/wp-json\/wp\/v2\/media\/450277"}],"wp:attachment":[{"href":"https:\/\/www.europesays.com\/fr\/wp-json\/wp\/v2\/media?parent=450276"}],"wp:term":[{"taxonomy":"category","embeddable":true,"href":"https:\/\/www.europesays.com\/fr\/wp-json\/wp\/v2\/categories?post=450276"},{"taxonomy":"post_tag","embeddable":true,"href":"https:\/\/www.europesays.com\/fr\/wp-json\/wp\/v2\/tags?post=450276"}],"curies":[{"name":"wp","href":"https:\/\/api.w.org\/{rel}","templated":true}]}}