{"id":450282,"date":"2025-10-09T15:09:12","date_gmt":"2025-10-09T15:09:12","guid":{"rendered":"https:\/\/www.europesays.com\/fr\/450282\/"},"modified":"2025-10-09T15:09:12","modified_gmt":"2025-10-09T15:09:12","slug":"devant-son-homologue-poutine-reconnait-une-responsabilite-russe","status":"publish","type":"post","link":"https:\/\/www.europesays.com\/fr\/450282\/","title":{"rendered":"Devant son homologue, Poutine reconna\u00eet une responsabilit\u00e9 russe"},"content":{"rendered":"<p>Fin\u00a02024, <a href=\"https:\/\/www.20minutes.fr\/monde\/4130849-20241225-kazakhstan-crash-avion-azerbaijan-airlines-67-personnes-bord\" class=\"c-link c-link--is-underlined\" rel=\"nofollow noopener\" target=\"_blank\">un avion de ligne d\u2019Azerbaijan Airlines<\/a> s\u2019est \u00e9cras\u00e9, touch\u00e9 par des d\u00e9bris de missiles antia\u00e9riens. Le pr\u00e9sident russe <a href=\"https:\/\/www.20minutes.fr\/monde\/vladimir_poutine\/\" class=\"c-link c-link--is-underlined\" rel=\"nofollow noopener\" target=\"_blank\">Vladimir Poutine<\/a> a reconnu jeudi devant son homologue azerba\u00efdjanais Ilham Aliev la responsabilit\u00e9 de la <a href=\"https:\/\/www.20minutes.fr\/monde\/russie\/\" class=\"c-link c-link--is-underlined\" rel=\"nofollow noopener\" target=\"_blank\">Russie<\/a> dans le crash. L\u2019appareil, qui reliait Bakou \u00e0 Grozny dans le Cause russe, avait d\u2019abord tent\u00e9 d\u2019atterrir \u00e0 sa destination pr\u00e9vue, <a href=\"https:\/\/www.20minutes.fr\/faits_divers\/4130858-20241225-kazakhstan-survivants-origines-trajet-sait-crash-avion-azerbaijan-airlines\" class=\"c-link c-link--is-underlined\" rel=\"nofollow noopener\" target=\"_blank\">avant d\u2019\u00eatre redirig\u00e9 vers le Kazakhstan<\/a>, o\u00f9 il s\u2019\u00e9tait \u00e9cras\u00e9 le 25\u00a0d\u00e9cembre 2024, faisant 38 morts.<\/p>\n<p>Cette trag\u00e9die avait provoqu\u00e9 un pic de tensions entre la Russie et l\u2019Azerba\u00efdjan. Vladimir Poutine s\u2019\u00e9tait auparavant d\u00e9j\u00e0 excus\u00e9, <a href=\"https:\/\/www.20minutes.fr\/monde\/russie\/4131429-20241230-crash-avion-kazakhstan-russie-promet-identifier-punir-coupables\" class=\"c-link c-link--is-underlined\" rel=\"nofollow noopener\" target=\"_blank\">admettant des tirs russes au moment du drame<\/a>, mais sans reconna\u00eetre directement une responsabilit\u00e9 russe. Jeudi, le pr\u00e9sident russe a expliqu\u00e9 que la d\u00e9fense antia\u00e9rienne russe \u00e9tait en action le jour de la trag\u00e9die en raison de la pr\u00e9sence de drones ukrainiens dans le ciel au-dessus de Grozny.<\/p>\n<p>\u00ab\u00a0Des d\u00e9bris des missiles\u00a0\u00bb<\/p>\n<p>\u00ab\u00a0Les deux missiles (russes) qui ont \u00e9t\u00e9 tir\u00e9s n\u2019ont pas touch\u00e9 directement l\u2019avion [\u2026], mais ont explos\u00e9, peut-\u00eatre par autodestruction, \u00e0 quelques m\u00e8tres, environ 10 m\u00e8tres\u00a0\u00bb, a d\u00e9clar\u00e9 Vladimir Poutine lors de cette rencontre avec Ilham Aliev \u00e0 Douchanb\u00e9, au Tadjikistan.<\/p>\n<\/p>\n<p>\u00ab\u00a0C\u2019est pourquoi la destruction (de l\u2019avion) s\u2019est produite, mais non pas par des \u00e9l\u00e9ments de combat, mais plut\u00f4t par des d\u00e9bris des missiles\u00a0\u00bb, a-t-il poursuivi, promettant \u00e0 Ilham Aliev des compensations et une enqu\u00eate sur les d\u00e9cisions de toutes les personnes impliqu\u00e9es. Ilham Aliev a remerci\u00e9 de son c\u00f4t\u00e9 Vladimir Poutine de \u00ab\u00a0suivre personnellement cette affaire\u00a0\u00bb et s\u2019est f\u00e9licit\u00e9 du \u00ab\u00a0d\u00e9veloppement positif\u00a0\u00bb des relations entre Moscou et Bakou.<\/p>\n<p>38 victimes<\/p>\n<p>L\u2019avion Embraer 190 de la compagnie azerba\u00efdjanaise Azerbaijan Airlines s\u2019\u00e9tait \u00e9cras\u00e9 dans l\u2019ouest du Kazakhstan, sur la rive orientale de la mer Caspienne. Trente-huit des 67 personnes \u00e0 bord de l\u2019appareil avaient \u00e9t\u00e9 tu\u00e9es. Les relations entre la Russie et l\u2019<a href=\"https:\/\/www.20minutes.fr\/monde\/azerbaidjan\/\" class=\"c-link c-link--is-underlined\" rel=\"nofollow noopener\" target=\"_blank\">Azerba\u00efdjan<\/a> avaient connu un froid apr\u00e8s ce drame.<\/p>\n<p>Les autorit\u00e9s de cette ex-r\u00e9publique sovi\u00e9tique du Caucase avaient notamment ferm\u00e9 les locaux d\u2019un m\u00e9dia d\u2019Etat russe en Azerba\u00efdjan et proc\u00e9d\u00e9 \u00e0 des arrestations de Russes. La Russie avait elle proc\u00e9d\u00e9 \u00e0 des arrestations au sein de la diaspora azerba\u00efdjanaise. La rencontre de jeudi est la premi\u00e8re entre Vladimir Poutine et Ilham Aliev depuis le drame.<\/p>\n","protected":false},"excerpt":{"rendered":"Fin\u00a02024, un avion de ligne d\u2019Azerbaijan Airlines s\u2019est \u00e9cras\u00e9, touch\u00e9 par des d\u00e9bris de missiles antia\u00e9riens. Le pr\u00e9sident&hellip;\n","protected":false},"author":2,"featured_media":450283,"comment_status":"","ping_status":"","sticky":false,"template":"","format":"standard","meta":{"footnotes":""},"categories":[5],"tags":[10996,47,11,15149,1011,27,14,74,12,132,135,28],"class_list":{"0":"post-450282","1":"post","2":"type-post","3":"status-publish","4":"format-standard","5":"has-post-thumbnail","7":"category-international","8":"tag-accident-davion","9":"tag-actualite","10":"tag-actualites","11":"tag-azerbaidjan","12":"tag-fr","13":"tag-france","14":"tag-international","15":"tag-monde","16":"tag-news","17":"tag-russie","18":"tag-vladimir-poutine","19":"tag-world"},"share_on_mastodon":{"url":"https:\/\/pubeurope.com\/@fr\/115344845243199466","error":""},"_links":{"self":[{"href":"https:\/\/www.europesays.com\/fr\/wp-json\/wp\/v2\/posts\/450282","targetHints":{"allow":["GET"]}}],"collection":[{"href":"https:\/\/www.europesays.com\/fr\/wp-json\/wp\/v2\/posts"}],"about":[{"href":"https:\/\/www.europesays.com\/fr\/wp-json\/wp\/v2\/types\/post"}],"author":[{"embeddable":true,"href":"https:\/\/www.europesays.com\/fr\/wp-json\/wp\/v2\/users\/2"}],"replies":[{"embeddable":true,"href":"https:\/\/www.europesays.com\/fr\/wp-json\/wp\/v2\/comments?post=450282"}],"version-history":[{"count":0,"href":"https:\/\/www.europesays.com\/fr\/wp-json\/wp\/v2\/posts\/450282\/revisions"}],"wp:featuredmedia":[{"embeddable":true,"href":"https:\/\/www.europesays.com\/fr\/wp-json\/wp\/v2\/media\/450283"}],"wp:attachment":[{"href":"https:\/\/www.europesays.com\/fr\/wp-json\/wp\/v2\/media?parent=450282"}],"wp:term":[{"taxonomy":"category","embeddable":true,"href":"https:\/\/www.europesays.com\/fr\/wp-json\/wp\/v2\/categories?post=450282"},{"taxonomy":"post_tag","embeddable":true,"href":"https:\/\/www.europesays.com\/fr\/wp-json\/wp\/v2\/tags?post=450282"}],"curies":[{"name":"wp","href":"https:\/\/api.w.org\/{rel}","templated":true}]}}