{"id":450286,"date":"2025-10-09T15:11:12","date_gmt":"2025-10-09T15:11:12","guid":{"rendered":"https:\/\/www.europesays.com\/fr\/450286\/"},"modified":"2025-10-09T15:11:12","modified_gmt":"2025-10-09T15:11:12","slug":"sebastien-lecornu-reconduit-jean-louis-borloo-plebiscite-qui-pourrait-etre-le-prochain-premier-ministre","status":"publish","type":"post","link":"https:\/\/www.europesays.com\/fr\/450286\/","title":{"rendered":"S\u00e9bastien Lecornu reconduit, Jean-Louis Borloo pl\u00e9biscit\u00e9&#8230; Qui pourrait \u00eatre le prochain Premier ministre ?"},"content":{"rendered":"<p class=\"article-p mdl\">S\u00e9bastien Lecornu a dress\u00e9 le portrait robot de celui qui doit lui succ\u00e9der \u00e0 Matignon. \u00ab\u00a0Si j&rsquo;ai un regret sur la composition du gouvernement, c&rsquo;est que j&rsquo;ai d\u00e9sormais l&rsquo;intime conviction que l&rsquo;\u00e9quipe qui devra prendre les responsabilit\u00e9s dans les temps \u00e0 venir, quelle qu&rsquo;elle soit, devra \u00eatre une \u00e9quipe qui est compl\u00e8tement d\u00e9connect\u00e9e des ambitions pr\u00e9sidentielles pour 2027\u00a0\u00bb, a indiqu\u00e9\u00a0<a class=\"link\" href=\"https:\/\/www.rtl.fr\/actu\/politique\/pour-sebastien-lecornu-le-prochain-gouvernement-devra-etre-completement-deconnecte-des-ambitions-presidentielles-pour-2027-7900550502\" title=\"Pour S\u00e9bastien Lecornu, le prochain gouvernement devra \u00eatre &quot;compl\u00e8tement d\u00e9connect\u00e9 des ambitions pr\u00e9sidentielles&quot; pour 2027\" target=\"_blank\" rel=\"noopener\">le Premier ministre d\u00e9missionnaire sur France 2<\/a>.<\/p>\n<p class=\"article-p mdl\">Selon lui, cette \u00e9quipe devra \u00ab\u00a0se retrousser les manches \u00ab\u00a0et \u00ab\u00a0r\u00e9gler les probl\u00e8mes du pays jusqu&rsquo;\u00e0 l&rsquo;\u00e9lection pr\u00e9sidentielle\u00a0\u00bb.\u00a0<\/p>\n<p class=\"article-p mdl\">La balle est donc de retour dans le camp du pr\u00e9sident. Rest\u00e9 dans l&rsquo;ombre depuis\u00a0<a class=\"link\" href=\"https:\/\/www.rtl.fr\/actu\/politique\/demission-de-sebastien-lecornu-le-recit-des-24-heures-ou-le-gouvernement-a-implose-7900549430\" title=\"D\u00e9mission de S\u00e9bastien Lecornu : le r\u00e9cit des 24 heures o\u00f9 le gouvernement a implos\u00e9\" target=\"_blank\" rel=\"noopener\">la d\u00e9mission surprise de son Premier ministre<\/a>, Emmanuel Macron se retrouve en premi\u00e8re ligne d\u00e9sormais, avec le d\u00e9fi d&rsquo;\u00e9loigner une nouvelle dissolution, refus\u00e9e selon S\u00e9bastien Lecornu par \u00ab\u00a0une majorit\u00e9 absolue \u00e0 l&rsquo;Assembl\u00e9e nationale\u00a0\u00bb.<\/p>\n<p>            Hypoth\u00e8se num\u00e9ro 1 : Jean-Louis Borloo, ni de droite, ni de gauche<\/p>\n<p class=\"article-p mdl\">Quelles sont les diff\u00e9rentes pistes sur la table du pr\u00e9sident ? Parmi les premiers ministrables possibles, le nom de Jean-Louis Borloo revient avec insistance. Emmanuel Macron a bien test\u00e9 son nom aupr\u00e8s de plusieurs interlocuteurs.\u00a0<\/p>\n<p class=\"article-p mdl\">Avantage : il n&rsquo;a pas d&rsquo;ennemis politiques, ni \u00e0 gauche, ni \u00e0 droite. Mais pour le nommer, il faut qu&rsquo;Emmanuel Macron accepte de lui laisser la bride tr\u00e8s l\u00e2che et qu&rsquo;ils aient r\u00e9gl\u00e9 leur contentieux. Le pr\u00e9sident lui avait command\u00e9\u00a0<a class=\"link\" href=\"https:\/\/www.rtl.fr\/emission\/on-refait-le-monde\/on-refait-le-monde-du-26-avril-2018-7793174853\" target=\"_blank\" rel=\"noopener\">un rapport sur la banlieue<\/a>, avant de\u00a0<a class=\"link\" href=\"https:\/\/www.rtl.fr\/actu\/politique\/borloo-fustige-la-vision-de-la-societe-de-macron-qu-il-juge-inefficace-et-dangereuse-7793901265\" target=\"_blank\" rel=\"noopener\">le disqualifier publiquement<\/a>.\u00a0<\/p>\n<p>            Hypoth\u00e8se num\u00e9ro 2 : S\u00e9bastien Lecornu, la zone de confort<\/p>\n<p class=\"article-p mdl\">S\u00e9bastien Lecornu, ce \u00ab\u00a0moine-soldat\u00a0\u00bb comme il se d\u00e9finit, pourrait aussi \u00eatre reconduit. Le Premier ministre d\u00e9missionnaire n&rsquo;est pas candidat pour l&rsquo;\u00e9lection pr\u00e9sidentielle de 2027. Il est d\u00e9di\u00e9 \u00e0 sa t\u00e2che et d\u00e9vou\u00e9 au pr\u00e9sident de la R\u00e9publique.\u00a0<\/p>\n<p class=\"article-p mdl\">Avec lui, Emmanuel Macron est dans sa zone de confort et la gauche a plut\u00f4t appr\u00e9ci\u00e9 leurs \u00e9changes. \u00ab\u00a0Avec Lecornu, on n&rsquo;\u00e9tait pas loin, il est sinc\u00e8re\u00a0\u00bb, estimait un socialiste, mais \u00e7a n&rsquo;enclenche pas l&rsquo;id\u00e9e de rupture avec le macronisme.\u00a0<\/p>\n<p>            Hypoth\u00e8se num\u00e9ro 3 : la surprise<\/p>\n<p class=\"article-p mdl\">Le chef de l&rsquo;\u00c9tat peut sortir de son chapeau un ou une candidate surprise, un nom qui n&rsquo;aurait pas encore fuit\u00e9. Ce n&rsquo;est pas le plus probable puisqu&rsquo;il doit annoncer son choix d&rsquo;ici vendredi 10 octobre.\u00a0<\/p>\n<p>    La r\u00e9daction vous recommande<\/p>\n<p class=\"s-newsletter__title\">\n                L\u2019actualit\u00e9 par la r\u00e9daction de RTL dans votre bo\u00eete mail.\n            <\/p>\n<p class=\"s-newsletter__subtitle\">\n                Gr\u00e2ce \u00e0 votre compte RTL abonnez-vous \u00e0 la newsletter RTL info pour suivre toute l&rsquo;actualit\u00e9 au quotidien\n            <\/p>\n<p>\n                                    Lire la suite\n                                <\/p>\n","protected":false},"excerpt":{"rendered":"S\u00e9bastien Lecornu a dress\u00e9 le portrait robot de celui qui doit lui succ\u00e9der \u00e0 Matignon. \u00ab\u00a0Si j&rsquo;ai un&hellip;\n","protected":false},"author":2,"featured_media":450287,"comment_status":"","ping_status":"","sticky":false,"template":"","format":"standard","meta":{"footnotes":""},"categories":[2],"tags":[11,107,1011,27,418,49272,12,362],"class_list":{"0":"post-450286","1":"post","2":"type-post","3":"status-publish","4":"format-standard","5":"has-post-thumbnail","7":"category-actualites","8":"tag-actualites","9":"tag-fil-info","10":"tag-fr","11":"tag-france","12":"tag-gouvernement","13":"tag-matignon","14":"tag-news","15":"tag-replay"},"share_on_mastodon":{"url":"https:\/\/pubeurope.com\/@fr\/115344853245867060","error":""},"_links":{"self":[{"href":"https:\/\/www.europesays.com\/fr\/wp-json\/wp\/v2\/posts\/450286","targetHints":{"allow":["GET"]}}],"collection":[{"href":"https:\/\/www.europesays.com\/fr\/wp-json\/wp\/v2\/posts"}],"about":[{"href":"https:\/\/www.europesays.com\/fr\/wp-json\/wp\/v2\/types\/post"}],"author":[{"embeddable":true,"href":"https:\/\/www.europesays.com\/fr\/wp-json\/wp\/v2\/users\/2"}],"replies":[{"embeddable":true,"href":"https:\/\/www.europesays.com\/fr\/wp-json\/wp\/v2\/comments?post=450286"}],"version-history":[{"count":0,"href":"https:\/\/www.europesays.com\/fr\/wp-json\/wp\/v2\/posts\/450286\/revisions"}],"wp:featuredmedia":[{"embeddable":true,"href":"https:\/\/www.europesays.com\/fr\/wp-json\/wp\/v2\/media\/450287"}],"wp:attachment":[{"href":"https:\/\/www.europesays.com\/fr\/wp-json\/wp\/v2\/media?parent=450286"}],"wp:term":[{"taxonomy":"category","embeddable":true,"href":"https:\/\/www.europesays.com\/fr\/wp-json\/wp\/v2\/categories?post=450286"},{"taxonomy":"post_tag","embeddable":true,"href":"https:\/\/www.europesays.com\/fr\/wp-json\/wp\/v2\/tags?post=450286"}],"curies":[{"name":"wp","href":"https:\/\/api.w.org\/{rel}","templated":true}]}}