{"id":450292,"date":"2025-10-09T15:14:10","date_gmt":"2025-10-09T15:14:10","guid":{"rendered":"https:\/\/www.europesays.com\/fr\/450292\/"},"modified":"2025-10-09T15:14:10","modified_gmt":"2025-10-09T15:14:10","slug":"calendrier-perturbations-on-vous-dit-tout","status":"publish","type":"post","link":"https:\/\/www.europesays.com\/fr\/450292\/","title":{"rendered":"calendrier, perturbations, on vous dit tout"},"content":{"rendered":"<p>            Par<br \/>\n        <strong><br \/>\n            <a href=\"https:\/\/actu.fr\/auteur\/pierre-emile-bouchy-actu-fr\" title=\"Consulter tous les articles de Paul-Emile Bouchy\" rel=\"nofollow noopener\" target=\"_blank\">Paul-Emile Bouchy<\/a><br \/>\n        <\/strong><\/p>\n<p>        Publi\u00e9 le<\/p>\n<p>            9 oct. 2025 \u00e0 16h31        <\/p>\n<p>Le 25\u00a0juin 2024, les <a href=\"https:\/\/actu.fr\/tag\/pompiers\" rel=\"nofollow noopener\" target=\"_blank\">sapeurs-pompiers<\/a> de la <strong>caserne Joffre \u00e0 Nancy<\/strong> descendaient pour la derni\u00e8re fois le drapeau tricolore et <a href=\"https:\/\/actu.fr\/grand-est\/nancy_54395\/nancy-on-vous-fait-vivre-en-images-l-arrivee-des-pompiers-dans-leur-nouvelle-caserne_61254458.html\" rel=\"nofollow noopener\" target=\"_blank\">d\u00e9m\u00e9nageaient dans leur nouvelle caserne situ\u00e9e Rives de Meurthe<\/a>.<\/p>\n<p class=\" wall-content\">Depuis ce jour, la caserne est rest\u00e9e vide jusqu\u2019\u00e0 <strong>sa d\u00e9molition qui a d\u00e9but\u00e9 le lundi 6\u00a0octobre 2025<\/strong>. Ces <a href=\"https:\/\/actu.fr\/tag\/travaux\" rel=\"nofollow noopener\" target=\"_blank\">travaux<\/a>, dont <strong>le co\u00fbt est de 567\u2009000\u00a0euros<\/strong>, vont durer plusieurs mois et engendrer des perturbations. On fait le point.<\/p>\n<p>La d\u00e9molition de la caserne durera jusqu\u2019\u00e0 No\u00ebl<\/p>\n<p class=\" wall-content\">La Ville de Nancy pr\u00e9cise que \u00ab\u2009le nettoyage du b\u00e2timent a d\u00e9j\u00e0 \u00e9t\u00e9 effectu\u00e9\u2009: certains mat\u00e9riaux ont \u00e9t\u00e9 r\u00e9cup\u00e9r\u00e9s par des associations pour du r\u00e9emploi\u2009\u00bb.<\/p>\n<p class=\" wall-content\">Plusieurs \u00e9tapes doivent d\u00e9sormais \u00eatre men\u00e9es comme <strong>la d\u00e9molition des murs et de la structure, le traitement des gravats puis l\u2019am\u00e9nagement sommairement de la parcelle<\/strong>.<\/p>\n<p class=\" wall-content\">D\u00e9but\u00e9e depuis lundi, <strong>cette d\u00e9molition va se d\u00e9rouler jusqu\u2019au 19\u00a0d\u00e9cembre<\/strong>. En janvier\u00a02026, les gravats seront concass\u00e9s sur la parcelle vide situ\u00e9e rue Cyffl\u00e9 puis serviront \u00e0 remblayer le site de l\u2019ancienne caserne.<\/p>\n<p>Plusieurs axes ferm\u00e9s \u00e0 la circulation durant la d\u00e9molition<\/p>\n<p class=\" wall-content\">Ces travaux vont impacter la <a href=\"https:\/\/actu.fr\/tag\/circulation\" rel=\"nofollow noopener\" target=\"_blank\">circulation<\/a> selon les diff\u00e9rentes phases\u2009:<\/p>\n<ul class=\" wall-content\">\n<li><strong>du 6 au 31\u00a0octobre\u2009:<\/strong> acc\u00e8s au parking R\u00e9publique uniquement par le boulevard Joffre, et non pas par la rue Henriette Gall\u00e9-Grimm\u2009;<\/li>\n<li><strong>du 3 au 21\u00a0novembre\u2009:<\/strong> acc\u00e8s au parking R\u00e9publique uniquement par la rue Henriette Gall\u00e9-Grimm\u2009;<\/li>\n<li><strong>du 1er au 19\u00a0d\u00e9cembre\u2009:<\/strong> acc\u00e8s au parking R\u00e9publique uniquement par la rue Henriette Gall\u00e9-Grimm, fermeture du boulevard Joffre au niveau du carrefour avec la rue Saint-Thi\u00e9baut dans le sens rue Saint-Thi\u00e9baut vers la rue Edmonde-Charles-Roux.<\/li>\n<\/ul>\n<p>Votre r\u00e9gion, votre actu !<\/p>\n<p>Recevez chaque jour les infos qui comptent pour vous.<\/p>\n<p>\t<a href=\"https:\/\/actu.fr\/newsletter\" class=\"ac-btn ac-btn--corner ac-btn--medium ac-btn--blue800\" rel=\"nofollow noopener\" target=\"_blank\">S&rsquo;incrire<\/a><\/p>\n<p class=\" wall-content\">La municipalit\u00e9 pr\u00e9cise que l\u2019entreprise pourrait \u00ab\u2009occuper certaines rues ponctuellement pour assurer la s\u00e9curit\u00e9 des travaux\u2009\u00bb.<\/p>\n<p class=\" wall-content\">Personnalisez votre actualit\u00e9 en ajoutant vos villes et m\u00e9dias en favori avec <a href=\"https:\/\/moncompte.actu.fr\" title=\"D\u00e9couvez Mon Actu\" rel=\"nofollow noopener\" data-trk=\"{&quot;cta&quot;:{&quot;action&quot;:&quot;https:\\\/\\\/moncompte.actu.fr&quot;,&quot;category&quot;:&quot;mon compte&quot;,&quot;from&quot;:&quot;article footer&quot;,&quot;name&quot;:&quot;Mon actu&quot;,&quot;type&quot;:&quot;cta&quot;}}\" target=\"_blank\">Mon Actu<\/a>.<\/p>\n","protected":false},"excerpt":{"rendered":"Par Paul-Emile Bouchy Publi\u00e9 le 9 oct. 2025 \u00e0 16h31 Le 25\u00a0juin 2024, les sapeurs-pompiers de la caserne&hellip;\n","protected":false},"author":2,"featured_media":450293,"comment_status":"","ping_status":"","sticky":false,"template":"","format":"standard","meta":{"footnotes":""},"categories":[9635],"tags":[1111,11,3542,1777,674,1011,27,775,1702,12,1311,25,104,2086],"class_list":{"0":"post-450292","1":"post","2":"type-post","3":"status-publish","4":"format-standard","5":"has-post-thumbnail","7":"category-nancy","8":"tag-actu","9":"tag-actualites","10":"tag-circulation","11":"tag-eu","12":"tag-europe","13":"tag-fr","14":"tag-france","15":"tag-grand-est","16":"tag-nancy","17":"tag-news","18":"tag-pompiers","19":"tag-republique-francaise","20":"tag-societe","21":"tag-travaux"},"share_on_mastodon":{"url":"https:\/\/pubeurope.com\/@fr\/115344864880830247","error":""},"_links":{"self":[{"href":"https:\/\/www.europesays.com\/fr\/wp-json\/wp\/v2\/posts\/450292","targetHints":{"allow":["GET"]}}],"collection":[{"href":"https:\/\/www.europesays.com\/fr\/wp-json\/wp\/v2\/posts"}],"about":[{"href":"https:\/\/www.europesays.com\/fr\/wp-json\/wp\/v2\/types\/post"}],"author":[{"embeddable":true,"href":"https:\/\/www.europesays.com\/fr\/wp-json\/wp\/v2\/users\/2"}],"replies":[{"embeddable":true,"href":"https:\/\/www.europesays.com\/fr\/wp-json\/wp\/v2\/comments?post=450292"}],"version-history":[{"count":0,"href":"https:\/\/www.europesays.com\/fr\/wp-json\/wp\/v2\/posts\/450292\/revisions"}],"wp:featuredmedia":[{"embeddable":true,"href":"https:\/\/www.europesays.com\/fr\/wp-json\/wp\/v2\/media\/450293"}],"wp:attachment":[{"href":"https:\/\/www.europesays.com\/fr\/wp-json\/wp\/v2\/media?parent=450292"}],"wp:term":[{"taxonomy":"category","embeddable":true,"href":"https:\/\/www.europesays.com\/fr\/wp-json\/wp\/v2\/categories?post=450292"},{"taxonomy":"post_tag","embeddable":true,"href":"https:\/\/www.europesays.com\/fr\/wp-json\/wp\/v2\/tags?post=450292"}],"curies":[{"name":"wp","href":"https:\/\/api.w.org\/{rel}","templated":true}]}}