{"id":450299,"date":"2025-10-09T15:19:15","date_gmt":"2025-10-09T15:19:15","guid":{"rendered":"https:\/\/www.europesays.com\/fr\/450299\/"},"modified":"2025-10-09T15:19:15","modified_gmt":"2025-10-09T15:19:15","slug":"marche-a-lombre-le-nouveau-refrain-des-ecologistes-pour-montpellier","status":"publish","type":"post","link":"https:\/\/www.europesays.com\/fr\/450299\/","title":{"rendered":"\u00ab\u00a0Marche \u00e0 l&rsquo;ombre\u00a0\u00bb, le nouveau refrain des \u00c9cologistes pour Montpellier"},"content":{"rendered":"<p>            Par<br \/>\n        <strong><br \/>\n            <a href=\"https:\/\/actu.fr\/auteur\/c-nithard\" title=\"Consulter tous les articles de C\u00e9dric Nithard\" rel=\"nofollow noopener\" target=\"_blank\">C\u00e9dric Nithard<\/a><br \/>\n        <\/strong><\/p>\n<p>        Publi\u00e9 le<\/p>\n<p>            9 oct. 2025 \u00e0 16h45        <\/p>\n<p>Peu importe qu\u2019ils aient \u00e9t\u00e9 suspendus temporairement par leur parti et que <a href=\"https:\/\/actu.fr\/occitanie\/montpellier_34172\/nous-sommes-en-ordre-de-bataille-a-montpellier-marine-tondelier-conforte-jean-louis-roumegas_63224345.html\" rel=\"nofollow noopener\" target=\"_blank\">la patronne des Verts Marine Tondelier ait donn\u00e9 raison \u00e0 Jean-Louis Roum\u00e9gas<\/a>, <strong>Les \u00c9cologistes pour Montpellier<\/strong> poursuivent leur chemin dans <strong>la campagne des municipales<\/strong>. Apr\u00e8s \u00ab\u00a0Grandir dehors\u00a0\u00bb, Manu Reynaud et sa bande entonnent leur nouveau refrain : \u00ab\u00a0Marche \u00e0 l\u2019ombre\u00a0\u00bb.\u00a0<\/p>\n<p>\u00ab\u00a0c\u2019est maintenant l\u2019heure du pi\u00e9ton\u00a0\u00bb<\/p>\n<p class=\" wall-content\">Vous l\u2019avez tous en t\u00eate ? Au cas o\u00f9 : \u00ab\u00a0Toi, tu m\u2019fous les glandes. Pis t\u2019as rien \u00e0 foutre dans mon monde. Arrache-toi d\u2019l\u00e0, t\u2019es pas d\u2019ma bande. Casse-toi, tu pues. Et marche \u00e0 l\u2019ombre\u00a0\u00bb. Que les mauvais esprits n\u2019y voit pas de message. En reprenant le titre de la chanson de Renaud, Les \u00c9cologistes pour Montpellier ne s\u2019adressent <a href=\"https:\/\/actu.fr\/occitanie\/montpellier_34172\/manu-reynaud-interpelle-marine-tondelier-montpellier-capitale-ecologiste-de-l-entrisme-communautaire_63225615.html\" rel=\"nofollow noopener\" target=\"_blank\">ni \u00e0 Marine Tondelier<\/a>, <a href=\"https:\/\/actu.fr\/occitanie\/montpellier_34172\/montpellier-politique-ecologie-que-reproche-l-elu-manu-reynaud-au-depute-jean-louis-roumegas_63092783.html\" rel=\"nofollow noopener\" target=\"_blank\">ni \u00e0 Jean-Louis Roum\u00e9gas<\/a> mais ne veulent pas se montrer discret pour autant. Comme il ne s\u2019agit pas ici de politique, ils entonneraient plut\u00f4t en compl\u00e9ment \u00ab\u00a0Laisse b\u00e9ton\u00a0\u00bb, pas version verlan mais pour illustrer leur volont\u00e9 de mettre le pi\u00e9ton au frais et le replacer au coeur de la ville<\/p>\n<p class=\" wall-content\">\u00ab\u00a0La marche et la place du pi\u00e9ton doivent \u00eatre la priorit\u00e9 du prochain mandat. Dans celui qui s\u2019ach\u00e8ve, nous avons mis en avant le v\u00e9lo et le tramway, on pense que c\u2019est maintenant l\u2019heure du pi\u00e9ton. Nous avons fait des choses pour am\u00e9liorer l\u2019accessibilit\u00e9 mais ces progr\u00e8s on \u00e9tait fait au fur et \u00e0 mesure des am\u00e9nagements. Il faut maintenant inverser les choses en pensant d\u2019abord l\u2019am\u00e9nagement pour les pi\u00e9tons dans un am\u00e9nagement plus global\u00a0\u00bb. pr\u00e9sente St\u00e9phane Jouault.<\/p>\n<p>Une centaine de rues-jardins<\/p>\n<p class=\" wall-content\">Rendez-vous donn\u00e9 au coeur du quartier Figuerolles pour esquisser leur vision dans une ruelle o\u00f9 les plantes grimpent d\u2019une fa\u00e7ade \u00e0 une autre. Des petits oasis de fra\u00eecheur ayant d\u00e9but\u00e9 gr\u00e2ce aux bons de v\u00e9g\u00e9talisation mis en place dans la mandature de Philippe Saurel. Si les \u00c9cologistes pour Montpellier saluent le succ\u00e8s du dispositif, ils veulent en inverser la d\u00e9marche pour cr\u00e9er une centaine de rues-jardins dans tous les quartiers de la ville avec des programmes cibl\u00e9s de v\u00e9g\u00e9talisation, de d\u00e9simperm\u00e9abilisation, de rev\u00eatement des sols\u2026<\/p>\n<p>Vid\u00e9os : en ce moment sur Actu<\/p>\n<p class=\" wall-content\">Et, au-del\u00e0 de l\u2019aspect nature, ainsi \u00ab\u00a0cr\u00e9er des zones de convivialit\u00e9, de lien social, de partage et d\u2019\u00e9change. De cr\u00e9er ces espaces au plus pr\u00e8s des habitants, on peut imaginer les gens sortir, discuter entre eux, rompre l\u2019isolement\u2026\u00a0\u00bb ambitionne Marie Massart qui ne cache pas l\u2019inspiration espagnole dans cette vision de la ville. Une vision dans laquelle des vignes pourraient \u00eatre utilis\u00e9es comme plante grimpante. \u00ab\u00a0Symboliquement, ce serait un clin d\u2019oeil \u00e0 une activit\u00e9 tr\u00e8s caract\u00e9ristique du territoire en d\u00e9veloppant de la vigne en ville non pas pour faire du vin mais pour faire de l\u2019ombre. Et pourquoi pas faire des vendanges pour partager les quelques grappes de raisin\u00a0\u00bb compl\u00e8te-t-elle.<\/p>\n<p>Un GR urbain<\/p>\n<p class=\" wall-content\">Tout le monde ayant d\u00e9sormais bien en t\u00eate le d\u00e9r\u00e8glement climatique et les fortes chaleurs en \u00e9t\u00e9, St\u00e9phane Jouault appuie : \u00ab\u00a0Malgr\u00e9 ces temp\u00e9ratures et ce climat, il faut que l\u2019on puisse continuer \u00e0 se d\u00e9placer dans de bonnes conditions. Nous avons appel\u00e9 notre plan \u00ab\u00a0Marche \u00e0 l\u2019ombre\u00a0\u00bb car nous aurons besoin de rafra\u00eechissement et d\u2019ombrages dans la ville\u00a0\u00bb. Et quand la v\u00e9g\u00e9talisation n\u2019est pas permise, le conseiller municipal imagine par ailleurs l\u2019utilisation de voilages et pour certains grands espaces de faire appel \u00e0 des outils modulaires de fa\u00e7on temporaire comme des pergolas sur la place de la Com\u00e9die.\u00a0<\/p>\n<p>Votre r\u00e9gion, votre actu !<\/p>\n<p>Recevez chaque jour les infos qui comptent pour vous.<\/p>\n<p>\t<a href=\"https:\/\/actu.fr\/newsletter\" class=\"ac-btn ac-btn--corner ac-btn--medium ac-btn--blue800\" rel=\"nofollow noopener\" target=\"_blank\">S&rsquo;incrire<\/a><\/p>\n<p class=\" wall-content\">Un plan compl\u00e9t\u00e9 par l\u2019installation de 300 points d\u2019eau potable en plus de ceux d\u00e9j\u00e0 existants, mais \u00e9galement de poursuivre la dynamique de cr\u00e9ation de petits parcs urbains destin\u00e9s \u00e0 en faire des \u00ab\u00a0points de fraicheur au coeur des quartiers\u00a0\u00bb en ayant d\u00e9j\u00e0 rep\u00e9r\u00e9 un potentiel de 20 hectares \u00e0 d\u00e9simpermabiliser dans le prochain mandat. Des parcs qui par ailleurs en \u00e9t\u00e9 \u00ab\u00a0ouvriraient le plus t\u00f4t possible et fermeraient le plus tard possible\u00a0\u00bb. Les \u00c9cologistes pour Montpellier voient plus global en souhaitant cr\u00e9er \u00ab\u00a0un grand r\u00e9seau de balade fra\u00eecheur qui pourrait relier les diff\u00e9rents parcs avec des points refuges sur les parcours\u00a0\u00bb. Ce r\u00e9seau serait identifi\u00e9 par une signal\u00e9tique sur un format de GR urbain. Un plan marche qui pr\u00e9voit par ailleurs l\u2019installation de 500 bancs et de toilettes publiques suppl\u00e9mentaires.<\/p>\n<p>La s\u00e9curisation du pi\u00e9ton<\/p>\n<p class=\" wall-content\">Reste un point central dans ce plan \u00ab\u00a0marche \u00e0 l\u2019ombre\u00a0\u00bb : la s\u00e9curisation du pi\u00e9ton. Car si le danger provenait il y encore dix ans des voitures, g\u00e9n\u00e9ralement cantonn\u00e9es \u00e0 la route, d\u00e9sormais les v\u00e9los et les trottinettes ont envahi les espaces pi\u00e9tons. \u00ab\u00a0Quand on d\u00e9termine un usage pour un certain type d\u2019espace, il y a des endroits o\u00f9 c\u2019est probl\u00e9matique. \u00c0 certains endroits, la priorit\u00e9 doit \u00eatre clairement affirm\u00e9e, quitte \u00e0 faire un sorte qu\u2019un certain nombre n\u2019y passe pas. Et il ne faut pas s\u2019interdire de verbaliser quand quelque chose contrevient \u00e0 la r\u00e8gle commune\u00a0\u00bb explique Manu Reynaud qui poursuit : \u00ab\u00a0L\u2019\u00c9cusson est par exemple un espace sur lequel il faut travailler activement pour red\u00e9finir le p\u00e9rim\u00e8tre. Pour r\u00e9gler un conflit d\u2019usage il faut que les choses soient tr\u00e8s claires en termes de p\u00e9dagogie d\u2019un c\u00f4t\u00e9 et de r\u00e8gles appliqu\u00e9es de l\u2019autre\u00a0\u00bb.<\/p>\n<p class=\" wall-content\">Ayant dans sa d\u00e9l\u00e9gation de la Ville apais\u00e9e les dossiers du plan de circulation, de la mise en \u0153uvre du Sch\u00e9ma des Mobilit\u00e9s Actives (SDMA), du projet de \u00ab Ville 30 km\/h \u00bb et justement du Plan marchable, Manu Reynaud\u00a0rappelle les 25 gros points noirs de discontinuit\u00e9 cyclable mis en avant par le barom\u00e8tre V\u00e9locit\u00e9. \u00ab\u00a0On pourrait faire exactement une m\u00eame carte des points de difficult\u00e9s et d\u2019usage pour les pi\u00e9tons et se dire que l\u2019on pourrait en r\u00e9gler certains tr\u00e8s rapidement\u00a0\u00bb. Sans vouloir minimiser les accidents, Manu Reynaud relativise : \u00ab\u00a0C\u2019est bien d\u2019avoir ces d\u00e9bats car ils sont super simples. C\u2019est quand m\u00eame beaucoup mieux d\u2019avoir des conflits d\u2019usage entre pi\u00e9tons, v\u00e9los et trottinettes, qu\u2019entre pi\u00e9tons et voitures. On vient de tr\u00e8s loin, de morts sur la route\u2026\u00a0\u00bb.<\/p>\n<p>\u00ab\u00a0Nos id\u00e9es sont en licence libre\u00a0\u00bb<\/p>\n<p class=\" wall-content\">Apr\u00e8s \u00ab\u00a0Grandir dehors\u00a0\u00bb et \u00ab\u00a0Marche \u00e0 l\u2019ombre\u00a0\u00bb, Les \u00c9cologistes pour Montpellier vont continuer dans les mois \u00e0 venir \u00e0 d\u00e9voiler quelques grandes th\u00e9matiques de leur programme issues de leurs rencontres \u00ab\u00a05 minutes pour Montpellier\u00a0\u00bb avec les habitants qu\u2019ils \u00e9grainent jusqu\u2019au 31 d\u00e9cembre sur les r\u00e9seaux sociaux avec \u00ab\u00a0une id\u00e9e par jour\u00a0\u00bb.<\/p>\n<p class=\" wall-content\">Si la volont\u00e9 de travailler le fond dans cette campagne municipale est ind\u00e9niable, reste \u00e0 savoir \u00e0 qui profitera ce programme venant d\u2019un groupe qui n\u2019a pas vocation \u00e0 pr\u00e9senter une liste propre et clairement affili\u00e9 \u00e0 la majorit\u00e9 municipale conduite par Micha\u00ebl Delafosse. \u00ab\u00a0Nos id\u00e9es sont en licence libre. Tout le monde peut les prendre\u00a0\u00bb d\u00e9fend Manu Reynaud avec une mise en garde : \u00ab\u00a0Une fois de plus, nous sommes dans l\u2019optique d\u2019un rassemblement de la gauche et des \u00e9cologistes. Nous, nous arriverons avec la liste des id\u00e9es et des projets et il faudra nous dire pourquoi on n\u2019est pas ensemble\u00a0\u00bb. Plusieurs chansons de Renaud pourraient illustrer la r\u00e9ponse de certains interlocuteurs\u2026<\/p>\n<p class=\" wall-content\">Personnalisez votre actualit\u00e9 en ajoutant vos villes et m\u00e9dias en favori avec <a href=\"https:\/\/moncompte.actu.fr\" title=\"D\u00e9couvez Mon Actu\" rel=\"nofollow noopener\" data-trk=\"{&quot;cta&quot;:{&quot;action&quot;:&quot;https:\\\/\\\/moncompte.actu.fr&quot;,&quot;category&quot;:&quot;mon compte&quot;,&quot;from&quot;:&quot;article footer&quot;,&quot;name&quot;:&quot;Mon actu&quot;,&quot;type&quot;:&quot;cta&quot;}}\" target=\"_blank\">Mon Actu<\/a>.<\/p>\n","protected":false},"excerpt":{"rendered":"Par C\u00e9dric Nithard Publi\u00e9 le 9 oct. 2025 \u00e0 16h45 Peu importe qu\u2019ils aient \u00e9t\u00e9 suspendus temporairement par&hellip;\n","protected":false},"author":2,"featured_media":450300,"comment_status":"","ping_status":"","sticky":false,"template":"","format":"standard","meta":{"footnotes":""},"categories":[9599],"tags":[1111,11,4188,1777,674,1011,27,2208,12,2680,316,25],"class_list":{"0":"post-450299","1":"post","2":"type-post","3":"status-publish","4":"format-standard","5":"has-post-thumbnail","7":"category-montpellier","8":"tag-actu","9":"tag-actualites","10":"tag-elections-municipales","11":"tag-eu","12":"tag-europe","13":"tag-fr","14":"tag-france","15":"tag-montpellier","16":"tag-news","17":"tag-occitanie","18":"tag-politique","19":"tag-republique-francaise"},"share_on_mastodon":{"url":"https:\/\/pubeurope.com\/@fr\/115344884605541370","error":""},"_links":{"self":[{"href":"https:\/\/www.europesays.com\/fr\/wp-json\/wp\/v2\/posts\/450299","targetHints":{"allow":["GET"]}}],"collection":[{"href":"https:\/\/www.europesays.com\/fr\/wp-json\/wp\/v2\/posts"}],"about":[{"href":"https:\/\/www.europesays.com\/fr\/wp-json\/wp\/v2\/types\/post"}],"author":[{"embeddable":true,"href":"https:\/\/www.europesays.com\/fr\/wp-json\/wp\/v2\/users\/2"}],"replies":[{"embeddable":true,"href":"https:\/\/www.europesays.com\/fr\/wp-json\/wp\/v2\/comments?post=450299"}],"version-history":[{"count":0,"href":"https:\/\/www.europesays.com\/fr\/wp-json\/wp\/v2\/posts\/450299\/revisions"}],"wp:featuredmedia":[{"embeddable":true,"href":"https:\/\/www.europesays.com\/fr\/wp-json\/wp\/v2\/media\/450300"}],"wp:attachment":[{"href":"https:\/\/www.europesays.com\/fr\/wp-json\/wp\/v2\/media?parent=450299"}],"wp:term":[{"taxonomy":"category","embeddable":true,"href":"https:\/\/www.europesays.com\/fr\/wp-json\/wp\/v2\/categories?post=450299"},{"taxonomy":"post_tag","embeddable":true,"href":"https:\/\/www.europesays.com\/fr\/wp-json\/wp\/v2\/tags?post=450299"}],"curies":[{"name":"wp","href":"https:\/\/api.w.org\/{rel}","templated":true}]}}