{"id":450305,"date":"2025-10-09T15:22:20","date_gmt":"2025-10-09T15:22:20","guid":{"rendered":"https:\/\/www.europesays.com\/fr\/450305\/"},"modified":"2025-10-09T15:22:20","modified_gmt":"2025-10-09T15:22:20","slug":"agglo-de-rouen-un-cirque-sinstalle-de-force-sur-le-parking-du-centre-commercial-la-ville-replique","status":"publish","type":"post","link":"https:\/\/www.europesays.com\/fr\/450305\/","title":{"rendered":"Agglo de Rouen. Un cirque s&rsquo;installe de force sur le parking du centre commercial, la Ville r\u00e9plique"},"content":{"rendered":"<p>            Par<br \/>\n        <strong><br \/>\n            <a href=\"https:\/\/actu.fr\/auteur\/thomas-rideau\" title=\"Consulter tous les articles de Thomas Rideau\" target=\"_blank\" rel=\"noopener\">Thomas Rideau<\/a><br \/>\n        <\/strong><\/p>\n<p>        Publi\u00e9 le<\/p>\n<p>            9 oct. 2025 \u00e0 16h38        <\/p>\n<p><img decoding=\"async\" loading=\"lazy\" src=\"https:\/\/www.europesays.com\/fr\/wp-content\/uploads\/2025\/10\/cirque-franco-belge-montivilliers-decathlon-3-960x640.jpg\" alt=\"fdf\" width=\"960\" height=\"640\"\/>Un crique s\u2019est install\u00e9 sans autorisation sur le parking du Super U de Grand-Quevilly (Seine-Maritime). (Illustration\/LB\/76actu)<\/p>\n<p class=\" wall-content\">Un <strong>cirque du nom de Zavatta<\/strong> s\u2019est install\u00e9 sur le parking de la zone commerciale du Bois-Cany, \u00e0 <a href=\"https:\/\/actu.fr\/normandie\/le-grand-quevilly_76322\" target=\"_blank\" rel=\"noopener\">Grand-Quevilly (Seine-Maritime)<\/a>, depuis le 3 octobre 2025. Probl\u00e8me, le cirque a pris place sans autorisation dans le secteur et a provoqu\u00e9 la<strong> col\u00e8re des commer\u00e7ants<\/strong> riverains, mais aussi celle de la municipalit\u00e9.<\/p>\n<p class=\" wall-content\">Une visite de contr\u00f4le de s\u00e9curit\u00e9 a eu lieu. Et c\u2019est suite \u00e0 celle-ci que<strong> la Ville<\/strong> a pris la d\u00e9cision de prendre un arr\u00eat\u00e9 de fermeture. \u00ab\u2009Moi, j\u2019ai pos\u00e9 la base juridique qui va permettre aux services de la pr\u00e9fecture et de police d\u2019agir\u2009\u00bb, note aupr\u00e8s de\u00a076actu le maire de la commune, <strong>Nicolas Rouly<\/strong>.<\/p>\n<p>Install\u00e9 \u00ab\u2009par la force des choses\u2009\u00bb<\/p>\n<p class=\" wall-content\">\u00ab\u2009Quand ils se sont install\u00e9s sur le parking, il y a eu des discussions, mais ils ont quand m\u00eame mont\u00e9 le chapiteau <strong>par la force des choses<\/strong>\u2009\u00bb, rajoute le maire qui n\u2019a pu que d\u00e9clencher la visite de cette commission de s\u00e9curit\u00e9, \u00ab\u2009comme on le fait pour tous les \u00e9tablissements recevant du public\u2009\u00bb.<\/p>\n<p>    <a href=\"https:\/\/www.facebook.com\/plugins\/post.php?href=https%3A%2F%2Fwww.facebook.com%2Fgrandquevilly%2Fposts%2Fpfbid02eAMqGZruuEXoB8PMdWDPZTTMt38VBPS538UYiKHNyWeKF559LbXQ8XcZKCmjd2Yrl&amp;show_text=true&amp;width=350\" title=\"Ouvrie le lien\" target=\"_blank\" rel=\"noopener\">Cliquez ici pour visualiser le contenu<\/a><\/p>\n<p class=\" wall-content\">\u00ab\u2009Par ailleurs, <strong>une inspection<\/strong> pour s\u2019assurer du bien-\u00eatre et de la bonne sant\u00e9 des animaux du cirque a \u00e9t\u00e9 effectu\u00e9e par la Direction d\u00e9partementale de la protection des populations de Seine-Maritime\u2009\u00bb, pr\u00e9cise aussi la ville. La <strong>question des animaux<\/strong> a d\u2019ailleurs \u00e9t\u00e9 soulev\u00e9e par une association de protection des animaux concernant ce cirque.<\/p>\n<p class=\" wall-content\"><a href=\"https:\/\/www.instagram.com\/p\/DPUHtKCjXaX\/embed\" title=\"Ouvrir le lien sur Instagram\" target=\"_blank\" rel=\"noopener\">Visualiser le contenu sur Instagram<\/a><\/p>\n<p>\u00ab Ils pensaient peut-\u00eatre \u00e9chapper \u00e0 cette proc\u00e9dure\u2009? \u00bb<\/p>\n<p class=\" wall-content\">Une situation quelque peu ubuesque, car la ville de Grand-Quevilly a l\u2019habitude d\u2019accueillir des cirques sur une parcelle de la <strong>plaine de jeux L\u00e9on-Blum<\/strong>. \u00ab\u2009Mais ils ont refus\u00e9 de se plier \u00e0 la proc\u00e9dure mise en place par la ville. Proc\u00e9dure qui comprend la visite de cette commission de s\u00e9curit\u00e9. Ils pensaient peut-\u00eatre \u00e9chapper \u00e0 cette proc\u00e9dure\u2009\u00bb, s\u2019interroge le maire de Grand-Quevilly.<\/p>\n<p>Suivez l\u2019actualit\u00e9 de Rouen <a href=\"https:\/\/www.whatsapp.com\/channel\/0029VaKfnf99hXF2ddApFB1D\" target=\"_blank\" rel=\"noopener\">sur notre cha\u00eene WhatsApp<\/a> et <a href=\"https:\/\/www.tiktok.com\/@76actu.fr?lang=fr\" target=\"_blank\" rel=\"noopener\">sur notre compte TikTok<\/a><\/p>\n<p class=\" wall-content\">Personnalisez votre actualit\u00e9 en ajoutant vos villes et m\u00e9dias en favori avec <a href=\"https:\/\/moncompte.actu.fr\" title=\"D\u00e9couvez Mon Actu\" rel=\"nofollow noopener\" data-trk=\"{&quot;cta&quot;:{&quot;action&quot;:&quot;https:\\\/\\\/moncompte.actu.fr&quot;,&quot;category&quot;:&quot;mon compte&quot;,&quot;from&quot;:&quot;article footer&quot;,&quot;name&quot;:&quot;Mon actu&quot;,&quot;type&quot;:&quot;cta&quot;}}\" target=\"_blank\">Mon Actu<\/a>.<\/p>\n<p>                    <script async src=\"\/\/www.instagram.com\/embed.js\"><\/script><script async src=\"\/\/www.tiktok.com\/embed.js\"><\/script><\/p>\n","protected":false},"excerpt":{"rendered":"Par Thomas Rideau Publi\u00e9 le 9 oct. 2025 \u00e0 16h38 Un crique s\u2019est install\u00e9 sans autorisation sur le&hellip;\n","protected":false},"author":2,"featured_media":450306,"comment_status":"","ping_status":"","sticky":false,"template":"","format":"standard","meta":{"footnotes":""},"categories":[9587],"tags":[1111,11,1867,5398,1777,674,1011,27,12,5161,25,9590,104],"class_list":{"0":"post-450305","1":"post","2":"type-post","3":"status-publish","4":"format-standard","5":"has-post-thumbnail","7":"category-rouen","8":"tag-actu","9":"tag-actualites","10":"tag-animaux","11":"tag-cirque","12":"tag-eu","13":"tag-europe","14":"tag-fr","15":"tag-france","16":"tag-news","17":"tag-normandie","18":"tag-republique-francaise","19":"tag-rouen","20":"tag-societe"},"share_on_mastodon":{"url":"https:\/\/pubeurope.com\/@fr\/115344896966433564","error":""},"_links":{"self":[{"href":"https:\/\/www.europesays.com\/fr\/wp-json\/wp\/v2\/posts\/450305","targetHints":{"allow":["GET"]}}],"collection":[{"href":"https:\/\/www.europesays.com\/fr\/wp-json\/wp\/v2\/posts"}],"about":[{"href":"https:\/\/www.europesays.com\/fr\/wp-json\/wp\/v2\/types\/post"}],"author":[{"embeddable":true,"href":"https:\/\/www.europesays.com\/fr\/wp-json\/wp\/v2\/users\/2"}],"replies":[{"embeddable":true,"href":"https:\/\/www.europesays.com\/fr\/wp-json\/wp\/v2\/comments?post=450305"}],"version-history":[{"count":0,"href":"https:\/\/www.europesays.com\/fr\/wp-json\/wp\/v2\/posts\/450305\/revisions"}],"wp:featuredmedia":[{"embeddable":true,"href":"https:\/\/www.europesays.com\/fr\/wp-json\/wp\/v2\/media\/450306"}],"wp:attachment":[{"href":"https:\/\/www.europesays.com\/fr\/wp-json\/wp\/v2\/media?parent=450305"}],"wp:term":[{"taxonomy":"category","embeddable":true,"href":"https:\/\/www.europesays.com\/fr\/wp-json\/wp\/v2\/categories?post=450305"},{"taxonomy":"post_tag","embeddable":true,"href":"https:\/\/www.europesays.com\/fr\/wp-json\/wp\/v2\/tags?post=450305"}],"curies":[{"name":"wp","href":"https:\/\/api.w.org\/{rel}","templated":true}]}}