{"id":450311,"date":"2025-10-09T15:25:10","date_gmt":"2025-10-09T15:25:10","guid":{"rendered":"https:\/\/www.europesays.com\/fr\/450311\/"},"modified":"2025-10-09T15:25:10","modified_gmt":"2025-10-09T15:25:10","slug":"plus-de-7-500-participants-attendus-a-la-marche-la-colombia-ce-samedi-a-rennes","status":"publish","type":"post","link":"https:\/\/www.europesays.com\/fr\/450311\/","title":{"rendered":"Plus de 7\u00a0500 participants attendus \u00e0 la marche La Colombia, ce samedi \u00e0 Rennes"},"content":{"rendered":"<p>C\u2019est devenu un rendez-vous incontournable de Tout Rennes court. Samedi 11 octobre \u00e0 15 h 30, comme chaque ann\u00e9e depuis seize ans, la marche solidaire La Colombia s\u2019\u00e9lancera aux rythmes des fanfares depuis la place Charles-de-Gaulle \u00e0 15 h 30. \u00ab S\u2019il fait beau comme l\u2019annonce M\u00e9t\u00e9o France, nous aurons du monde \u00bb, se r\u00e9jouit Viviane Hingant, cheville ouvri\u00e8re de cette marche. L\u2019ann\u00e9e derni\u00e8re environ 7 500 personnes avaient particip\u00e9 \u00e0 cette marche solidaire avec les malades du cancer. \u00ab Il n\u2019est pas n\u00e9cessaire de s\u2019inscrire au pr\u00e9alable : la marche est ouverte \u00e0 tous \u00e0 condition de respecter le code couleur : le rose, ajoute Viviane Hingant. Tee-shirt et accessoires aux couleurs de la mobilisation sont bienvenus, seuls les b\u00e2tons de marche sont interdits. Le parcours de 2 km s\u2019ach\u00e8vera \u00e0 son point de d\u00e9part, sur l\u2019esplanade Charles de Gaulle \u00bb.<\/p>\n<p>Plus de 100 000 euros en 15 ans<\/p>\n<p>Les b\u00e9n\u00e9fices seront revers\u00e9s \u00e0 des associations qui viennent en aide aux malades du cancer. \u00ab Les associations choisies sont le Comit\u00e9 f\u00e9minin d\u2019Ille-et-Vilaine dont l\u2019objectif est de sensibiliser \u00e0 la participation aux d\u00e9pistages organis\u00e9s (cancer du sein, cancer colo rectal, cancer du col de l\u2019ut\u00e9rus\u2026), d\u00e9taille Charles Esteves, le directeur du centre commercial Colombia. Et L\u2019Association Cap Ouest qui promeut l\u2019activit\u00e9 physique et le Collectif Activit\u00e9 Physique &amp; Cancer-Bouger qui est un regroupement d\u2019associations qui offrent aux patients une pratique d\u2019activit\u00e9 physique adapt\u00e9e, r\u00e9guli\u00e8re et encadr\u00e9e. \u00bb<\/p>\n<p>Depuis quinze ans, c\u2019est plus de 100 000 euros que le centre Colombia a revers\u00e9s aux associations qui soutiennent les malades du cancer. \u00ab L\u2019an dernier, nous leur avons vers\u00e9 19 000 euros gr\u00e2ce \u00e0 la vente de T-shirts, de sacs ou de pin\u2019s. \u00bb<\/p>\n<p>Cette ann\u00e9e, Coralie et Christophe Licata, les danseurs de Danse avec les stars se pr\u00eateront \u00e0 une s\u00e9ance de d\u00e9dicace de 12 h 30 \u00e0 14 h 30 \u00e0 l\u2019accueil du centre commercial Colombia, devant la Fnac.<\/p>\n","protected":false},"excerpt":{"rendered":"C\u2019est devenu un rendez-vous incontournable de Tout Rennes court. Samedi 11 octobre \u00e0 15 h 30, comme chaque&hellip;\n","protected":false},"author":2,"featured_media":450312,"comment_status":"","ping_status":"","sticky":false,"template":"","format":"standard","meta":{"footnotes":""},"categories":[2821],"tags":[1111,11,829,765,1777,674,1011,27,12,50972,584,25],"class_list":{"0":"post-450311","1":"post","2":"type-post","3":"status-publish","4":"format-standard","5":"has-post-thumbnail","7":"category-rennes","8":"tag-actu","9":"tag-actualites","10":"tag-bretagne","11":"tag-en-continu","12":"tag-eu","13":"tag-europe","14":"tag-fr","15":"tag-france","16":"tag-news","17":"tag-newsletter-la-rennes-quotidienne","18":"tag-rennes","19":"tag-republique-francaise"},"share_on_mastodon":{"url":"https:\/\/pubeurope.com\/@fr\/115344908287638049","error":""},"_links":{"self":[{"href":"https:\/\/www.europesays.com\/fr\/wp-json\/wp\/v2\/posts\/450311","targetHints":{"allow":["GET"]}}],"collection":[{"href":"https:\/\/www.europesays.com\/fr\/wp-json\/wp\/v2\/posts"}],"about":[{"href":"https:\/\/www.europesays.com\/fr\/wp-json\/wp\/v2\/types\/post"}],"author":[{"embeddable":true,"href":"https:\/\/www.europesays.com\/fr\/wp-json\/wp\/v2\/users\/2"}],"replies":[{"embeddable":true,"href":"https:\/\/www.europesays.com\/fr\/wp-json\/wp\/v2\/comments?post=450311"}],"version-history":[{"count":0,"href":"https:\/\/www.europesays.com\/fr\/wp-json\/wp\/v2\/posts\/450311\/revisions"}],"wp:featuredmedia":[{"embeddable":true,"href":"https:\/\/www.europesays.com\/fr\/wp-json\/wp\/v2\/media\/450312"}],"wp:attachment":[{"href":"https:\/\/www.europesays.com\/fr\/wp-json\/wp\/v2\/media?parent=450311"}],"wp:term":[{"taxonomy":"category","embeddable":true,"href":"https:\/\/www.europesays.com\/fr\/wp-json\/wp\/v2\/categories?post=450311"},{"taxonomy":"post_tag","embeddable":true,"href":"https:\/\/www.europesays.com\/fr\/wp-json\/wp\/v2\/tags?post=450311"}],"curies":[{"name":"wp","href":"https:\/\/api.w.org\/{rel}","templated":true}]}}