{"id":450315,"date":"2025-10-09T15:27:10","date_gmt":"2025-10-09T15:27:10","guid":{"rendered":"https:\/\/www.europesays.com\/fr\/450315\/"},"modified":"2025-10-09T15:27:10","modified_gmt":"2025-10-09T15:27:10","slug":"un-train-ter-stoppe-4-heures-apres-lapparition-de-flammes-sur-le-toit","status":"publish","type":"post","link":"https:\/\/www.europesays.com\/fr\/450315\/","title":{"rendered":"un train TER stopp\u00e9 4 heures apr\u00e8s l&rsquo;apparition de flammes sur le toit"},"content":{"rendered":"<p>            Par<br \/>\n        <strong><br \/>\n            <a href=\"https:\/\/actu.fr\/auteur\/thomas-blanc\" title=\"Consulter tous les articles de Thomas Blanc\" rel=\"nofollow noopener\" target=\"_blank\">Thomas Blanc<\/a><br \/>\n        <\/strong><\/p>\n<p>        Publi\u00e9 le<\/p>\n<p>            9 oct. 2025 \u00e0 15h12        <\/p>\n<p>Les voyageurs de la ligne Saint-Di\u00e9-des-Vosges-<a href=\"https:\/\/actu.fr\/strasbourg\/\" rel=\"nofollow noopener\" target=\"_blank\">Strasbourg<\/a>\u00a0ont eu <strong>une mauvaise surprise<\/strong> ce jeudi matin lors de leur voyage en train au niveau de la gare de <strong>Bourg-Bruche<\/strong> (<a href=\"https:\/\/actu.fr\/grand-est\/bas-rhin_67\" rel=\"nofollow noopener\" target=\"_blank\">Bas-Rhin<\/a>). En effet, leur train a d\u00fb \u00eatre \u00e9vacu\u00e9, <strong>l\u2019engin \u00e9tait en proie aux flammes<\/strong>.<\/p>\n<p>    <a href=\"https:\/\/www.google.com\/maps\/embed?pb=!1m18!1m12!1m3!1d142634.68215873095!2d7.04567721585222!3d48.37306197664485!2m3!1f0!2f0!3f0!3m2!1i1024!2i768!4f13.1!3m3!1m2!1s0x4793fb6a912f33d3%3A0x14bcc840d77c254a!2s67420%20Bourg-Bruche!5e0!3m2!1sfr!2sfr!4v1760012703829!5m2!1sfr!2sfr\" title=\"Ouvrie le lien\" rel=\"nofollow noopener\" target=\"_blank\">Cliquez ici pour visualiser le contenu<\/a><\/p>\n<p>Un incendie se d\u00e9clare sur le train d\u2019un TER parti de Strasbourg<\/p>\n<p class=\" wall-content\">\u00ab<strong>\u2009Un incendie s\u2019est d\u00e9clench\u00e9<\/strong> sur le toit du TER\u2009\u00bb, fait savoir la <a href=\"https:\/\/actu.fr\/tag\/sncf\" rel=\"nofollow noopener\" target=\"_blank\">SNCF<\/a> \u00e0 Actu Strasbourg, \u00ab\u2009sans qu\u2019<strong>aucune flamme ne p\u00e9n\u00e8tre dans les voitures<\/strong>\u2009\u00bb, pr\u00e9cise-t-elle.<\/p>\n<p class=\" wall-content\">\n<p class=\" wall-content\">\u00ab\u2009La trentaine de clients a d\u00fb \u00eatre \u00e9vacu\u00e9e\u2009\u00bb, rallongeant ainsi leur voyage <strong>qui s\u2019est termin\u00e9 en autocar<\/strong>. La circulation a \u00e9t\u00e9 interrompue <strong>pr\u00e8s de quatre heures<\/strong> entre Rothau et Saales de 8h et 12h.<\/p>\n<p class=\" wall-content\">\u00ab\u2009\u00c0 l\u2019arriv\u00e9e des pompiers les flammes s\u2019\u00e9taient d\u00e9j\u00e0 \u00e9teintes\u2009\u00bb, conclut la SNCF, qui pr\u00e9cise qu\u2019une <strong>enqu\u00eate interne est en cours<\/strong> pour d\u00e9terminer la cause de l\u2019incendie.<\/p>\n<p class=\" wall-content\">Personnalisez votre actualit\u00e9 en ajoutant vos villes et m\u00e9dias en favori avec <a href=\"https:\/\/moncompte.actu.fr\" title=\"D\u00e9couvez Mon Actu\" rel=\"nofollow noopener\" data-trk=\"{&quot;cta&quot;:{&quot;action&quot;:&quot;https:\\\/\\\/moncompte.actu.fr&quot;,&quot;category&quot;:&quot;mon compte&quot;,&quot;from&quot;:&quot;article footer&quot;,&quot;name&quot;:&quot;Mon actu&quot;,&quot;type&quot;:&quot;cta&quot;}}\" target=\"_blank\">Mon Actu<\/a>.<\/p>\n","protected":false},"excerpt":{"rendered":"Par Thomas Blanc Publi\u00e9 le 9 oct. 2025 \u00e0 15h12 Les voyageurs de la ligne Saint-Di\u00e9-des-Vosges-Strasbourg\u00a0ont eu une&hellip;\n","protected":false},"author":2,"featured_media":450316,"comment_status":"","ping_status":"","sticky":false,"template":"","format":"standard","meta":{"footnotes":""},"categories":[2820],"tags":[1111,11,1777,674,118,1011,27,775,1310,12,25,2215,640,2803],"class_list":{"0":"post-450315","1":"post","2":"type-post","3":"status-publish","4":"format-standard","5":"has-post-thumbnail","7":"category-strasbourg","8":"tag-actu","9":"tag-actualites","10":"tag-eu","11":"tag-europe","12":"tag-faits-divers","13":"tag-fr","14":"tag-france","15":"tag-grand-est","16":"tag-incendie","17":"tag-news","18":"tag-republique-francaise","19":"tag-sncf","20":"tag-strasbourg","21":"tag-transport"},"share_on_mastodon":{"url":"https:\/\/pubeurope.com\/@fr\/115344916158389574","error":""},"_links":{"self":[{"href":"https:\/\/www.europesays.com\/fr\/wp-json\/wp\/v2\/posts\/450315","targetHints":{"allow":["GET"]}}],"collection":[{"href":"https:\/\/www.europesays.com\/fr\/wp-json\/wp\/v2\/posts"}],"about":[{"href":"https:\/\/www.europesays.com\/fr\/wp-json\/wp\/v2\/types\/post"}],"author":[{"embeddable":true,"href":"https:\/\/www.europesays.com\/fr\/wp-json\/wp\/v2\/users\/2"}],"replies":[{"embeddable":true,"href":"https:\/\/www.europesays.com\/fr\/wp-json\/wp\/v2\/comments?post=450315"}],"version-history":[{"count":0,"href":"https:\/\/www.europesays.com\/fr\/wp-json\/wp\/v2\/posts\/450315\/revisions"}],"wp:featuredmedia":[{"embeddable":true,"href":"https:\/\/www.europesays.com\/fr\/wp-json\/wp\/v2\/media\/450316"}],"wp:attachment":[{"href":"https:\/\/www.europesays.com\/fr\/wp-json\/wp\/v2\/media?parent=450315"}],"wp:term":[{"taxonomy":"category","embeddable":true,"href":"https:\/\/www.europesays.com\/fr\/wp-json\/wp\/v2\/categories?post=450315"},{"taxonomy":"post_tag","embeddable":true,"href":"https:\/\/www.europesays.com\/fr\/wp-json\/wp\/v2\/tags?post=450315"}],"curies":[{"name":"wp","href":"https:\/\/api.w.org\/{rel}","templated":true}]}}