{"id":450319,"date":"2025-10-09T15:29:17","date_gmt":"2025-10-09T15:29:17","guid":{"rendered":"https:\/\/www.europesays.com\/fr\/450319\/"},"modified":"2025-10-09T15:29:17","modified_gmt":"2025-10-09T15:29:17","slug":"avis-aux-gourmets-un-miel-100-azureen-signe-chateau-de-cremat-et-cote","status":"publish","type":"post","link":"https:\/\/www.europesays.com\/fr\/450319\/","title":{"rendered":"Avis aux gourmets : Un miel 100 % azur\u00e9en sign\u00e9 Ch\u00e2teau de Cr\u00e9mat et C\u00f4te (\u2026)"},"content":{"rendered":"<p>                    <img loading=\"lazy\" decoding=\"async\" src=\"https:\/\/www.europesays.com\/fr\/wp-content\/uploads\/2025\/10\/2426545ee5d0828e78948113ec73fb.png\" class=\"img-responsive post-image\" width=\"680\" height=\"510\" alt=\"Avis aux gourmets : (\u2026)\" title=\"Avis aux gourmets : Un miel 100 % azur\u00e9en sign\u00e9 Ch\u00e2teau de Cr\u00e9mat et C\u00f4te d'Azur France \"\/><\/p>\n<p class=\"chapo\">Le Ch\u00e2teau de Cr\u00e9mat, nich\u00e9 au c\u0153ur du vignoble de Bellet, d\u00e9voile son nouveau tr\u00e9sor gourmand\u00a0: un miel toutes fleurs r\u00e9colt\u00e9 directement dans son propre rucher. Fruit de la biodiversit\u00e9 florale des collines ni\u00e7oises, ce miel se distingue par son go\u00fbt d\u00e9licat et \u00e9quilibr\u00e9, m\u00ealant subtilement des notes florales et fruit\u00e9es. Le miel a \u00e9t\u00e9 pr\u00e9sent\u00e9 en exclusivit\u00e9 ce jeudi au salon des communes et intercommunalit\u00e9s des Alpes-Maritimes, mettant en lumi\u00e8re le lien entre patrimoine, terroir et gastronomie locale.<\/p>\n<p>                    Miel polyfloral<\/p>\n<p>Propos\u00e9 en pot de 500 g ou en pot de 100 g, il est pr\u00e9sent\u00e9 dans un \u00e9l\u00e9gant packaging illustr\u00e9 par l\u2019artiste <strong>\u00c9ric Garence<\/strong>. Ce lancement s\u2019inscrit dans la <strong>collection 100\u00a0% azur\u00e9enne de la marque C\u00f4te d\u2019Azur France,<\/strong> qui valorise l\u2019authenticit\u00e9, la cr\u00e9ativit\u00e9 et le savoir-faire du territoire.<br class=\"autobr\"\/><br \/>\nLe Ch\u00e2teau de Cr\u00e9mat, joyau architectural de style n\u00e9o-toscan, poursuit ainsi son engagement pour un terroir d\u2019exception, port\u00e9 par Alain Valles, son vigneron. Le rucher du domaine permet de produire un miel polyfloral d\u2019une grande finesse, v\u00e9ritable reflet de la richesse botanique locale.<br class=\"autobr\"\/><br \/>\nCette collaboration entre le Ch\u00e2teau de Cr\u00e9mat et C\u00f4te d\u2019Azur France illustre la volont\u00e9 de promouvoir les circuits courts, le respect de la nature et l\u2019excellence locale. Elle s\u2019inscrit dans la strat\u00e9gie de la marque, lanc\u00e9e en 2018, qui f\u00e9d\u00e8re plus d\u2019une vingtaine de partenaires autour de produits embl\u00e9matiques du territoire, allant de la mode \u00e0 l\u2019\u00e9picerie fine.<\/p>\n<p><strong>Marie Gamard,<\/strong> responsable Communication et Ev\u00e9nementiel Ch\u00e2teau de Cr\u00e9mat se r\u00e9jouit de la collaboration avec C\u00f4te d\u2019Azur France Tourisme \u00ab\u00a0 qui incarne l\u2019alliance naturelle entre patrimoine, art de vivre et \u00e9l\u00e9gance m\u00e9diterran\u00e9enne. \u00c0 travers la mise en lumi\u00e8re de nos miels, v\u00e9ritables tr\u00e9sors issus des collines ni\u00e7oises, c\u2019est tout un savoir-faire local qui s\u2019exprime\u00a0: celui d\u2019une nature pr\u00e9serv\u00e9e, d\u2019une apiculture respectueuse et d\u2019un go\u00fbt unique, reflet du soleil, des fleurs et du terroir m\u00e9diterran\u00e9en. Une rencontre entre deux embl\u00e8mes de la C\u00f4te d\u2019Azur  r\u00e9unis par un m\u00eame d\u00e9sir de faire rayonner l\u2019excellence et l\u2019authenticit\u00e9 de notre territoire.\u00a0\u00bb<\/p>\n<p><strong>Alexandra Borchio Fontimps,<\/strong> pr\u00e9sidente de C\u00f4te d\u2019Azur France Tourisme, souligne qu\u2019\u00ab\u00a0en se reposant sur des circuits courts et des savoir-faire locaux, ce partenariat t\u00e9moigne de notre souhait de favoriser un tourisme toujours plus respectueux de l\u2019environnement. La marque C\u00f4te d\u2019Azur France est une v\u00e9ritable vitrine de notre destination, et ce partenariat refl\u00e8te parfaitement les valeurs que nous d\u00e9fendons\u00a0: excellence, cr\u00e9ativit\u00e9 et ancrage territorial. C\u2019est une nouvelle preuve que la C\u00f4te d\u2019Azur rayonne aussi par sa gastronomie et par la passion de ses artisans et producteurs. \u00a0\u00bb<\/p>\n<p><strong>Bon \u00e0 savoir <\/strong>\u00a0: Lanc\u00e9 au printemps 2018 par C\u00f4te d\u2019Azur France Tourisme dans le cadre de sa strat\u00e9gie de marque, le programme de licence \u00a0\u00bb C\u00d4TE d\u2019AZUR FRANCE \u00a0\u00bb a r\u00e9uni plus d\u2019une vingtaine de marques partenaires depuis son lancement et presque 200 r\u00e9f\u00e9rences dans les domaines de la mode, bijouterie, parfumerie, bagagerie, d\u00e9coration, artisanat d\u2019art ou encore \u00e9picerie fine. Les royalties per\u00e7ues par C\u00f4te d\u2019Azur France Tourisme, pilote de la marque, contribuent au plan de communication global de la destination C\u00f4te d\u2019Azur, cr\u00e9ant ainsi un cercle vertueux de promotion par les entreprises et les institutionnels. La C\u00f4te d\u2019Azur a \u00e9t\u00e9 la premi\u00e8re \u00e0 lancer un programme de licence \u00e0 l\u2019\u00e9chelle d\u2019une destination.<\/p>\n<p>Pour d\u00e9couvrir le miel du Ch\u00e2teau de Cr\u00e9mat et les autres nouveaut\u00e9s 2025 de la collection C\u00f4te d\u2019Azur France, rendez-vous sur la page du Ch\u00e2teau\u00a0: <a href=\"https:\/\/linktr.ee\/chateaudecremat\" class=\"spip_out\" rel=\"external nofollow noopener\" target=\"_blank\">https:\/\/linktr.ee\/chateaudecremat<\/a><br class=\"autobr\"\/><br \/>\n.<\/p>\n<p>Visuels de Une \u00a9C\u00f4te d\u2019Azur France Tourisme<\/p>\n","protected":false},"excerpt":{"rendered":"Le Ch\u00e2teau de Cr\u00e9mat, nich\u00e9 au c\u0153ur du vignoble de Bellet, d\u00e9voile son nouveau tr\u00e9sor gourmand\u00a0: un miel&hellip;\n","protected":false},"author":2,"featured_media":450320,"comment_status":"","ping_status":"","sticky":false,"template":"","format":"standard","meta":{"footnotes":""},"categories":[2819],"tags":[1111,11,2408,1777,674,1011,27,12,2401,882,25],"class_list":{"0":"post-450319","1":"post","2":"type-post","3":"status-publish","4":"format-standard","5":"has-post-thumbnail","7":"category-nice","8":"tag-actu","9":"tag-actualites","10":"tag-appels-d","11":"tag-eu","12":"tag-europe","13":"tag-fr","14":"tag-france","15":"tag-news","16":"tag-nice","17":"tag-provence-alpes-cote-dazur","18":"tag-republique-francaise"},"share_on_mastodon":{"url":"https:\/\/pubeurope.com\/@fr\/115344924578027294","error":""},"_links":{"self":[{"href":"https:\/\/www.europesays.com\/fr\/wp-json\/wp\/v2\/posts\/450319","targetHints":{"allow":["GET"]}}],"collection":[{"href":"https:\/\/www.europesays.com\/fr\/wp-json\/wp\/v2\/posts"}],"about":[{"href":"https:\/\/www.europesays.com\/fr\/wp-json\/wp\/v2\/types\/post"}],"author":[{"embeddable":true,"href":"https:\/\/www.europesays.com\/fr\/wp-json\/wp\/v2\/users\/2"}],"replies":[{"embeddable":true,"href":"https:\/\/www.europesays.com\/fr\/wp-json\/wp\/v2\/comments?post=450319"}],"version-history":[{"count":0,"href":"https:\/\/www.europesays.com\/fr\/wp-json\/wp\/v2\/posts\/450319\/revisions"}],"wp:featuredmedia":[{"embeddable":true,"href":"https:\/\/www.europesays.com\/fr\/wp-json\/wp\/v2\/media\/450320"}],"wp:attachment":[{"href":"https:\/\/www.europesays.com\/fr\/wp-json\/wp\/v2\/media?parent=450319"}],"wp:term":[{"taxonomy":"category","embeddable":true,"href":"https:\/\/www.europesays.com\/fr\/wp-json\/wp\/v2\/categories?post=450319"},{"taxonomy":"post_tag","embeddable":true,"href":"https:\/\/www.europesays.com\/fr\/wp-json\/wp\/v2\/tags?post=450319"}],"curies":[{"name":"wp","href":"https:\/\/api.w.org\/{rel}","templated":true}]}}