{"id":450333,"date":"2025-10-09T15:36:12","date_gmt":"2025-10-09T15:36:12","guid":{"rendered":"https:\/\/www.europesays.com\/fr\/450333\/"},"modified":"2025-10-09T15:36:12","modified_gmt":"2025-10-09T15:36:12","slug":"toulouse-accueillera-le-congres-national-de-lordre-des-experts-comptables-en-2028","status":"publish","type":"post","link":"https:\/\/www.europesays.com\/fr\/450333\/","title":{"rendered":"Toulouse accueillera le congr\u00e8s national de l&rsquo;Ordre des experts-comptables en 2028"},"content":{"rendered":"<p><strong>Damien Charrier, pourquoi ce d\u00e9placement en Occitanie\u00a0? <\/strong> <br class=\"autobr\"\/><br \/>\nNous avons v\u00e9cu cette ann\u00e9e un Congr\u00e8s national de l\u2019Ordre des experts-comptables \u00e0 Lyon, qui a c\u00e9l\u00e9br\u00e9 les 80 ans de <a href=\"https:\/\/www.legifrance.gouv.fr\/loda\/id\/LEGISCTA000006132387\" class=\"spip_out\" rel=\"external noopener\" target=\"_blank\">l\u2019ordonnance de 1945<\/a> ent\u00e9rinant la cr\u00e9ation de notre ordre. \u00c0 cette occasion, j\u2019ai pris l\u2019engagement de me rendre dans les dix-huit territoires o\u00f9 nous sommes pr\u00e9sents en France afin de parler de l\u2019actualit\u00e9 de la profession et expliquer les axes de la mandature actuelle, qui a d\u00e9but\u00e9 il y a un peu moins d\u2019un an.<\/p>\n<p><strong>Quel peut-\u00eatre le r\u00f4le de l\u2019Ordre et des experts-comptables dans le tr\u00e8s incertain contexte politique actuel\u00a0?<\/strong> <br class=\"autobr\"\/><br \/>\n<strong>D. C.\u00a0:<\/strong> Nous sommes une profession r\u00e9glement\u00e9e sous tutelle du minist\u00e8re des Finances. Nous avons donc un devoir de r\u00e9serve sur tout ce qui est politique nationale et fiscale. Le contexte actuel n\u2019est toutefois pas sans impacts. Le dialogue que nous entretenons avec les cabinets minist\u00e9riels est interrompu mais nous continuons de travailler avec les administrations. Les experts-comptables doivent continuer d\u2019agir et d\u2019accompagner au mieux les dirigeants dans un climat d\u2019incertitude complexe.<\/p>\n<p><strong><a href=\"https:\/\/www.touleco.fr\/Eric-Gillis-et-Marc-Sire-Ordre-des-experts-comptables-d,48020\" class=\"spip_in\" target=\"_blank\" rel=\"noopener\">\u00c9ric Gillis<\/a>, une bonne nouvelle a \u00e9t\u00e9 annonc\u00e9e pour le conseil r\u00e9gional de l\u2019Ordre des experts-comptables d\u2019Occitanie. Toulouse accueillera le congr\u00e8s national de l\u2019Ordre des experts-comptables en 2028. Pouvez-vous nous en dire davantage\u00a0? <\/strong> <br class=\"autobr\"\/><br \/>\nAbsolument, la Ville rose va recevoir le Congr\u00e8s national dans trois ans, au Meett. L\u2019effectif est croissant pour le congr\u00e8s, d\u2019ann\u00e9e en ann\u00e9e. Sur le dernier congr\u00e8s \u00e0 Lyon, il y avait 9800 confr\u00e8res et 310 partenaires. Au total, si l\u2019on compte en plus tout ceux qui \u0153uvrent \u00e0 l\u2019organisation, on fr\u00f4le vite les 15.000 personnes. C\u2019est l\u2019un des congr\u00e8s professionnels les plus importants en Europe. Nous ne sommes pas novices en Occitanie dans l\u2019accueil d\u2019un congr\u00e8s national puisque nous l\u2019avons accueilli \u00e0 Montpellier en 2022. Une partie de l\u2019\u00e9quipe qui \u00e9tait au conseil r\u00e9gional de l\u2019Ordre \u00e0 l\u2019\u00e9poque est encore dans notre \u00e9quipe actuelle. L\u2019exp\u00e9rience acquise \u00e0 Montpellier pourra nous \u00eatre b\u00e9n\u00e9fique pour penser ce congr\u00e8s de 2028.<\/p>\n<p><strong>Une autre annonce a \u00e9t\u00e9 faite en pr\u00e9sence du maire de Toulouse et pr\u00e9sident de Toulouse M\u00e9tropole&#8230;<\/strong><br class=\"autobr\"\/><br \/>\n<strong>\u00c9. G.\u00a0:<\/strong> Oui. Nous avons propos\u00e9 \u00e0 Jean-Luc Moudenc de signer une convention pour aider la M\u00e9tropole sur les sujets d\u2019entrepreneuriat et d\u2019emploi dans les quartiers prioritaires de la ville. Nous voulons montrer que nous sommes pr\u00e9sents, et dans l\u2019accompagnement, partout.<\/p>\n<p><strong>La facturation \u00e9lectronique va enfin <a href=\"https:\/\/www.touleco.fr\/Facturation-electronique-en-2026-les-PME-toujours-pas-pretes,48401\" class=\"spip_in\" target=\"_blank\" rel=\"noopener\">\u00eatre mise en place en septembre 2026<\/a>. Les entreprises sont-elles pr\u00eates\u00a0? <\/strong> <br class=\"autobr\"\/><br \/>\n<strong>D. C.\u00a0:<\/strong> Nous sommes tr\u00e8s contents que le calendrier de mise en place de la facturation \u00e9lectronique soit d\u00e9finitivement fix\u00e9. Nous avons produit, au sein de l\u2019Ordre, un nombre certain d\u2019\u00e9tudes sur le sujet. Selon une \u00e9tude faite r\u00e9cemment avec Opinion Way sur le niveau de pr\u00e9paration des entreprises, 27\u00a0% seulement des chefs d\u2019entreprises se disent bien inform\u00e9s. On peut se dire que c\u2019est assez peu et qu\u2019il y a encore beaucoup de chemin \u00e0 faire. Mais quand on rentre dans les d\u00e9tails, l\u2019impression est diff\u00e9rente. Les dirigeants nous disent qu\u2019ils n\u2019ont pas encore fait le choix de la plateforme agr\u00e9\u00e9e qu\u2019ils vont utiliser. Mais c\u2019est normal, il y en a 107\u00a0! Beaucoup disent attendre de l\u2019information de leur expert-comptable pour choisir. Et c\u2019est tr\u00e8s sain. Nous avons pris l\u2019engagement de faire un guide de toutes ces plateformes \u00e0 partir de dix-huit crit\u00e8res.<br class=\"autobr\"\/><br \/>\nIl y a des plateformes sectorielles ou pas avec des niveaux de co\u00fbts tr\u00e8s diff\u00e9rents. L\u2019objectif est que les entreprises aillent voir leur expert-comptable et fassent un choix \u00e9clair\u00e9, agnostique de tout discours commercial.<br class=\"autobr\"\/><br \/>\n<strong>\u00c9. G.\u00a0:<\/strong> En r\u00e9gion, sur la facturation \u00e9lectronique, nous agissons de concert avec le Conseil national. Localement, nous avons une action avec la Direction r\u00e9gionale des finances publiques (DRFIP) et les syndicats patronaux\u00a0: le Medef, la CPME et l\u2019Union des entreprises de proximit\u00e9 (U2P). Nous allons r\u00e9aliser ensemble un tour d\u2019Occitanie de la facturation \u00e9lectronique, en nous appuyant sur nos associations d\u2019experts-comptables dans les d\u00e9partements. L\u2019objectif est de rencontrer des chefs d\u2019entreprises et de leur faire passer l\u2019id\u00e9e qu\u2019avant de choisir une plateforme agr\u00e9\u00e9e, il faut en discuter absolument avec son expert-comptable. Notre profession est la plus \u00e0 m\u00eame d\u2019accompagner les dirigeants dans ce choix strat\u00e9gique.<\/p>\n<p> <strong>Lire par ailleurs\u00a0:<\/strong> <a href=\"https:\/\/www.touleco.fr\/Facturation-electronique-en-2026-les-PME-toujours-pas-pretes,48401\" class=\"spip_in\" target=\"_blank\" rel=\"noopener\">Facturation \u00e9lectronique en 2026\u00a0: les PME toujours pas pr\u00eates, selon une \u00e9tude<\/a><\/p>\n<p><strong>L\u2019\u00e9volution de la formation des experts-comptables est une priorit\u00e9 pour vous deux. O\u00f9 est-on\u00a0? <\/strong> <br class=\"autobr\"\/><br \/>\n<strong>D. C.\u00a0:<\/strong> Cela avance. Notre vice-pr\u00e9sident national en charge de la formation est Occitan. C\u2019est <a href=\"https:\/\/www.touleco.fr\/Pascal-Castanet-L-expert-comptable-doit-accompagner-le-chef-d,43320\" class=\"spip_in\" target=\"_blank\" rel=\"noopener\">Pascal Castanet<\/a>, ancien pr\u00e9sident de l\u2019Ordre des experts-comptables d\u2019Occitanie. Pendant le congr\u00e8s de Lyon, nous avons re\u00e7u des d\u00e9l\u00e9gu\u00e9s du minist\u00e8re de l\u2019\u00c9ducation nationale et mille \u00e9tudiants de la fili\u00e8re. 90 heures vont \u00eatre int\u00e9gr\u00e9es dans les programmes sur les enjeux de durabilit\u00e9 ainsi que des modules sur des comp\u00e9tences nouvelles en mati\u00e8re d\u2019\u00e9volution des syst\u00e8mes d\u2019informations. C\u2019est primordial, \u00e0 l\u2019heure de l\u2019IA notamment. <br class=\"autobr\"\/><br \/>\nPropos recueillis par Matthias Hardoy<\/p>\n<p>Sur la photo\u00a0: Damien Charrier, pr\u00e9sident du conseil national de l\u2019ordre des experts-comptables, et \u00c9ric Gillis, pr\u00e9sident du conseil de l\u2019Ordre des experts-comptables d\u2019Occitanie. Cr\u00e9dit\u00a0: H\u00e9l\u00e8ne Ressayres &#8211; Toul\u00c9co.<\/p>\n","protected":false},"excerpt":{"rendered":"Damien Charrier, pourquoi ce d\u00e9placement en Occitanie\u00a0? Nous avons v\u00e9cu cette ann\u00e9e un Congr\u00e8s national de l\u2019Ordre des&hellip;\n","protected":false},"author":2,"featured_media":450334,"comment_status":"","ping_status":"","sticky":false,"template":"","format":"standard","meta":{"footnotes":""},"categories":[2816],"tags":[1111,11,1777,674,53923,1011,27,12,2680,56193,25,2312],"class_list":{"0":"post-450333","1":"post","2":"type-post","3":"status-publish","4":"format-standard","5":"has-post-thumbnail","7":"category-toulouse","8":"tag-actu","9":"tag-actualites","10":"tag-eu","11":"tag-europe","12":"tag-expertise-comptable","13":"tag-fr","14":"tag-france","15":"tag-news","16":"tag-occitanie","17":"tag-ordre-des-experts-comptables-doccitanie","18":"tag-republique-francaise","19":"tag-toulouse"},"share_on_mastodon":{"url":"https:\/\/pubeurope.com\/@fr\/115344951427329038","error":""},"_links":{"self":[{"href":"https:\/\/www.europesays.com\/fr\/wp-json\/wp\/v2\/posts\/450333","targetHints":{"allow":["GET"]}}],"collection":[{"href":"https:\/\/www.europesays.com\/fr\/wp-json\/wp\/v2\/posts"}],"about":[{"href":"https:\/\/www.europesays.com\/fr\/wp-json\/wp\/v2\/types\/post"}],"author":[{"embeddable":true,"href":"https:\/\/www.europesays.com\/fr\/wp-json\/wp\/v2\/users\/2"}],"replies":[{"embeddable":true,"href":"https:\/\/www.europesays.com\/fr\/wp-json\/wp\/v2\/comments?post=450333"}],"version-history":[{"count":0,"href":"https:\/\/www.europesays.com\/fr\/wp-json\/wp\/v2\/posts\/450333\/revisions"}],"wp:featuredmedia":[{"embeddable":true,"href":"https:\/\/www.europesays.com\/fr\/wp-json\/wp\/v2\/media\/450334"}],"wp:attachment":[{"href":"https:\/\/www.europesays.com\/fr\/wp-json\/wp\/v2\/media?parent=450333"}],"wp:term":[{"taxonomy":"category","embeddable":true,"href":"https:\/\/www.europesays.com\/fr\/wp-json\/wp\/v2\/categories?post=450333"},{"taxonomy":"post_tag","embeddable":true,"href":"https:\/\/www.europesays.com\/fr\/wp-json\/wp\/v2\/tags?post=450333"}],"curies":[{"name":"wp","href":"https:\/\/api.w.org\/{rel}","templated":true}]}}