{"id":450335,"date":"2025-10-09T15:37:12","date_gmt":"2025-10-09T15:37:12","guid":{"rendered":"https:\/\/www.europesays.com\/fr\/450335\/"},"modified":"2025-10-09T15:37:12","modified_gmt":"2025-10-09T15:37:12","slug":"molengeek-roubaix-le-numerique-pour-tous-au-coeur-de-la-ville","status":"publish","type":"post","link":"https:\/\/www.europesays.com\/fr\/450335\/","title":{"rendered":"MolenGeek Roubaix : le num\u00e9rique pour tous, au c\u0153ur de la ville"},"content":{"rendered":"<p>Roubaix poursuit sa mue num\u00e9rique avec l\u2019arriv\u00e9e d\u2019un acteur europ\u00e9en de l\u2019inclusion digitale : <strong>MolenGeek<\/strong>. Ce projet citoyen, n\u00e9 \u00e0 Molenbeek sous l\u2019impulsion d\u2019<strong>Ibrahim Ouassari<\/strong>, s\u2019est donn\u00e9 pour mission de <strong>rendre les m\u00e9tiers du num\u00e9rique accessibles \u00e0 tous, <\/strong>en levant les barri\u00e8res mentales, financi\u00e8res et mat\u00e9rielles. Apr\u00e8s Bruxelles, Rotterdam, Charleroi ou encore Laeken, MolenGeek pose aujourd\u2019hui ses valises \u00e0 Roubaix, au <strong>78 boulevard du G\u00e9n\u00e9ral-Leclerc<\/strong>, dans un lieu pens\u00e9 comme un v\u00e9ritable espace d\u2019apprentissage, d\u2019\u00e9change et d\u2019innovation.<\/p>\n<p>Fond\u00e9e sur une conviction forte, l\u2019initiative s\u2019adresse \u00e0 celles et ceux qui souhaitent se former, se reconvertir ou entreprendre dans le domaine du num\u00e9rique. Son mod\u00e8le repose sur une triple offre : <strong>des formations<\/strong>, <strong>un incubateur<\/strong> et <strong>un espace de coworking<\/strong>, le tout dans une ambiance \u00e0 la fois bienveillante et stimulante.<\/p>\n<p><strong>Un \u00e9cosyst\u00e8me complet pour r\u00e9v\u00e9ler les talents<\/strong><\/p>\n<p>\u00c0 Roubaix, MolenGeek d\u00e9ploie une palette de programmes con\u00e7us pour r\u00e9pondre aux besoins du territoire et du march\u00e9 de l\u2019emploi. Les <strong>formations longues<\/strong> (d\u2019environ sept mois) permettent d\u2019apprendre les m\u00e9tiers du d\u00e9veloppement web, du marketing digital, de la cybers\u00e9curit\u00e9 ou encore de l\u2019analyse de donn\u00e9es. Ces parcours intensifs, sans pr\u00e9requis autre que la ma\u00eetrise du fran\u00e7ais, n\u00e9cessitent une forte motivation et passent par <strong>un mois de s\u00e9lection<\/strong>.<\/p>\n<p>Des <strong>modules courts<\/strong>, d\u2019une \u00e0 quatre journ\u00e9es, sont \u00e9galement propos\u00e9s sur des outils d\u2019avenir comme l\u2019intelligence artificielle g\u00e9n\u00e9rative ou la suite Adobe. Fait notable : <strong>80 % des participants \u00e0 ces formations courtes ont plus de 35 ans<\/strong>, preuve que MolenGeek s\u00e9duit autant les jeunes que les adultes en reconversion. Enfin, des <strong>hackathons<\/strong> r\u00e9guliers invitent les participants \u00e0 travailler en \u00e9quipe sur des projets concrets, dans une atmosph\u00e8re de cr\u00e9ativit\u00e9 et de d\u00e9passement de soi.<\/p>\n<p>Mais MolenGeek ne se limite pas \u00e0 des cours : c\u2019est un <strong>\u00e9cosyst\u00e8me entrepreneurial<\/strong> \u00e0 part enti\u00e8re. L\u2019incubateur offre un accompagnement sur mesure aux porteurs de projets souhaitant lancer leur startup. Mentors, r\u00e9seau d\u2019entreprises, ateliers pratiques\u2026 tout est pens\u00e9 pour aider \u00e0 transformer une id\u00e9e en activit\u00e9 viable. L\u2019espace comprend \u00e9galement <strong>un coworking ouvert \u00e0 tous<\/strong>, un lieu o\u00f9 les parcours se croisent et o\u00f9 naissent les synergies.<\/p>\n<p><strong>Une p\u00e9dagogie unique et inclusive<\/strong><\/p>\n<p>Ce qui distingue MolenGeek, c\u2019est sa <strong>m\u00e9thode d\u2019apprentissage<\/strong> fond\u00e9e sur la pratique, la collaboration et la confiance. Ici, pas de professeurs mais des <strong>coachs<\/strong>, souvent issus de parcours similaires \u00e0 ceux des apprenants. L\u2019approche repose sur l\u2019id\u00e9e que l\u2019apprentissage du num\u00e9rique passe aussi par la <strong>reconnexion \u00e0 soi et aux autres<\/strong> : \u00ab\u00a0gagner la bataille de l\u2019humain\u00a0\u00bb avant celle de la technologie.<\/p>\n<p>Pour <strong>Ibrahim Ouassari<\/strong>, lui-m\u00eame autodidacte, cette philosophie est la cl\u00e9 pour redonner espoir et perspectives \u00e0 toute une g\u00e9n\u00e9ration. \u00ab Avant d\u2019\u00eatre une aventure technique, c\u2019est une aventure humaine \u00bb, r\u00e9sume <strong>Justin<\/strong>, responsable de l\u2019impact social chez OVH, partenaire du projet.<\/p>\n<p>L\u2019ambition de MolenGeek est claire : <strong>repenser la formation \u00e0 l\u2019\u00e8re de l\u2019intelligence artificielle<\/strong>, en int\u00e9grant ces nouveaux outils au c\u0153ur m\u00eame des apprentissages. Dans un monde en mutation rapide, les jeunes doivent pouvoir rester \u201c\u00e0 jour\u201d tout en d\u00e9veloppant leurs <strong>soft skills entrepreneuriales <\/strong>(cr\u00e9ativit\u00e9, communication, esprit d\u2019\u00e9quipe) pour b\u00e2tir une carri\u00e8re durable.<\/p>\n","protected":false},"excerpt":{"rendered":"Roubaix poursuit sa mue num\u00e9rique avec l\u2019arriv\u00e9e d\u2019un acteur europ\u00e9en de l\u2019inclusion digitale : MolenGeek. Ce projet citoyen,&hellip;\n","protected":false},"author":2,"featured_media":450336,"comment_status":"","ping_status":"","sticky":false,"template":"","format":"standard","meta":{"footnotes":""},"categories":[2815],"tags":[1111,11,1777,674,1119,1011,27,811,1307,12,4125,25],"class_list":{"0":"post-450335","1":"post","2":"type-post","3":"status-publish","4":"format-standard","5":"has-post-thumbnail","7":"category-lille","8":"tag-actu","9":"tag-actualites","10":"tag-eu","11":"tag-europe","12":"tag-formation","13":"tag-fr","14":"tag-france","15":"tag-hauts-de-france","16":"tag-lille","17":"tag-news","18":"tag-numerique","19":"tag-republique-francaise"},"share_on_mastodon":{"url":"https:\/\/pubeurope.com\/@fr\/115344955476447916","error":""},"_links":{"self":[{"href":"https:\/\/www.europesays.com\/fr\/wp-json\/wp\/v2\/posts\/450335","targetHints":{"allow":["GET"]}}],"collection":[{"href":"https:\/\/www.europesays.com\/fr\/wp-json\/wp\/v2\/posts"}],"about":[{"href":"https:\/\/www.europesays.com\/fr\/wp-json\/wp\/v2\/types\/post"}],"author":[{"embeddable":true,"href":"https:\/\/www.europesays.com\/fr\/wp-json\/wp\/v2\/users\/2"}],"replies":[{"embeddable":true,"href":"https:\/\/www.europesays.com\/fr\/wp-json\/wp\/v2\/comments?post=450335"}],"version-history":[{"count":0,"href":"https:\/\/www.europesays.com\/fr\/wp-json\/wp\/v2\/posts\/450335\/revisions"}],"wp:featuredmedia":[{"embeddable":true,"href":"https:\/\/www.europesays.com\/fr\/wp-json\/wp\/v2\/media\/450336"}],"wp:attachment":[{"href":"https:\/\/www.europesays.com\/fr\/wp-json\/wp\/v2\/media?parent=450335"}],"wp:term":[{"taxonomy":"category","embeddable":true,"href":"https:\/\/www.europesays.com\/fr\/wp-json\/wp\/v2\/categories?post=450335"},{"taxonomy":"post_tag","embeddable":true,"href":"https:\/\/www.europesays.com\/fr\/wp-json\/wp\/v2\/tags?post=450335"}],"curies":[{"name":"wp","href":"https:\/\/api.w.org\/{rel}","templated":true}]}}