{"id":450340,"date":"2025-10-09T15:40:23","date_gmt":"2025-10-09T15:40:23","guid":{"rendered":"https:\/\/www.europesays.com\/fr\/450340\/"},"modified":"2025-10-09T15:40:23","modified_gmt":"2025-10-09T15:40:23","slug":"claire-schorter-marseille-est-une-ville-intense-par-excellence","status":"publish","type":"post","link":"https:\/\/www.europesays.com\/fr\/450340\/","title":{"rendered":"Claire Schorter : \u00ab Marseille est une ville intense par excellence \u00bb"},"content":{"rendered":"<p><strong>Claire Schorter <\/strong>\u00e9tait le grand t\u00e9moin des <strong>Assises territoriales de l\u2019architecture<\/strong> organis\u00e9es par le <strong>Conseil r\u00e9gional de l\u2019ordre des architectes<\/strong> (<strong>Croa<\/strong>) Paca, \u00e0 Marseille, le 30 septembre. Form\u00e9e \u00e0 l\u2019architecture, \u00e0 l\u2019urbanisme et aux enjeux \u00e9cologiques au contact d\u2019enseignants pionniers du lien entre ville et environnement, <a href=\"https:\/\/www.linkedin.com\/in\/claire-schorter-16b8bb80\/\" rel=\"noopener\" target=\"_blank\">Claire Schorter<\/a> d\u00e9veloppe une posture singuli\u00e8re, \u00e0 l\u2019interface des \u00e9chelles, des disciplines et des temporalit\u00e9s. Un art de l\u2019hybridation qui lui a valu d\u2019\u00eatre laur\u00e9ate du <strong>Grand Prix de l\u2019urbanisme en 2024<\/strong>. <\/p>\n<p>Son agence, <a href=\"https:\/\/www.laq.eu\/\" rel=\"noopener\" target=\"_blank\">LAQ<\/a> (L\u2019Atelier Quantique), intervient sur plusieurs projets d\u2019envergure \u00e0 l\u2019\u00e9chelle m\u00e9tropolitaine, dont l\u2019\u00cele de Nantes et la reconversion de la friche Saint-Sauveur, \u00e0 Lille, explorant \u00e0 chaque fois <strong>les conditions d\u2019un urbanisme plus r\u00e9silient<\/strong>, plus diversifi\u00e9 et plus habit\u00e9. Des exp\u00e9riences diverses qui ont pour d\u00e9nominateur commun la qu\u00eate d\u2019<strong>intensit\u00e9 urbaine<\/strong>. Autant de projets dont elle a partag\u00e9 quelques-uns des secrets de fabrication dans l\u2019amphith\u00e9\u00e2tre de la Cepac. <\/p>\n<p>\u00ab\u00a0Marseille est une ville intense par excellence\u00a0\u00bb, affirme Claire Schorter d\u00e8s l\u2019ouverture de son intervention, saluant une cit\u00e9 o\u00f9 la mer, la lumi\u00e8re, la g\u00e9ographie spectaculaire et le m\u00e9tissage culturel participent d\u2019un environnement profond\u00e9ment vivant. \u00ab\u00a0Je ressens une forte intensit\u00e9 face \u00e0 la mer, au soleil et \u00e0 l\u2019environnement marseillais\u00a0\u00bb, confie-t-elle, visiblement habit\u00e9e par les lieux.<\/p>\n<p>Cette intensit\u00e9, elle en fait la cl\u00e9 de lecture de son approche de l\u2019urbanisme, qu\u2019elle d\u00e9ploie dans plusieurs m\u00e9tropoles fran\u00e7aises, toujours \u00e0 partir d\u2019une m\u00e9thode de terrain, fond\u00e9e sur l\u2019observation, la concertation et<strong> la mise en relation des acteurs<\/strong>. <\/p>\n<p>Au c\u0153ur de sa d\u00e9marche, une conviction : <strong>l\u2019hybridation des formes urbaines et des programmes<\/strong> est un levier majeur pour construire des territoires durables et inclusifs. Cette volont\u00e9 se traduit par une attention soutenue aux dynamiques d\u2019usage, \u00e0 la biodiversit\u00e9, aux sols, aux \u00e9chelles du quotidien.\u00a0 <\/p>\n<p> Activer les lieux avant de construire <\/p>\n<p>\u00c0 Lille, sur la <strong>friche ferroviaire de Saint-Sauveur<\/strong>, la laur\u00e9ate du Grand Prix d\u2019urbanisme 2024 \u00e9voque un projet embl\u00e9matique o\u00f9 l\u2019urbanisme commence bien avant la construction des b\u00e2timents. Elle y ouvre un quartier au public en installant un grand jardin avec des associations d\u2019agriculture urbaine, ainsi qu\u2019un lieu de f\u00eate pour les habitants, avant m\u00eame que ne d\u00e9marre le projet d\u00e9finitif. L\u2019enjeu : cr\u00e9er du lien, enclencher des usages, <strong>pr\u00e9figurer la ville vivante<\/strong>. <\/p>\n<p>\u00c0 Bordeaux, elle facilite la transformation d\u2019un ancien site industriel en mettant en relation\u00a0un chef d\u2019orchestre et un op\u00e9rateur immobilier, aboutissant \u00e0 la cr\u00e9ation d\u2019un festival d\u2019op\u00e9ra dans une halle industrielle de 200 000 m\u00b2.<\/p>\n<blockquote>\n<p>Pour elle,\u00a0le r\u00f4le de l\u2019architecte d\u00e9passe la conception : \u00ab Il s\u2019agit d\u2019initier des connexions entre diff\u00e9rents acteurs \u00bb. <\/p>\n<\/blockquote>\n<p>  L&rsquo;approche contextuelle de Claire Schorter <\/p>\n<p>Claire Schorter n\u2019\u00e9lude pas la question de la d\u00e9construction dans le contexte d\u2019un urbanisme de la transformation. \u00ab\u00a0La ville de demain est celle qui existe d\u00e9j\u00e0\u00a0\u00bb, rappelle-t-elle, tout en assumant que\u00a0certaines m\u00e9tamorphoses n\u00e9cessitent de trancher dans l\u2019existant. <\/p>\n<p>\u00c0 Lille, c\u2019est en cr\u00e9ant\u00a0une perc\u00e9e urbaine \u00e0 travers une r\u00e8gle existante\u00a0qu\u2019elle relie le site d\u2019anciennes gares de marchandises au reste de la ville. \u00c0 Rungis,\u00a0elle repense la lisi\u00e8re urbaine et l\u2019interface ville-nature d\u2019une plaine mara\u00eech\u00e8re enclav\u00e9e sous forme d\u2019un agro-quartier. Pour cela, elle n\u2019a pas h\u00e9sit\u00e9 \u00e0 r\u00e9orienter un projet initial de 10 000 logements pour en faire une \u00ab derni\u00e8re lisi\u00e8re urbaine \u00bb, en transformant les cultures intensives en\u00a0agriculture mara\u00eech\u00e8re biologique pour les circuits courts, irrigu\u00e9e par les eaux r\u00e9cup\u00e9r\u00e9es du quartier.<\/p>\n<p> <img decoding=\"async\" alt=\"\" class=\"img-align-center img-size-limited\" data-zoomable=\"\" height=\"1679\" loading=\"lazy\" src=\"https:\/\/www.europesays.com\/fr\/wp-content\/uploads\/2025\/10\/claire-schorter-c-wa.jpg\" width=\"2000\"\/> \u00a9 WA &#8211; Claire Schorter, Grand Prix d&rsquo;urbanisme 2024 \u00e9tait le grand t\u00e9moin des Assises territoriales de l&rsquo;architecture. \u00cele de Nantes : fabriquer un quartier dense, mixte et habit\u00e9 <\/p>\n<p>D\u00e9sign\u00e9e en 2017 urbaniste-paysagiste du projet de <strong>l\u2019\u00cele de Nantes<\/strong>, Claire Schorter poursuit la r\u00e9flexion sur les trac\u00e9s, le parcellaire, la qualit\u00e9 des logements, et sur la mani\u00e8re dont on peut <strong>concilier densit\u00e9, \u00e9chelle humaine, espaces de nature et qualit\u00e9 d\u2019usage<\/strong>. Cette r\u00e9flexion a pour d\u00e9cor\u00a0une emprise de 18 hectares, avec en ligne de mire la cr\u00e9ation d\u2019un\u00a0quartier de centre-ville dense (275 000 m\u00b2, 4 000 logements, 4 000 actifs).<\/p>\n<p>Comment faire \u00e9merger une intensit\u00e9 urbaine\u00a0dans une friche ferroviaire d\u00e9nu\u00e9e de qualit\u00e9s\u00a0? En s\u2019inspirant des faubourgs voisins, elle imagine des\u00a0blocs de 120 m x 120 m, eux-m\u00eames\u00a0subdivis\u00e9s en au moins quatre \u00eelots. Chaque bloc doit permettre\u00a0<strong>trois fa\u00e7ons d\u2019habiter et deux fa\u00e7ons de travailler<\/strong>, incluant du logement, des bureaux, de l\u2019artisanat, mais aussi\u00a0des op\u00e9rations singuli\u00e8res comme de l\u2019habitat participatif.<\/p>\n<p> <img decoding=\"async\" alt=\"\" class=\"img-align-center img-size-limited\" data-zoomable=\"\" height=\"1528\" loading=\"lazy\" src=\"https:\/\/www.europesays.com\/fr\/wp-content\/uploads\/2025\/10\/blocs-120-x-120.jpg\" width=\"2000\"\/> \u00a9 WA &#8211; Pour l\u2019\u00cele de Nantes, Claire Schorter a s\u00e9quenc\u00e9 le master plan en blocs de 120 x 120 m.\u00a0 Cours artisanales et rues lentes <\/p>\n<p>Sous les bureaux,\u00a0des cours artisanales de 12 m\u00e8tres de large, accessibles par des porches, accueillent\u00a0menuisiers, serruriers, \u00e9lectriciens\u2026 Ce dispositif, rare en contexte urbain, impose\u00a0un travail fin sur l\u2019isolation phonique\u00a0et une\u00a0p\u00e9r\u00e9quation financi\u00e8re\u00a0pour maintenir des loyers compatibles avec les activit\u00e9s artisanales. <\/p>\n<p>L\u2019urbaniste insiste aussi sur la\u00a0morphologie des parcours int\u00e9rieurs\u00a0: <strong>rues en chicane pour r\u00e9duire la vitesse<\/strong>,\u00a0logements en duplex au rez-de-chauss\u00e9e,\u00a0filtres plant\u00e9s pour pr\u00e9server l\u2019intimit\u00e9, et\u00a0traitement attentif des angles pour renforcer la qualit\u00e9 de l\u2019espace public. <\/p>\n<p> Rennes : r\u00e9inventer la zone d\u2019activit\u00e9s\u00a0 <\/p>\n<p>\u00c0 Rennes, elle s\u2019attaque \u00e0 un autre d\u00e9fi :\u00a0<strong>l\u2019intensification des zones commerciales d\u2019entr\u00e9e de ville<\/strong>, marqu\u00e9es par une faible densit\u00e9 de vie, une forte d\u00e9pendance automobile et les \u00eelots de chaleur. <\/p>\n<p>Sur le site des Coteaux de l&rsquo;Ille, elle propose de r\u00e9introduire une armature de \u00ab fil vert \u00bb, reconnectant quartiers est et ouest,\u00a0d\u00e9simperm\u00e9abilisant les sols et cr\u00e9ant des \u00eelots de fra\u00eecheur. Les infrastructures sont repens\u00e9es : ronds-points remplac\u00e9s par des carrefours, vitesse des voies abaiss\u00e9e de 50 \u00e0 30 km\/h, trottoirs \u00e9largis pour redonner place aux pi\u00e9tons et aux cyclistes.<\/p>\n<p> <img decoding=\"async\" alt=\"\" class=\"img-align-center img-size-limited\" data-zoomable=\"\" height=\"1539\" loading=\"lazy\" src=\"https:\/\/www.europesays.com\/fr\/wp-content\/uploads\/2025\/10\/rennes-c-wa.jpg\" width=\"2000\"\/> \u00a9 WA &#8211; Le master plan du projet de reconversion de la zone d&rsquo;activit\u00e9s des Coteaux de l&rsquo;Ille, \u00e0 Rennes. Pr\u00e9server l\u2019existant pour mieux transformer <\/p>\n<p>Plut\u00f4t que de tout reconstruire, <strong>Claire Schorter privil\u00e9gie\u00a0l\u2019identification et la consolidation des \u00e9cosyst\u00e8mes existants<\/strong>, notamment dans les secteurs d\u2019\u00e9conomie sociale et solidaire. <\/p>\n<blockquote>\n<p>\u00ab\u00a0Il faut parfois \u00e9tablir un \u201cbilan invers\u00e9\u201d : on d\u00e9termine d\u2019abord ce qu\u2019on veut pr\u00e9server, puis on voit ce qu\u2019il faut construire pour \u00e9quilibrer\u00a0\u00bb, souligne-t-elle. <\/p>\n<\/blockquote>\n<p>Elle imagine des\u00a0polarit\u00e9s th\u00e9matiques, comme un p\u00f4le ESS ou BTP, int\u00e9grant\u00a0activit\u00e9s existantes et nouvelles formes d\u2019habitat, \u00e9vitant ainsi l\u2019uniformisation et la sp\u00e9culation fonci\u00e8re. <\/p>\n<p>Outils de projet : entre rigueur technique et culture partag\u00e9e <\/p>\n<p>Pour g\u00e9rer la complexit\u00e9 de ces projets, l\u2019agence de Claire Schorter a d\u00e9velopp\u00e9 une s\u00e9rie d\u2019outils m\u00e9thodologiques : <\/p>\n<ul type=\"disc\">\n<li>Le \u00ab\u00a0calcul des tissus\u00a0\u00bb, qui compare densit\u00e9 et v\u00e9g\u00e9talisation de tissus urbains existants pour positionner les futurs quartiers ; <\/li>\n<li>Des fiches de lot qualitatives, pr\u00e9cisant les attendus pour les architectes et promoteurs ; <\/li>\n<li>Des workshops et ateliers\u00a0pour fluidifier les coop\u00e9rations ; <\/li>\n<li>Des maquettes \u00e0 l\u2019\u00e9chelle 1\/200e, pour permettre aux \u00e9lus de mieux percevoir la densit\u00e9 projet\u00e9e.<\/li>\n<\/ul>\n<p>En toile de fond de cette d\u00e9marche :\u00a0<strong>la n\u00e9cessit\u00e9 d\u2019une culture commune entre \u00e9lus, am\u00e9nageurs et urbanistes<\/strong>, condition essentielle pour \u00ab\u00a0r\u00e9sister \u00e0 la financiarisation excessive des projets urbains\u00a0\u00bb. <\/p>\n<p>En multipliant les situations, Claire Schorter d\u00e9ploie une pens\u00e9e urbaine\u00a0du juste dosage, attentive aux usages, aux \u00e9quilibres sociaux, \u00e0 l\u2019h\u00e9ritage des lieux. L\u2019intensit\u00e9 urbaine ne se d\u00e9cr\u00e8te pas par la densit\u00e9 brute, mais\u00a0se fabrique par les liens, la mixit\u00e9, les rythmes et\u00a0les porosit\u00e9s entre les mondes.<\/p>\n","protected":false},"excerpt":{"rendered":"Claire Schorter \u00e9tait le grand t\u00e9moin des Assises territoriales de l\u2019architecture organis\u00e9es par le Conseil r\u00e9gional de l\u2019ordre&hellip;\n","protected":false},"author":2,"featured_media":450341,"comment_status":"","ping_status":"","sticky":false,"template":"","format":"standard","meta":{"footnotes":""},"categories":[2814],"tags":[1111,11,57627,57626,1777,674,1011,27,884,12,882,25,1352],"class_list":{"0":"post-450340","1":"post","2":"type-post","3":"status-publish","4":"format-standard","5":"has-post-thumbnail","7":"category-marseille","8":"tag-actu","9":"tag-actualites","10":"tag-conseil-ru00e9gional-de-lordre-des-architectes-paca","11":"tag-croa-paca","12":"tag-eu","13":"tag-europe","14":"tag-fr","15":"tag-france","16":"tag-marseille","17":"tag-news","18":"tag-provence-alpes-cote-dazur","19":"tag-republique-francaise","20":"tag-urbanisme"},"share_on_mastodon":{"url":"https:\/\/pubeurope.com\/@fr\/115344967803822929","error":""},"_links":{"self":[{"href":"https:\/\/www.europesays.com\/fr\/wp-json\/wp\/v2\/posts\/450340","targetHints":{"allow":["GET"]}}],"collection":[{"href":"https:\/\/www.europesays.com\/fr\/wp-json\/wp\/v2\/posts"}],"about":[{"href":"https:\/\/www.europesays.com\/fr\/wp-json\/wp\/v2\/types\/post"}],"author":[{"embeddable":true,"href":"https:\/\/www.europesays.com\/fr\/wp-json\/wp\/v2\/users\/2"}],"replies":[{"embeddable":true,"href":"https:\/\/www.europesays.com\/fr\/wp-json\/wp\/v2\/comments?post=450340"}],"version-history":[{"count":0,"href":"https:\/\/www.europesays.com\/fr\/wp-json\/wp\/v2\/posts\/450340\/revisions"}],"wp:featuredmedia":[{"embeddable":true,"href":"https:\/\/www.europesays.com\/fr\/wp-json\/wp\/v2\/media\/450341"}],"wp:attachment":[{"href":"https:\/\/www.europesays.com\/fr\/wp-json\/wp\/v2\/media?parent=450340"}],"wp:term":[{"taxonomy":"category","embeddable":true,"href":"https:\/\/www.europesays.com\/fr\/wp-json\/wp\/v2\/categories?post=450340"},{"taxonomy":"post_tag","embeddable":true,"href":"https:\/\/www.europesays.com\/fr\/wp-json\/wp\/v2\/tags?post=450340"}],"curies":[{"name":"wp","href":"https:\/\/api.w.org\/{rel}","templated":true}]}}