{"id":450344,"date":"2025-10-09T15:42:11","date_gmt":"2025-10-09T15:42:11","guid":{"rendered":"https:\/\/www.europesays.com\/fr\/450344\/"},"modified":"2025-10-09T15:42:11","modified_gmt":"2025-10-09T15:42:11","slug":"que-faire-a-lyon-ce-week-end-du-10-11-et-12-octobre","status":"publish","type":"post","link":"https:\/\/www.europesays.com\/fr\/450344\/","title":{"rendered":"Que faire \u00e0 Lyon ce week-end du 10, 11 et 12 octobre ?"},"content":{"rendered":"<p itemprop=\"description\"><strong>D\u00e9couvrez nos 3 bons plans pour ce week-end.<\/strong><\/p>\n<p><strong>Nouvelle \u00e9dition du Lyon Braderie Festival<\/strong><\/p>\n<p>D\u00e9j\u00e0 la 4e \u00e9dition de l\u2019\u00e9v\u00e8nement qui proposera d\u00e8s ce vendredi trois jours de soldes et d\u2019animations du bas des pentes de la Croix-Rousse au centre commercial Confluence en passant par la place de la R\u00e9publique ou encore la place des Jacobins. Ce sont en tout quatre p\u00f4les qui seront install\u00e9s dans le centre-ville de Lyon avec la participation de 400 enseignes et d\u2019une vingtaine de chefs. Plus d\u2019informations <a href=\"https:\/\/mypresquile.com\/festival\/lyon-braderie-festival-4eme-edition\/\" target=\"_blank\" rel=\"noopener\">ici<\/a><\/p>\n<blockquote class=\"instagram-media\" style=\"background: #FFF; border: 0; border-radius: 3px; box-shadow: 0 0 1px 0 rgba(0,0,0,0.5),0 1px 10px 0 rgba(0,0,0,0.15); margin: 1px; max-width: 540px; min-width: 326px; padding: 0; width: calc(100% - 2px);\" data-instgrm-captioned=\"\" data-instgrm-permalink=\"https:\/\/www.instagram.com\/p\/DMcoO4TMwXC\/?utm_source=ig_embed&amp;utm_campaign=loading\" data-instgrm-version=\"14\"><p>&#13;<br \/>\n&#13;\n<\/p><\/blockquote>\n<p><strong>Grande braderie Funky<\/strong><\/p>\n<p>Le rendez-vous est donn\u00e9 ce samedi \u00e0 la Funky Fabrik dans le 7e arrondissement. La grande braderie Funky se d\u00e9roulera de 11h \u00e0 19h avec un vide-dressing et un vide-atelier\u2026 et au bout de bonnes affaires entre v\u00eatements \u00e0 des prix tout doux et des cr\u00e9ations brad\u00e9es. Plus d\u2019informations <a href=\"https:\/\/www.facebook.com\/events\/2398350723913693\/?acontext=%7B%22event_action_history%22%3A[%7B%22mechanism%22%3A%22discovery_custom_tab%22%2C%22surface%22%3A%22bookmark%22%7D]%2C%22ref_notif_type%22%3Anull%7D\" target=\"_blank\" rel=\"noopener\">ici<\/a><\/p>\n<blockquote class=\"instagram-media\" style=\"background: #FFF; border: 0; border-radius: 3px; box-shadow: 0 0 1px 0 rgba(0,0,0,0.5),0 1px 10px 0 rgba(0,0,0,0.15); margin: 1px; max-width: 540px; min-width: 326px; padding: 0; width: calc(100% - 2px);\" data-instgrm-captioned=\"\" data-instgrm-permalink=\"https:\/\/www.instagram.com\/p\/DO3ycEEjEXy\/?utm_source=ig_embed&amp;utm_campaign=loading\" data-instgrm-version=\"14\"><p>&#13;<br \/>\n&#13;\n<\/p><\/blockquote>\n<p><strong>Spooky market<\/strong><\/p>\n<p>Halloween approche\u2026 \u00c7a tombe bien puisque le Spooky market s\u2019installe ce dimanche de 12h \u00e0 16h30 \u00e0 La Commune dans le 7e arrondissement. Ce march\u00e9 de cr\u00e9ateurs sp\u00e9cial Halloween proposera des illustrations, de la papeterie, des bijoux ou encore des d\u00e9corations. Entr\u00e9e libre. Plus d\u2019informations <a href=\"https:\/\/www.facebook.com\/events\/1060755512931771\/?acontext=%7B%22event_action_history%22%3A[%7B%22mechanism%22%3A%22discovery_local_tab%22%2C%22surface%22%3A%22bookmark%22%7D]%2C%22ref_notif_type%22%3Anull%7D\" target=\"_blank\" rel=\"noopener\">ici<\/a><\/p>\n<blockquote class=\"instagram-media\" style=\"background: #FFF; border: 0; border-radius: 3px; box-shadow: 0 0 1px 0 rgba(0,0,0,0.5),0 1px 10px 0 rgba(0,0,0,0.15); margin: 1px; max-width: 540px; min-width: 326px; padding: 0; width: calc(100% - 2px);\" data-instgrm-captioned=\"\" data-instgrm-permalink=\"https:\/\/www.instagram.com\/p\/DPdoW3oCJlO\/?utm_source=ig_embed&amp;utm_campaign=loading\" data-instgrm-version=\"14\"><p>&#13;<br \/>\n&#13;\n<\/p><\/blockquote>\n<p>\t\t  <script async src=\"\/\/www.instagram.com\/embed.js\"><\/script><\/p>\n","protected":false},"excerpt":{"rendered":"D\u00e9couvrez nos 3 bons plans pour ce week-end. Nouvelle \u00e9dition du Lyon Braderie Festival D\u00e9j\u00e0 la 4e \u00e9dition&hellip;\n","protected":false},"author":2,"featured_media":450345,"comment_status":"","ping_status":"","sticky":false,"template":"","format":"standard","meta":{"footnotes":""},"categories":[1889],"tags":[1111,11,2813,2190,2430,1109,251,1112,2811,1777,674,118,1294,4651,1011,27,1922,1110,1114,2428,4903,4902,12,241,316,25,2812,517,800],"class_list":{"0":"post-450344","1":"post","2":"type-post","3":"status-publish","4":"format-standard","5":"has-post-thumbnail","7":"category-lyon","8":"tag-actu","9":"tag-actualites","10":"tag-article","11":"tag-asvel","12":"tag-auvergne-rhone-alpes","13":"tag-breves","14":"tag-culture","15":"tag-depeches","16":"tag-economique","17":"tag-eu","18":"tag-europe","19":"tag-faits-divers","20":"tag-femme","21":"tag-femmes","22":"tag-fr","23":"tag-france","24":"tag-info","25":"tag-informations","26":"tag-infos","27":"tag-lyon","28":"tag-lyonfemme","29":"tag-lyonfemmes","30":"tag-news","31":"tag-ol","32":"tag-politique","33":"tag-republique-francaise","34":"tag-sociale","35":"tag-sport","36":"tag-transports"},"share_on_mastodon":{"url":"https:\/\/pubeurope.com\/@fr\/115344974964153762","error":""},"_links":{"self":[{"href":"https:\/\/www.europesays.com\/fr\/wp-json\/wp\/v2\/posts\/450344","targetHints":{"allow":["GET"]}}],"collection":[{"href":"https:\/\/www.europesays.com\/fr\/wp-json\/wp\/v2\/posts"}],"about":[{"href":"https:\/\/www.europesays.com\/fr\/wp-json\/wp\/v2\/types\/post"}],"author":[{"embeddable":true,"href":"https:\/\/www.europesays.com\/fr\/wp-json\/wp\/v2\/users\/2"}],"replies":[{"embeddable":true,"href":"https:\/\/www.europesays.com\/fr\/wp-json\/wp\/v2\/comments?post=450344"}],"version-history":[{"count":0,"href":"https:\/\/www.europesays.com\/fr\/wp-json\/wp\/v2\/posts\/450344\/revisions"}],"wp:featuredmedia":[{"embeddable":true,"href":"https:\/\/www.europesays.com\/fr\/wp-json\/wp\/v2\/media\/450345"}],"wp:attachment":[{"href":"https:\/\/www.europesays.com\/fr\/wp-json\/wp\/v2\/media?parent=450344"}],"wp:term":[{"taxonomy":"category","embeddable":true,"href":"https:\/\/www.europesays.com\/fr\/wp-json\/wp\/v2\/categories?post=450344"},{"taxonomy":"post_tag","embeddable":true,"href":"https:\/\/www.europesays.com\/fr\/wp-json\/wp\/v2\/tags?post=450344"}],"curies":[{"name":"wp","href":"https:\/\/api.w.org\/{rel}","templated":true}]}}