{"id":450346,"date":"2025-10-09T15:44:34","date_gmt":"2025-10-09T15:44:34","guid":{"rendered":"https:\/\/www.europesays.com\/fr\/450346\/"},"modified":"2025-10-09T15:44:34","modified_gmt":"2025-10-09T15:44:34","slug":"quelques-temps-forts-au-radiotour-paris-ile-de-france","status":"publish","type":"post","link":"https:\/\/www.europesays.com\/fr\/450346\/","title":{"rendered":"Quelques temps forts au RadioTour Paris \u00cele-de-France"},"content":{"rendered":"<p>Jeudi 9 Octobre 2025 &#8211; 17:05<\/p>\n<p>\t\t <br class=\"texte clear\" \/><\/p>\n<p>\n\t\t\t  Notez\n\t\t <\/p>\n<p>\t\t\t\t Instantan\u00e9s du RadioTour Paris \u00cele-de-France, ce jeudi : couloirs qui bourdonnent, studios \u00e9ph\u00e9m\u00e8res et \u00e9changes serr\u00e9s entre dirigeants, techniciens et producteurs. Keynote, tables rondes, masterclass express et chiffres exclusifs de l\u2019ACPM et de M\u00e9diam\u00e9trie ont rythm\u00e9 la journ\u00e9e. Ces photos racontent la radio au travail : id\u00e9es partag\u00e9es, d\u00e9mos, r\u00e9seaux qui se tissent, \u00e9nergie tr\u00e8s concr\u00e8te.<\/p>\n<p>\t\t <br id=\"sep_para_1\" class=\"sep_para access\" \/><\/p>\n<p>\t\t\t\t <a href=\"https:\/\/www.lalettre.pro\/javascript:void(0)\" rel=\"https:\/\/www.europesays.com\/fr\/wp-content\/uploads\/2025\/10\/91641334-64371449.jpg&amp;ibox noopener\" title=\"Ouverture \u00e0 09h au Mercure Paris Boulogne. Le RadioTour Paris \u00cele-de-France a d\u00e9marr\u00e9 dans l\u2019amphith\u00e9\u00e2tre, avec plus de 150 professionnels inscrits pour une journ\u00e9e d\u2019\u00e9changes et de retours d\u2019exp\u00e9rience.\" target=\"_blank\"><img decoding=\"async\" class=\"responsive\" style=\"display:none\" src=\"https:\/\/www.europesays.com\/fr\/wp-content\/uploads\/2025\/10\/91641334-64371449.jpg\" alt=\"Ouverture \u00e0 09h au Mercure Paris Boulogne. Le RadioTour Paris \u00cele-de-France a d\u00e9marr\u00e9 dans l\u2019amphith\u00e9\u00e2tre, avec plus de 150 professionnels inscrits pour une journ\u00e9e d\u2019\u00e9changes et de retours d\u2019exp\u00e9rience.\" title=\"Ouverture \u00e0 09h au Mercure Paris Boulogne. Le RadioTour Paris \u00cele-de-France a d\u00e9marr\u00e9 dans l\u2019amphith\u00e9\u00e2tre, avec plus de 150 professionnels inscrits pour une journ\u00e9e d\u2019\u00e9changes et de retours d\u2019exp\u00e9rience.\" \/><br \/>\n<img decoding=\"async\" class=\"not-responsive\" src=\"https:\/\/www.europesays.com\/fr\/wp-content\/uploads\/2025\/10\/1760024655_363_91641334-64371449.jpg\" alt=\"Ouverture \u00e0 09h au Mercure Paris Boulogne. Le RadioTour Paris \u00cele-de-France a d\u00e9marr\u00e9 dans l\u2019amphith\u00e9\u00e2tre, avec plus de 150 professionnels inscrits pour une journ\u00e9e d\u2019\u00e9changes et de retours d\u2019exp\u00e9rience.\" title=\"Ouverture \u00e0 09h au Mercure Paris Boulogne. Le RadioTour Paris \u00cele-de-France a d\u00e9marr\u00e9 dans l\u2019amphith\u00e9\u00e2tre, avec plus de 150 professionnels inscrits pour une journ\u00e9e d\u2019\u00e9changes et de retours d\u2019exp\u00e9rience.\" width=\"642.6\" \/><\/a><\/p>\n<p>\n\t\t\t\t\t Ouverture \u00e0 09h au Mercure Paris Boulogne. Le RadioTour Paris \u00cele-de-France a d\u00e9marr\u00e9 dans l\u2019amphith\u00e9\u00e2tre, avec plus de 150 professionnels inscrits pour une journ\u00e9e d\u2019\u00e9changes et de retours d\u2019exp\u00e9rience.\n\t\t\t\t <\/p>\n<p>\t\t <br id=\"sep_para_2\" class=\"sep_para access\" \/><\/p>\n<p>\t\t\t\t <a href=\"https:\/\/www.lalettre.pro\/javascript:void(0)\" rel=\"https:\/\/www.europesays.com\/fr\/wp-content\/uploads\/2025\/10\/91641334-64371460.jpg&amp;ibox noopener\" title=\"Laurent Petitguillaume mis \u00e0 l\u2019honneur. La Lettre Pro de la Radio lui remet son \u201cCoup de C\u0153ur\u201d pour Radio Restos, symbole d\u2019une radio solidaire, 40 ans apr\u00e8s l\u2019appel de Coluche.\" target=\"_blank\"><img decoding=\"async\" class=\"responsive\" loading=\"lazy\" style=\"display:none\" src=\"https:\/\/www.europesays.com\/fr\/wp-content\/uploads\/2025\/10\/91641334-64371460.jpg\" alt=\"Laurent Petitguillaume mis \u00e0 l\u2019honneur. La Lettre Pro de la Radio lui remet son \u201cCoup de C\u0153ur\u201d pour Radio Restos, symbole d\u2019une radio solidaire, 40 ans apr\u00e8s l\u2019appel de Coluche.\" title=\"Laurent Petitguillaume mis \u00e0 l\u2019honneur. La Lettre Pro de la Radio lui remet son \u201cCoup de C\u0153ur\u201d pour Radio Restos, symbole d\u2019une radio solidaire, 40 ans apr\u00e8s l\u2019appel de Coluche.\" \/><br \/>\n<img decoding=\"async\" class=\"not-responsive\" loading=\"lazy\" src=\"https:\/\/www.europesays.com\/fr\/wp-content\/uploads\/2025\/10\/1760024657_485_91641334-64371460.jpg\" alt=\"Laurent Petitguillaume mis \u00e0 l\u2019honneur. La Lettre Pro de la Radio lui remet son \u201cCoup de C\u0153ur\u201d pour Radio Restos, symbole d\u2019une radio solidaire, 40 ans apr\u00e8s l\u2019appel de Coluche.\" title=\"Laurent Petitguillaume mis \u00e0 l\u2019honneur. La Lettre Pro de la Radio lui remet son \u201cCoup de C\u0153ur\u201d pour Radio Restos, symbole d\u2019une radio solidaire, 40 ans apr\u00e8s l\u2019appel de Coluche.\" width=\"642.6\" \/><\/a><\/p>\n<p>\n\t\t\t\t\t Laurent Petitguillaume mis \u00e0 l\u2019honneur. La Lettre Pro de la Radio lui remet son \u201cCoup de C\u0153ur\u201d pour Radio Restos, symbole d\u2019une radio solidaire, 40 ans apr\u00e8s l\u2019appel de Coluche.\n\t\t\t\t <\/p>\n<p>\t\t <br id=\"sep_para_3\" class=\"sep_para access\" \/><\/p>\n<p>\t\t\t\t <a href=\"https:\/\/www.lalettre.pro\/javascript:void(0)\" rel=\"https:\/\/www.europesays.com\/fr\/wp-content\/uploads\/2025\/10\/91641334-64371461.jpg&amp;ibox noopener\" title=\"Table ronde \u201csuper-pouvoirs du local\u201d. Yann Chouquet (ICI), Olivia Valli (Groupe 1981) et Nicolas Calmels (SNRL) partagent leurs leviers de proximit\u00e9, d\u2019animation d\u2019audience et d\u2019impact en \u00cele-de-France.\" target=\"_blank\"><img decoding=\"async\" class=\"responsive\" loading=\"lazy\" style=\"display:none\" src=\"https:\/\/www.europesays.com\/fr\/wp-content\/uploads\/2025\/10\/91641334-64371461.jpg\" alt=\"Table ronde \u201csuper-pouvoirs du local\u201d. Yann Chouquet (ICI), Olivia Valli (Groupe 1981) et Nicolas Calmels (SNRL) partagent leurs leviers de proximit\u00e9, d\u2019animation d\u2019audience et d\u2019impact en \u00cele-de-France.\" title=\"Table ronde \u201csuper-pouvoirs du local\u201d. Yann Chouquet (ICI), Olivia Valli (Groupe 1981) et Nicolas Calmels (SNRL) partagent leurs leviers de proximit\u00e9, d\u2019animation d\u2019audience et d\u2019impact en \u00cele-de-France.\" \/><br \/>\n<img decoding=\"async\" class=\"not-responsive\" loading=\"lazy\" src=\"https:\/\/www.europesays.com\/fr\/wp-content\/uploads\/2025\/10\/1760024660_285_91641334-64371461.jpg\" alt=\"Table ronde \u201csuper-pouvoirs du local\u201d. Yann Chouquet (ICI), Olivia Valli (Groupe 1981) et Nicolas Calmels (SNRL) partagent leurs leviers de proximit\u00e9, d\u2019animation d\u2019audience et d\u2019impact en \u00cele-de-France.\" title=\"Table ronde \u201csuper-pouvoirs du local\u201d. Yann Chouquet (ICI), Olivia Valli (Groupe 1981) et Nicolas Calmels (SNRL) partagent leurs leviers de proximit\u00e9, d\u2019animation d\u2019audience et d\u2019impact en \u00cele-de-France.\" width=\"642.6\" \/><\/a><\/p>\n<p>\n\t\t\t\t\t Table ronde \u201csuper-pouvoirs du local\u201d. Yann Chouquet (ICI), Olivia Valli (Groupe 1981) et Nicolas Calmels (SNRL) partagent leurs leviers de proximit\u00e9, d\u2019animation d\u2019audience et d\u2019impact en \u00cele-de-France.\n\t\t\t\t <\/p>\n<p>\t\t <br id=\"sep_para_4\" class=\"sep_para access\" \/><\/p>\n<p>\t\t\t\t <a href=\"https:\/\/www.lalettre.pro\/javascript:void(0)\" rel=\"https:\/\/www.europesays.com\/fr\/wp-content\/uploads\/2025\/10\/91641334-64371469.jpg&amp;ibox noopener\" title=\"Audiences franciliennes en live. Guy Detrousselle (M\u00e9diam\u00e9trie) anime le quiz interactif &quot;Qui \u00e9coute quoi, o\u00f9 et comment ?&quot;, chiffres \u00e0 l\u2019appui, pour prendre le pouls de la radio en \u00cele-de-France.\" target=\"_blank\"><img decoding=\"async\" class=\"responsive\" loading=\"lazy\" style=\"display:none\" src=\"https:\/\/www.europesays.com\/fr\/wp-content\/uploads\/2025\/10\/91641334-64371469.jpg\" alt=\"Audiences franciliennes en live. Guy Detrousselle (M\u00e9diam\u00e9trie) anime le quiz interactif &quot;Qui \u00e9coute quoi, o\u00f9 et comment ?&quot;, chiffres \u00e0 l\u2019appui, pour prendre le pouls de la radio en \u00cele-de-France.\" title=\"Audiences franciliennes en live. Guy Detrousselle (M\u00e9diam\u00e9trie) anime le quiz interactif &quot;Qui \u00e9coute quoi, o\u00f9 et comment ?&quot;, chiffres \u00e0 l\u2019appui, pour prendre le pouls de la radio en \u00cele-de-France.\" \/><br \/>\n<img decoding=\"async\" class=\"not-responsive\" loading=\"lazy\" src=\"https:\/\/www.europesays.com\/fr\/wp-content\/uploads\/2025\/10\/1760024663_385_91641334-64371469.jpg\" alt=\"Audiences franciliennes en live. Guy Detrousselle (M\u00e9diam\u00e9trie) anime le quiz interactif &quot;Qui \u00e9coute quoi, o\u00f9 et comment ?&quot;, chiffres \u00e0 l\u2019appui, pour prendre le pouls de la radio en \u00cele-de-France.\" title=\"Audiences franciliennes en live. Guy Detrousselle (M\u00e9diam\u00e9trie) anime le quiz interactif &quot;Qui \u00e9coute quoi, o\u00f9 et comment ?&quot;, chiffres \u00e0 l\u2019appui, pour prendre le pouls de la radio en \u00cele-de-France.\" width=\"642.6\" \/><\/a><\/p>\n<p>\n\t\t\t\t\t Audiences franciliennes en live. Guy Detrousselle (M\u00e9diam\u00e9trie) anime le quiz interactif \u00ab\u00a0Qui \u00e9coute quoi, o\u00f9 et comment ?\u00a0\u00bb, chiffres \u00e0 l\u2019appui, pour prendre le pouls de la radio en \u00cele-de-France.\n\t\t\t\t <\/p>\n<p>\t\t <br id=\"sep_para_5\" class=\"sep_para access\" \/><\/p>\n<p>\t\t\t\t <a href=\"https:\/\/www.lalettre.pro\/javascript:void(0)\" rel=\"https:\/\/www.europesays.com\/fr\/wp-content\/uploads\/2025\/10\/91641334-64371475.jpg&amp;ibox noopener\" title=\"\u00c9tienne P\u00e9pin (RCF Radio Notre Dame), Magued Rabia (ICI Paris \u00cele-de-France) et Philippe Fischer (Radio Campus Paris) partagent leurs bonnes pratiques pour engager sur le terrain et en ligne.\" target=\"_blank\"><img decoding=\"async\" class=\"responsive\" loading=\"lazy\" style=\"display:none\" src=\"https:\/\/www.europesays.com\/fr\/wp-content\/uploads\/2025\/10\/91641334-64371475.jpg\" alt=\"\u00c9tienne P\u00e9pin (RCF Radio Notre Dame), Magued Rabia (ICI Paris \u00cele-de-France) et Philippe Fischer (Radio Campus Paris) partagent leurs bonnes pratiques pour engager sur le terrain et en ligne.\" title=\"\u00c9tienne P\u00e9pin (RCF Radio Notre Dame), Magued Rabia (ICI Paris \u00cele-de-France) et Philippe Fischer (Radio Campus Paris) partagent leurs bonnes pratiques pour engager sur le terrain et en ligne.\" \/><br \/>\n<img decoding=\"async\" class=\"not-responsive\" loading=\"lazy\" src=\"https:\/\/www.europesays.com\/fr\/wp-content\/uploads\/2025\/10\/1760024666_839_91641334-64371475.jpg\" alt=\"\u00c9tienne P\u00e9pin (RCF Radio Notre Dame), Magued Rabia (ICI Paris \u00cele-de-France) et Philippe Fischer (Radio Campus Paris) partagent leurs bonnes pratiques pour engager sur le terrain et en ligne.\" title=\"\u00c9tienne P\u00e9pin (RCF Radio Notre Dame), Magued Rabia (ICI Paris \u00cele-de-France) et Philippe Fischer (Radio Campus Paris) partagent leurs bonnes pratiques pour engager sur le terrain et en ligne.\" width=\"642.6\" \/><\/a><\/p>\n<p>\n\t\t\t\t\t \u00c9tienne P\u00e9pin (RCF Radio Notre Dame), Magued Rabia (ICI Paris \u00cele-de-France) et Philippe Fischer (Radio Campus Paris) partagent leurs bonnes pratiques pour engager sur le terrain et en ligne.\n\t\t\t\t <\/p>\n<p>\t\t <br id=\"sep_para_6\" class=\"sep_para access\" \/><\/p>\n<p>\t\t\t\t <a href=\"https:\/\/www.lalettre.pro\/javascript:void(0)\" rel=\"https:\/\/www.europesays.com\/fr\/wp-content\/uploads\/2025\/10\/91641334-64371489.jpg&amp;ibox noopener\" title=\"Romain Laleix rappelle que la proximit\u00e9 est un atout strat\u00e9gique pour la radio et fait le point sur l\u2019avenir de la FM, le d\u00e9veloppement du DAB+ et l\u2019actualit\u00e9 r\u00e9glementaire.\" target=\"_blank\"><img decoding=\"async\" class=\"responsive\" loading=\"lazy\" style=\"display:none\" src=\"https:\/\/www.europesays.com\/fr\/wp-content\/uploads\/2025\/10\/91641334-64371489.jpg\" alt=\"Romain Laleix rappelle que la proximit\u00e9 est un atout strat\u00e9gique pour la radio et fait le point sur l\u2019avenir de la FM, le d\u00e9veloppement du DAB+ et l\u2019actualit\u00e9 r\u00e9glementaire.\" title=\"Romain Laleix rappelle que la proximit\u00e9 est un atout strat\u00e9gique pour la radio et fait le point sur l\u2019avenir de la FM, le d\u00e9veloppement du DAB+ et l\u2019actualit\u00e9 r\u00e9glementaire.\" \/><br \/>\n<img decoding=\"async\" class=\"not-responsive\" loading=\"lazy\" src=\"https:\/\/www.europesays.com\/fr\/wp-content\/uploads\/2025\/10\/1760024669_264_91641334-64371489.jpg\" alt=\"Romain Laleix rappelle que la proximit\u00e9 est un atout strat\u00e9gique pour la radio et fait le point sur l\u2019avenir de la FM, le d\u00e9veloppement du DAB+ et l\u2019actualit\u00e9 r\u00e9glementaire.\" title=\"Romain Laleix rappelle que la proximit\u00e9 est un atout strat\u00e9gique pour la radio et fait le point sur l\u2019avenir de la FM, le d\u00e9veloppement du DAB+ et l\u2019actualit\u00e9 r\u00e9glementaire.\" width=\"642.6\" \/><\/a><\/p>\n<p>\n\t\t\t\t\t Romain Laleix rappelle que la proximit\u00e9 est un atout strat\u00e9gique pour la radio et fait le point sur l\u2019avenir de la FM, le d\u00e9veloppement du DAB+ et l\u2019actualit\u00e9 r\u00e9glementaire.\n\t\t\t\t <\/p>\n<p>\t\t <br id=\"sep_para_7\" class=\"sep_para access\" \/><\/p>\n<p>\t\t\t\t <a href=\"https:\/\/www.lalettre.pro\/javascript:void(0)\" rel=\"https:\/\/www.europesays.com\/fr\/wp-content\/uploads\/2025\/10\/91641334-64371661.jpg&amp;ibox noopener\" title=\"Tout au long de la journ\u00e9e, les partenaires pr\u00e9sent\u00e9 leurs outils et services, \u00e9chang\u00e9 avec les visiteurs et r\u00e9pondu aux besoins concrets des \u00e9quipes antenne et r\u00e9gie.\" target=\"_blank\"><img decoding=\"async\" class=\"responsive\" loading=\"lazy\" style=\"display:none\" src=\"https:\/\/www.europesays.com\/fr\/wp-content\/uploads\/2025\/10\/91641334-64371661.jpg\" alt=\"Tout au long de la journ\u00e9e, les partenaires pr\u00e9sent\u00e9 leurs outils et services, \u00e9chang\u00e9 avec les visiteurs et r\u00e9pondu aux besoins concrets des \u00e9quipes antenne et r\u00e9gie.\" title=\"Tout au long de la journ\u00e9e, les partenaires pr\u00e9sent\u00e9 leurs outils et services, \u00e9chang\u00e9 avec les visiteurs et r\u00e9pondu aux besoins concrets des \u00e9quipes antenne et r\u00e9gie.\" \/><br \/>\n<img decoding=\"async\" class=\"not-responsive\" loading=\"lazy\" src=\"https:\/\/www.europesays.com\/fr\/wp-content\/uploads\/2025\/10\/1760024672_651_91641334-64371661.jpg\" alt=\"Tout au long de la journ\u00e9e, les partenaires pr\u00e9sent\u00e9 leurs outils et services, \u00e9chang\u00e9 avec les visiteurs et r\u00e9pondu aux besoins concrets des \u00e9quipes antenne et r\u00e9gie.\" title=\"Tout au long de la journ\u00e9e, les partenaires pr\u00e9sent\u00e9 leurs outils et services, \u00e9chang\u00e9 avec les visiteurs et r\u00e9pondu aux besoins concrets des \u00e9quipes antenne et r\u00e9gie.\" width=\"642.6\" \/><\/a><\/p>\n<p>\n\t\t\t\t\t Tout au long de la journ\u00e9e, les partenaires pr\u00e9sent\u00e9 leurs outils et services, \u00e9chang\u00e9 avec les visiteurs et r\u00e9pondu aux besoins concrets des \u00e9quipes antenne et r\u00e9gie.\n\t\t\t\t <\/p>\n<p>\t\t <br id=\"sep_para_8\" class=\"sep_para access\" \/><\/p>\n<p>\t\t\t\t <a href=\"https:\/\/www.lalettre.pro\/javascript:void(0)\" rel=\"https:\/\/www.europesays.com\/fr\/wp-content\/uploads\/2025\/10\/91641334-64373502.jpg&amp;ibox noopener\" title=\"Au RadioTour Paris \u00cele-de-France, il y avait \u00e0 boire et \u00e0 manger sur le rooftop\" target=\"_blank\"><img decoding=\"async\" class=\"responsive\" loading=\"lazy\" style=\"display:none\" src=\"https:\/\/www.europesays.com\/fr\/wp-content\/uploads\/2025\/10\/91641334-64373502.jpg\" alt=\"Au RadioTour Paris \u00cele-de-France, il y avait \u00e0 boire et \u00e0 manger sur le rooftop\" title=\"Au RadioTour Paris \u00cele-de-France, il y avait \u00e0 boire et \u00e0 manger sur le rooftop\" \/><br \/>\n<img decoding=\"async\" class=\"not-responsive\" loading=\"lazy\" src=\"https:\/\/www.europesays.com\/fr\/wp-content\/uploads\/2025\/10\/1760024674_995_91641334-64373502.jpg\" alt=\"Au RadioTour Paris \u00cele-de-France, il y avait \u00e0 boire et \u00e0 manger sur le rooftop\" title=\"Au RadioTour Paris \u00cele-de-France, il y avait \u00e0 boire et \u00e0 manger sur le rooftop\" width=\"642.6\" \/><\/a><\/p>\n<p>\n\t\t\t\t\t Au RadioTour Paris \u00cele-de-France, il y avait \u00e0 boire et \u00e0 manger sur le rooftop\n\t\t\t\t <\/p>\n<p>\t\t <br class=\"texte clear\" \/><\/p>\n<p>\t\t <br class=\"texte clear\" \/><\/p>\n<p><\/p>\n","protected":false},"excerpt":{"rendered":"Jeudi 9 Octobre 2025 &#8211; 17:05 Notez Instantan\u00e9s du RadioTour Paris \u00cele-de-France, ce jeudi : couloirs qui bourdonnent,&hellip;\n","protected":false},"author":2,"featured_media":450347,"comment_status":"","ping_status":"","sticky":false,"template":"","format":"standard","meta":{"footnotes":""},"categories":[1592],"tags":[1111,11,9827,9830,35,7889,9832,9829,9831,1777,674,1011,27,662,2957,9823,9824,9825,9828,500,12,626,4048,2427,1825,25,9826,1364],"class_list":{"0":"post-450346","1":"post","2":"type-post","3":"status-publish","4":"format-standard","5":"has-post-thumbnail","7":"category-ile-de-france","8":"tag-actu","9":"tag-actualites","10":"tag-animateur","11":"tag-applications","12":"tag-business","13":"tag-directeur","14":"tag-directeur-d","15":"tag-directeur-des-programmes","16":"tag-directeur-technique","17":"tag-eu","18":"tag-europe","19":"tag-fr","20":"tag-france","21":"tag-ile-de-france","22":"tag-journaliste","23":"tag-la-lettre","24":"tag-la-lettre-pro","25":"tag-llp","26":"tag-manager","27":"tag-medias","28":"tag-news","29":"tag-paris","30":"tag-presse","31":"tag-professionnels","32":"tag-radio","33":"tag-republique-francaise","34":"tag-show-business","35":"tag-tv"},"share_on_mastodon":{"url":"https:\/\/pubeurope.com\/@fr\/115344984105122422","error":""},"_links":{"self":[{"href":"https:\/\/www.europesays.com\/fr\/wp-json\/wp\/v2\/posts\/450346","targetHints":{"allow":["GET"]}}],"collection":[{"href":"https:\/\/www.europesays.com\/fr\/wp-json\/wp\/v2\/posts"}],"about":[{"href":"https:\/\/www.europesays.com\/fr\/wp-json\/wp\/v2\/types\/post"}],"author":[{"embeddable":true,"href":"https:\/\/www.europesays.com\/fr\/wp-json\/wp\/v2\/users\/2"}],"replies":[{"embeddable":true,"href":"https:\/\/www.europesays.com\/fr\/wp-json\/wp\/v2\/comments?post=450346"}],"version-history":[{"count":0,"href":"https:\/\/www.europesays.com\/fr\/wp-json\/wp\/v2\/posts\/450346\/revisions"}],"wp:featuredmedia":[{"embeddable":true,"href":"https:\/\/www.europesays.com\/fr\/wp-json\/wp\/v2\/media\/450347"}],"wp:attachment":[{"href":"https:\/\/www.europesays.com\/fr\/wp-json\/wp\/v2\/media?parent=450346"}],"wp:term":[{"taxonomy":"category","embeddable":true,"href":"https:\/\/www.europesays.com\/fr\/wp-json\/wp\/v2\/categories?post=450346"},{"taxonomy":"post_tag","embeddable":true,"href":"https:\/\/www.europesays.com\/fr\/wp-json\/wp\/v2\/tags?post=450346"}],"curies":[{"name":"wp","href":"https:\/\/api.w.org\/{rel}","templated":true}]}}