{"id":450348,"date":"2025-10-09T15:45:18","date_gmt":"2025-10-09T15:45:18","guid":{"rendered":"https:\/\/www.europesays.com\/fr\/450348\/"},"modified":"2025-10-09T15:45:18","modified_gmt":"2025-10-09T15:45:18","slug":"en-serbie-lapprovisionnement-en-hydrocarbures-stoppe-par-les-sanctions-americaines-visant-le-petrole-russe","status":"publish","type":"post","link":"https:\/\/www.europesays.com\/fr\/450348\/","title":{"rendered":"En Serbie, l\u2019approvisionnement en hydrocarbures stopp\u00e9 par les sanctions am\u00e9ricaines visant le p\u00e9trole russe"},"content":{"rendered":"<p>                         <img loading=\"lazy\" decoding=\"async\" src=\"https:\/\/www.europesays.com\/fr\/wp-content\/uploads\/2025\/10\/d5d8432_upload-1-aeomytwrwjry-000-787w9cq.jpg\" alt=\"Devant une station-service Gazprom, exploit\u00e9e par NIS, la compagnie nationale p\u00e9troli\u00e8re de la Serbie, \u00e0 Belgrade, le 9\u00a0octobre 2025.\"   width=\"664\" height=\"443\"\/>    Devant une station-service Gazprom, exploit\u00e9e par NIS, la compagnie nationale p\u00e9troli\u00e8re de la Serbie, \u00e0 Belgrade, le 9\u00a0octobre 2025.  ANDREJ ISAKOVIC\/AFP                 <\/p>\n<p class=\"article__paragraph  \">Depuis des ann\u00e9es, les voyageurs arrivant \u00e0 Belgrade par l\u2019autoroute de l\u2019ouest sont accueillis par une immense pancarte financ\u00e9e par la compagnie \u00e9nerg\u00e9tique russe Gazprom. M\u00ealant drapeaux serbe et russe, elle proclame fi\u00e8rement \u00ab\u00a0Ensemble\u00a0\u00bb. Symbole des liens \u00e9nerg\u00e9tiques et politiques profonds entre la Serbie et la Russie, cette affiche risque pourtant d\u2019\u00eatre bient\u00f4t remis\u00e9e au placard sous l\u2019effet des pressions am\u00e9ricaines grandissantes contre les exportations de p\u00e9trole russe.<\/p>\n<p>   Lire plus tard  <\/p>\n<p class=\"article__paragraph  \">Jeudi 9\u00a0octobre, NIS, la compagnie nationale p\u00e9troli\u00e8re de ce pays des Balkans, a en effet annonc\u00e9 l\u2019entr\u00e9e en vigueur de sanctions am\u00e9ricaines qui menacent \u00ab\u00a0la continuation de son activit\u00e9 op\u00e9rationnelle\u00a0\u00bb et pourraient rapidement se traduire par une p\u00e9nurie g\u00e9n\u00e9rale de carburant. D\u00e9tenue majoritairement par Gazprom et d\u2019autres soci\u00e9t\u00e9s russes, NIS assure environ 80\u00a0% des besoins en carburant des 6,5\u00a0millions de Serbes, et assure aussi des approvisionnements significatifs en Bosnie-Herz\u00e9govine voisine.<\/p>\n<p class=\"article__paragraph  \">NIS avait \u00e9t\u00e9 plac\u00e9e, d\u00e9but janvier, sur les listes de sanctions du d\u00e9partement du Tr\u00e9sor am\u00e9ricain. Elle a b\u00e9n\u00e9fici\u00e9 de plusieurs reports n\u00e9goci\u00e9s d\u2019arrache-pied par les autorit\u00e9s serbes avec l\u2019administration du pr\u00e9sident Donald Trump, mais ceux-ci ont fini par expirer jeudi. \u00ab\u00a0La Serbie devrait prendre des mesures pour prendre le contr\u00f4le de ses principales ressources \u00e9nerg\u00e9tiques\u00a0\u00bb, a de nouveau appel\u00e9 Aleksandar Titolo, le charg\u00e9 d\u2019affaires de l\u2019ambassade am\u00e9ricaine \u00e0 Belgrade, en rappelant que \u00ab\u00a0les revenus de NIS financent la machine de guerre du Kremlin\u00a0\u00bb.<\/p>\n<p class=\"reading-mode-only \"><strong>Il vous reste 71.49% de cet article \u00e0 lire. La suite est r\u00e9serv\u00e9e aux abonn\u00e9s.<\/strong><\/p>\n","protected":false},"excerpt":{"rendered":"Devant une station-service Gazprom, exploit\u00e9e par NIS, la compagnie nationale p\u00e9troli\u00e8re de la Serbie, \u00e0 Belgrade, le 9\u00a0octobre&hellip;\n","protected":false},"author":2,"featured_media":450349,"comment_status":"","ping_status":"","sticky":false,"template":"","format":"standard","meta":{"footnotes":""},"categories":[1888],"tags":[1111,1928,11,1927,1777,674,1011,27,12,1926,626,1925,25],"class_list":{"0":"post-450348","1":"post","2":"type-post","3":"status-publish","4":"format-standard","5":"has-post-thumbnail","7":"category-paris","8":"tag-actu","9":"tag-actu-paris","10":"tag-actualites","11":"tag-actualites-paris","12":"tag-eu","13":"tag-europe","14":"tag-fr","15":"tag-france","16":"tag-news","17":"tag-news-paris","18":"tag-paris","19":"tag-paris-news","20":"tag-republique-francaise"},"share_on_mastodon":{"url":"https:\/\/pubeurope.com\/@fr\/115344986914978336","error":""},"_links":{"self":[{"href":"https:\/\/www.europesays.com\/fr\/wp-json\/wp\/v2\/posts\/450348","targetHints":{"allow":["GET"]}}],"collection":[{"href":"https:\/\/www.europesays.com\/fr\/wp-json\/wp\/v2\/posts"}],"about":[{"href":"https:\/\/www.europesays.com\/fr\/wp-json\/wp\/v2\/types\/post"}],"author":[{"embeddable":true,"href":"https:\/\/www.europesays.com\/fr\/wp-json\/wp\/v2\/users\/2"}],"replies":[{"embeddable":true,"href":"https:\/\/www.europesays.com\/fr\/wp-json\/wp\/v2\/comments?post=450348"}],"version-history":[{"count":0,"href":"https:\/\/www.europesays.com\/fr\/wp-json\/wp\/v2\/posts\/450348\/revisions"}],"wp:featuredmedia":[{"embeddable":true,"href":"https:\/\/www.europesays.com\/fr\/wp-json\/wp\/v2\/media\/450349"}],"wp:attachment":[{"href":"https:\/\/www.europesays.com\/fr\/wp-json\/wp\/v2\/media?parent=450348"}],"wp:term":[{"taxonomy":"category","embeddable":true,"href":"https:\/\/www.europesays.com\/fr\/wp-json\/wp\/v2\/categories?post=450348"},{"taxonomy":"post_tag","embeddable":true,"href":"https:\/\/www.europesays.com\/fr\/wp-json\/wp\/v2\/tags?post=450348"}],"curies":[{"name":"wp","href":"https:\/\/api.w.org\/{rel}","templated":true}]}}