{"id":450350,"date":"2025-10-09T15:46:11","date_gmt":"2025-10-09T15:46:11","guid":{"rendered":"https:\/\/www.europesays.com\/fr\/450350\/"},"modified":"2025-10-09T15:46:11","modified_gmt":"2025-10-09T15:46:11","slug":"une-explosion-dans-les-locaux-dorange-fait-trois-blesses-dont-deux-grievement","status":"publish","type":"post","link":"https:\/\/www.europesays.com\/fr\/450350\/","title":{"rendered":"une explosion dans les locaux d\u2019Orange fait trois bless\u00e9s, dont deux gri\u00e8vement"},"content":{"rendered":"<p>\n    Un incendie s\u2019est d\u00e9clench\u00e9, peu avant 10h30 ce jeudi, provoquant une explosion avenue de Saxe, dans le 7e arrondissement, alors que des techniciens effectuaient des travaux de soudure.<\/p>\n<p class=\"fig-paragraph\">Apr\u00e8s une explosion d\u2019origine accidentelle, jeudi 9 octobre, lors de travaux dans un local technique de\u00a0<a href=\"http:\/\/www.lefigaro.fr\/societes\/l-operateur-orange-victime-d-une-cyberattaque-20250728\" target=\"_blank\" data-fig-type=\"NewsFlash\" rel=\"noopener\" data-gtm-custom-categorie=\"navigation\" data-gtm-custom-action=\"crossclick\" data-gtm-custom-label=\"Contextuel\" data-gtm-event=\"customEventSPE\" data-fig-domain=\"LEFIGARO\">la soci\u00e9t\u00e9 Orange<\/a>, trois techniciens ont \u00e9t\u00e9 bless\u00e9s, dont deux gri\u00e8vement, a appris l&rsquo;AFP de source polici\u00e8re.\u00a0<a href=\"https:\/\/bourse.lefigaro.fr\/actu-conseils\/et-si-pour-orange-la-prochaine-grande-acquisition-n-etait-pas-francaise-avec-sfr-mais-espagnole-20250721\" target=\"_blank\" data-fig-type=\"Article\" rel=\"noopener\" data-gtm-custom-categorie=\"navigation\" data-gtm-custom-action=\"crossclick\" data-gtm-custom-label=\"Contextuel\" data-gtm-event=\"customEventSPE\" data-fig-domain=\"BOURSE\">Le g\u00e9ant fran\u00e7ais<\/a>\u00a0des t\u00e9l\u00e9communications a confirm\u00e9 \u00e0 l&rsquo;AFP un \u00abaccident majeur\u00bb sur un site technique \u00e0 Paris, sans donner plus de d\u00e9tails.<\/p>\n<p class=\"fig-paragraph\">Selon une source polici\u00e8re, l&rsquo;accident a eu lieu avenue de Saxe, dans le 7e arrondissement, alors que des techniciens effectuaient des travaux de soudure: un incendie s&rsquo;est d\u00e9clench\u00e9, peu avant 10h30, provoquant une explosion. C&rsquo;est un climatiseur qui aurait explos\u00e9 lors de cette intervention, d&rsquo;apr\u00e8s les pompiers, qui sont intervenus en raison d&rsquo;une \u00e9ventuelle fuite de gaz.<\/p>\n<p>                                    <a class=\"fig-a11y-skip a11y-hidden\" href=\"#fig-a11y-skip-main-inarticle\"><br \/>\n        Passer la publicit\u00e9<br \/>\n    <\/a><\/p>\n<p>L\u2019origine de l\u2019incendie inconnue<\/p>\n<p class=\"fig-paragraph\">L&rsquo;origine de l&rsquo;incendie reste ind\u00e9termin\u00e9e et les trois techniciens bless\u00e9s ont \u00e9t\u00e9 pris en charge par les secours et transport\u00e9s \u00e0 l&rsquo;h\u00f4pital. Deux d&rsquo;entre eux souffrent de br\u00fblures graves.<\/p>\n","protected":false},"excerpt":{"rendered":"Un incendie s\u2019est d\u00e9clench\u00e9, peu avant 10h30 ce jeudi, provoquant une explosion avenue de Saxe, dans le 7e&hellip;\n","protected":false},"author":2,"featured_media":450351,"comment_status":"","ping_status":"","sticky":false,"template":"","format":"standard","meta":{"footnotes":""},"categories":[1888],"tags":[1111,1928,11,1927,1777,674,1011,27,1310,12,1926,738,626,1925,25],"class_list":{"0":"post-450350","1":"post","2":"type-post","3":"status-publish","4":"format-standard","5":"has-post-thumbnail","7":"category-paris","8":"tag-actu","9":"tag-actu-paris","10":"tag-actualites","11":"tag-actualites-paris","12":"tag-eu","13":"tag-europe","14":"tag-fr","15":"tag-france","16":"tag-incendie","17":"tag-news","18":"tag-news-paris","19":"tag-orange","20":"tag-paris","21":"tag-paris-news","22":"tag-republique-francaise"},"share_on_mastodon":{"url":"https:\/\/pubeurope.com\/@fr\/115344990768641373","error":""},"_links":{"self":[{"href":"https:\/\/www.europesays.com\/fr\/wp-json\/wp\/v2\/posts\/450350","targetHints":{"allow":["GET"]}}],"collection":[{"href":"https:\/\/www.europesays.com\/fr\/wp-json\/wp\/v2\/posts"}],"about":[{"href":"https:\/\/www.europesays.com\/fr\/wp-json\/wp\/v2\/types\/post"}],"author":[{"embeddable":true,"href":"https:\/\/www.europesays.com\/fr\/wp-json\/wp\/v2\/users\/2"}],"replies":[{"embeddable":true,"href":"https:\/\/www.europesays.com\/fr\/wp-json\/wp\/v2\/comments?post=450350"}],"version-history":[{"count":0,"href":"https:\/\/www.europesays.com\/fr\/wp-json\/wp\/v2\/posts\/450350\/revisions"}],"wp:featuredmedia":[{"embeddable":true,"href":"https:\/\/www.europesays.com\/fr\/wp-json\/wp\/v2\/media\/450351"}],"wp:attachment":[{"href":"https:\/\/www.europesays.com\/fr\/wp-json\/wp\/v2\/media?parent=450350"}],"wp:term":[{"taxonomy":"category","embeddable":true,"href":"https:\/\/www.europesays.com\/fr\/wp-json\/wp\/v2\/categories?post=450350"},{"taxonomy":"post_tag","embeddable":true,"href":"https:\/\/www.europesays.com\/fr\/wp-json\/wp\/v2\/tags?post=450350"}],"curies":[{"name":"wp","href":"https:\/\/api.w.org\/{rel}","templated":true}]}}