{"id":450354,"date":"2025-10-09T15:48:14","date_gmt":"2025-10-09T15:48:14","guid":{"rendered":"https:\/\/www.europesays.com\/fr\/450354\/"},"modified":"2025-10-09T15:48:14","modified_gmt":"2025-10-09T15:48:14","slug":"budget-participatif-2025-decouvrez-les-104-projets","status":"publish","type":"post","link":"https:\/\/www.europesays.com\/fr\/450354\/","title":{"rendered":"Budget Participatif 2025\u00a0: d\u00e9couvrez les 104 projets"},"content":{"rendered":"<p>  Le Budget Participatif permet aux citoyens de d\u00e9cider de l&rsquo;affectation d&rsquo;une partie du budget de la Ville. Pour d\u00e9poser une id\u00e9e ou pour voter, les seules conditions sont d&rsquo;habiter Paris et d&rsquo;avoir au moins 7 ans. Si le projet est laur\u00e9at, il sera mis en \u0153uvre par les services de la Ville de Paris\u00a0! Pour cette \u00e9dition 2025, <a href=\"https:\/\/decider.paris.fr\/decider\/jsp\/site\/Portal.jsp?page=search-solr&amp;sort_name=date&amp;sort_order=desc&amp;conf=default&amp;fq=type%3ADECIDER_BUDGET&amp;query=%28type%3AFORMS_FORM_RESPONSE_1+OR+type%3ACONSULTATION%29+OR+%28type%3ADECIDER_BUDGET+AND+uid%3A*DECIDER_BUDGET+AND+-consultation_status_text%3ALAUREAT+AND+%28consultation_status_text%3AEN_REALISATION+OR+consultation_status_text%3AREALISE+OR+%28consultation_status_text%3AA_L_ETUDE+AND+campagne_text%3A%28K+OR+L%29%29+OR+%28consultation_status_text%3ANONRETENU+AND+campagne_text%3A%28K%29%29+OR+%28consultation_status_text%3ANONLAUREAT+AND+campagne_text%3A%28I+OR+J+OR+K%29%29+OR+%28consultation_status_text%3ASOUMIS+AND+campagne_text%3A%28K%29%29%29%29&amp;fq=consultation_status_text%3ASOUMIS\" target=\"_blank\" rel=\"noopener nofollow\" title=\"Ouverture dans un nouvel onglet\">261 id\u00e9es sont soumises au vote<\/a>. 104 projets laur\u00e9ats ont \u00e9t\u00e9 annonc\u00e9s mercredi 8 octobre 2025.<\/p>\n","protected":false},"excerpt":{"rendered":"Le Budget Participatif permet aux citoyens de d\u00e9cider de l&rsquo;affectation d&rsquo;une partie du budget de la Ville. Pour&hellip;\n","protected":false},"author":2,"featured_media":450355,"comment_status":"","ping_status":"","sticky":false,"template":"","format":"standard","meta":{"footnotes":""},"categories":[1888],"tags":[11,1777,674,1011,27,12,626,25],"class_list":{"0":"post-450354","1":"post","2":"type-post","3":"status-publish","4":"format-standard","5":"has-post-thumbnail","7":"category-paris","8":"tag-actualites","9":"tag-eu","10":"tag-europe","11":"tag-fr","12":"tag-france","13":"tag-news","14":"tag-paris","15":"tag-republique-francaise"},"share_on_mastodon":{"url":"https:\/\/pubeurope.com\/@fr\/115344998644618853","error":""},"_links":{"self":[{"href":"https:\/\/www.europesays.com\/fr\/wp-json\/wp\/v2\/posts\/450354","targetHints":{"allow":["GET"]}}],"collection":[{"href":"https:\/\/www.europesays.com\/fr\/wp-json\/wp\/v2\/posts"}],"about":[{"href":"https:\/\/www.europesays.com\/fr\/wp-json\/wp\/v2\/types\/post"}],"author":[{"embeddable":true,"href":"https:\/\/www.europesays.com\/fr\/wp-json\/wp\/v2\/users\/2"}],"replies":[{"embeddable":true,"href":"https:\/\/www.europesays.com\/fr\/wp-json\/wp\/v2\/comments?post=450354"}],"version-history":[{"count":0,"href":"https:\/\/www.europesays.com\/fr\/wp-json\/wp\/v2\/posts\/450354\/revisions"}],"wp:featuredmedia":[{"embeddable":true,"href":"https:\/\/www.europesays.com\/fr\/wp-json\/wp\/v2\/media\/450355"}],"wp:attachment":[{"href":"https:\/\/www.europesays.com\/fr\/wp-json\/wp\/v2\/media?parent=450354"}],"wp:term":[{"taxonomy":"category","embeddable":true,"href":"https:\/\/www.europesays.com\/fr\/wp-json\/wp\/v2\/categories?post=450354"},{"taxonomy":"post_tag","embeddable":true,"href":"https:\/\/www.europesays.com\/fr\/wp-json\/wp\/v2\/tags?post=450354"}],"curies":[{"name":"wp","href":"https:\/\/api.w.org\/{rel}","templated":true}]}}