{"id":450382,"date":"2025-10-09T16:04:15","date_gmt":"2025-10-09T16:04:15","guid":{"rendered":"https:\/\/www.europesays.com\/fr\/450382\/"},"modified":"2025-10-09T16:04:15","modified_gmt":"2025-10-09T16:04:15","slug":"motogp-apres-six-ans-dattente-marc-marquez-sacre-champion-du-monde-pour-la-septieme-fois","status":"publish","type":"post","link":"https:\/\/www.europesays.com\/fr\/450382\/","title":{"rendered":"MotoGP\u00a0: apr\u00e8s six ans d\u2019attente, Marc Marquez sacr\u00e9 champion du monde pour la septi\u00e8me fois"},"content":{"rendered":"<p class=\"paragraph text_align_left lp-f-body-02\">Le voil\u00e0 \u00e0 la hauteur de Valentino Rossi. L\u2019Espagnol <a href=\"https:\/\/www.leparisien.fr\/sports\/motogp-de-retour-au-premier-plan-marc-marquez-remporte-le-premier-grand-prix-de-la-saison-en-thailande-02-03-2025-QKMHYGICZ5BNTOLJ7JCE4LNS24.php\" target=\"_self\" rel=\"nofollow noopener\">Marc Marquez<\/a> (Ducati) a d\u00e9croch\u00e9 son septi\u00e8me titre mondial en MotoGP en terminant deuxi\u00e8me du Grand Prix du Japon remport\u00e9 par <a href=\"https:\/\/www.leparisien.fr\/sports\/bagnaia-est-vinicius-je-suis-mbappe-letonnante-comparaison-de-marc-marquez-sur-son-transfert-en-motogp-04-12-2024-W4CCCERGZVA4HLMUTZD4MLZ3CY.php\" target=\"_self\" rel=\"nofollow noopener\">son \u00e9quipier italien Francesco Bagnaia<\/a>, dimanche sur le circuit de Motegi.<\/p>\n<p class=\"paragraph text_align_left lp-f-body-02\">Le Catalan de 32 ans rejoint ainsi la l\u00e9gende italienne Valentino Rossi, son ancien grand rival, avec sept couronnes dans la cat\u00e9gorie reine du motocyclisme et se rapproche du record d\u2019un autre illustre Italien, Giacomo Agostini, qui avait \u00e9t\u00e9 sacr\u00e9 huit fois. Au total, il compte neuf titres mondiaux avec \u00e9galement ceux des 125 cm3 en 2010 et de Moto2 en 2012.<\/p>\n<blockquote class=\"twitter-tweet\">\n<p lang=\"fr\" dir=\"ltr\">MARC MARQUEZ CHAMPION DU MONDE !!! \ud83c\udf89\ud83c\udf89\ud83d\udc51\ud83d\udc51<\/p>\n<p>L&rsquo;Espagnol remporte son 7e titre en cat\u00e9gorie reine gr\u00e2ce \u00e0 sa deuxi\u00e8me place au GP du Japon \u2705<\/p>\n<p>Francesco Bagnaia retrouve la victoire, Quartararo (8e) et Zarco (9e) sont dans le top 10 \ud83e\udd29\ud83c\udfcd\ufe0f<a href=\"https:\/\/twitter.com\/hashtag\/JapaneseGP?src=hash&amp;ref_src=twsrc%5Etfw\" rel=\"nofollow noopener\" target=\"_blank\">#JapaneseGP<\/a> | <a href=\"https:\/\/twitter.com\/hashtag\/MotoGP?src=hash&amp;ref_src=twsrc%5Etfw\" rel=\"nofollow noopener\" target=\"_blank\">#MotoGP<\/a> <a href=\"https:\/\/t.co\/4PEs0YrYsX\" rel=\"nofollow\">pic.twitter.com\/4PEs0YrYsX<\/a><\/p>\n<p>\u2014 CANAL+ MotoGP\u2122 (@CanalplusMotoGP) <a href=\"https:\/\/twitter.com\/CanalplusMotoGP\/status\/1972177723993821240?ref_src=twsrc%5Etfw\" rel=\"nofollow noopener\" target=\"_blank\">September 28, 2025<\/a><\/p><\/blockquote>\n<p class=\"paragraph text_align_left lp-f-body-02\">\u00ab C\u2019est impossible de parler\u2026 Je ne veux pas me souvenir des mauvais moments que j\u2019ai travers\u00e9s, je suis maintenant en paix avec moi-m\u00eame. J\u2019ai fait une grosse erreur dans ma carri\u00e8re, celle de vouloir revenir trop t\u00f4t, mais je me suis battu, battu, battu, puis j\u2019ai retrouv\u00e9 la victoire et je suis en paix \u00bb, a savour\u00e9 l\u2019Espagnol.<\/p>\n<p class=\"paragraph text_align_left lp-f-body-02\">Marc Marquez, qui avait ralli\u00e9 cette ann\u00e9e l\u2019\u00e9curie officielle Ducati apr\u00e8s avoir rego\u00fbt\u00e9 \u00e0 la victoire dans l\u2019\u00e9quipe satellite Ducati-Gresini l\u2019an dernier, s\u2019est montr\u00e9 archi-dominateur cette saison et a donc mis fin \u00e0 six ans d\u2019attente depuis son dernier titre.<\/p>\n<p>Sacr\u00e9 \u00e0 5 GP de la fin<\/p>\n<p class=\"paragraph text_align_left lp-f-body-02\">Dimanche, l\u2019Espagnol est parti timidement depuis la troisi\u00e8me place, laissant Bagnaia s\u2019\u00e9chapper en t\u00eate, comme samedi lors du sprint et est all\u00e9 remporter son deuxi\u00e8me GP de la saison. Sous la menace de Joan Mir (Honda), le Catalan a r\u00e9sist\u00e9 et a fini par d\u00e9passer un autre compatriote, Pedro Acosta (KTM), \u00e0 la mi-course pour s\u2019emparer de la deuxi\u00e8me place et filer vers le sacre sans trembler.<\/p>\n<p class=\"paragraph text_align_left lp-f-body-02\">Avec 201 points d\u2019avance sur <a href=\"https:\/\/www.leparisien.fr\/sports\/ils-ne-vont-pas-se-gener-les-freres-marc-et-alex-marquez-deux-rivaux-mais-une-strategie-commune-29-03-2025-BTVTD355XVE4XKGTAM3KYO2UXE.php\" target=\"_self\" rel=\"nofollow noopener\">son fr\u00e8re cadet Alex Marquez<\/a> (Ducati-Gresini), sixi\u00e8me dimanche et qui \u00e9tait le seul qui pouvait l\u2019emp\u00eacher de remporter le titre, Marc Marquez ne peut plus \u00eatre rattrap\u00e9 alors qu\u2019il reste encore cinq manches (Indon\u00e9sie, Australie, Malaisie, Portugal et Valence) et 185 points \u00e0 distribuer.<\/p>\n<p class=\"paragraph text_align_left lp-f-body-02\">Clin d\u2019\u0153il de l\u2019histoire, derri\u00e8re les deux pilotes Ducati, Mir, champion du monde 2020, a termin\u00e9 troisi\u00e8me et a d\u00e9croch\u00e9 son premier podium depuis presque quatre ans. C\u2019est aussi la premi\u00e8re fois qu\u2019il monte sur la bo\u00eete au guidon d\u2019une Honda, l\u2019ancienne monture de Marquez, sur les terres du constructeur japonais propri\u00e9taire du circuit de Motegi.<\/p>\n<p class=\"paragraph text_align_left lp-f-body-02\">Les Fran\u00e7ais Fabio Quartararo (Yamaha) et Johann Zarco (Honda-LCR) sont rest\u00e9s coinc\u00e9s au milieu du peloton durant toute la course et ont pris respectivement les huiti\u00e8me et neuvi\u00e8me places.<\/p>\n<p><script async src=\"https:\/\/platform.twitter.com\/widgets.js\" charset=\"utf-8\"><\/script><\/p>\n","protected":false},"excerpt":{"rendered":"Le voil\u00e0 \u00e0 la hauteur de Valentino Rossi. L\u2019Espagnol Marc Marquez (Ducati) a d\u00e9croch\u00e9 son septi\u00e8me titre mondial&hellip;\n","protected":false},"author":2,"featured_media":450383,"comment_status":"","ping_status":"","sticky":false,"template":"","format":"standard","meta":{"footnotes":""},"categories":[1413],"tags":[1011,27,1457,1456,60],"class_list":{"0":"post-450382","1":"post","2":"type-post","3":"status-publish","4":"format-standard","5":"has-post-thumbnail","7":"category-moto","8":"tag-fr","9":"tag-france","10":"tag-moto","11":"tag-motocycle","12":"tag-sports"},"share_on_mastodon":{"url":"https:\/\/pubeurope.com\/@fr\/115345061846409703","error":""},"_links":{"self":[{"href":"https:\/\/www.europesays.com\/fr\/wp-json\/wp\/v2\/posts\/450382","targetHints":{"allow":["GET"]}}],"collection":[{"href":"https:\/\/www.europesays.com\/fr\/wp-json\/wp\/v2\/posts"}],"about":[{"href":"https:\/\/www.europesays.com\/fr\/wp-json\/wp\/v2\/types\/post"}],"author":[{"embeddable":true,"href":"https:\/\/www.europesays.com\/fr\/wp-json\/wp\/v2\/users\/2"}],"replies":[{"embeddable":true,"href":"https:\/\/www.europesays.com\/fr\/wp-json\/wp\/v2\/comments?post=450382"}],"version-history":[{"count":0,"href":"https:\/\/www.europesays.com\/fr\/wp-json\/wp\/v2\/posts\/450382\/revisions"}],"wp:featuredmedia":[{"embeddable":true,"href":"https:\/\/www.europesays.com\/fr\/wp-json\/wp\/v2\/media\/450383"}],"wp:attachment":[{"href":"https:\/\/www.europesays.com\/fr\/wp-json\/wp\/v2\/media?parent=450382"}],"wp:term":[{"taxonomy":"category","embeddable":true,"href":"https:\/\/www.europesays.com\/fr\/wp-json\/wp\/v2\/categories?post=450382"},{"taxonomy":"post_tag","embeddable":true,"href":"https:\/\/www.europesays.com\/fr\/wp-json\/wp\/v2\/tags?post=450382"}],"curies":[{"name":"wp","href":"https:\/\/api.w.org\/{rel}","templated":true}]}}