{"id":450388,"date":"2025-10-09T16:07:16","date_gmt":"2025-10-09T16:07:16","guid":{"rendered":"https:\/\/www.europesays.com\/fr\/450388\/"},"modified":"2025-10-09T16:07:16","modified_gmt":"2025-10-09T16:07:16","slug":"om-de-zerbi-vide-son-sac-sur-rabiot-ses-galeres-et-marseille","status":"publish","type":"post","link":"https:\/\/www.europesays.com\/fr\/450388\/","title":{"rendered":"OM : De Zerbi vide son sac sur Rabiot, ses gal\u00e8res et Marseille !"},"content":{"rendered":"<p>Roberto De Zerbi a encore frapp\u00e9 ! Apr\u00e8s une premi\u00e8re saison prometteuse, l\u2019entra\u00eeneur italien de l\u2019Olympique de Marseille s\u2019est confi\u00e9\u00a0<strong>comme jamais<\/strong>\u00a0dans une interview au\u00a0Corriere della Sera. Et attention : entre drames familiaux, coups de gueule, baston dans le vestiaire et d\u00e9claration d\u2019amour \u00e0 Marseille\u2026<\/p>\n<p>Un parcours de vie compliqu\u00e9<\/p>\n<blockquote class=\"wp-block-quote is-layout-flow wp-block-quote-is-layout-flow\">\n<p>\u201cC\u2019est la premi\u00e8re fois que j\u2019en parle. Il y a un moment pr\u00e9cis de ma vie o\u00f9 je commence \u00e0 jouer au football pour aider ma famille. Je passe de l\u2019oratoire \u00e0 Lumezzane puis \u00e0 Milan, entre 1992 et 1994, co\u00efncidant avec la crise \u00e9conomique chez nous. Nous sommes oblig\u00e9s de vendre l\u2019usine de tapis et nous passons des ann\u00e9es tr\u00e8s difficiles. \u00c0 ce moment-l\u00e0, je ne plaisantais plus. Au printemps, le lendemain de la signature de mon premier quinquennat avec Milan, j\u2019\u00e9tais \u00e0 la succursale pour signer l\u2019hypoth\u00e8que pour acheter la maison \u00e0 mes parents.\u201d<\/p>\n<\/blockquote>\n<p>Une confiance totale en Longoria et Benatia<\/p>\n<blockquote class=\"wp-block-quote is-layout-flow wp-block-quote-is-layout-flow\">\n<p>\u201cJe ne sais pas si je suis l\u2019entra\u00eeneur id\u00e9al pour eux, mais Marseille est l\u2019endroit id\u00e9al pour moi, pour la valeur qu\u2019il donne au football. Je ne pensais pas investir autant de temps dans la relation avec les managers. Mais \u00e0 Marseille, avec le Pr\u00e9sident Longoria et le Directeur sportif Benatia, j\u2019ai peut-\u00eatre construit la plus belle relation de tous les temps\u201d<\/p>\n<\/blockquote>\n<p>Entre\u00a0<strong>la ferveur du public<\/strong>,\u00a0<strong>les relations fortes avec Longoria et Benatia<\/strong>, et\u00a0<strong>l\u2019amour du jeu<\/strong>, l\u2019Italien est plus que jamais chez lui dans la cit\u00e9 phoc\u00e9enne.<\/p>\n<p>La bagarre Rabiot\u2013Rowe qui a tout chang\u00e9 !<\/p>\n<p>Mais tout n\u2019a pas \u00e9t\u00e9 rose. Le coach a d\u00fb g\u00e9rer une\u00a0<strong>explosion dans le vestiaire<\/strong>\u00a0apr\u00e8s la d\u00e9faite face \u00e0 Rennes :<\/p>\n<blockquote class=\"wp-block-quote is-layout-flow wp-block-quote-is-layout-flow\">\n<p>\u201cJamais je n\u2019ai vu cela. Et je viens de la rue. Mais cela nous a fait du bien, car le club a choisi de se passer de Rabiot, qui ne voulait pas prendre de recul.\u201d<\/p>\n<\/blockquote>\n<p>Un avenir \u00e0 Marseille ?<\/p>\n<p>Roberto De Zerbi a aussi parl\u00e9 de son avenir et des diff\u00e9rentes sollicitations qu\u2019il a pu avoir notamment celle du Bayern de Munich avant de signer \u00e0 l\u2019OM : <br \/>\u00ab\u00a0Cela semble irrespectueux d\u2019en parler, mais il y avait quelque chose. Avec Milan ? Jamais\u00a0\u00bb <\/p>\n<p>Il a \u00e9galement \u00e9t\u00e9 interrog\u00e9 sur un potentiel retour dans ses terres natales en Italie : <br \/>\u00ab\u00a0Oui, je suis Italien et je suis beaucoup le championnat. Mais je suis aussi bien \u00e0 l\u2019\u00e9tranger\u00ab\u00a0<\/p>\n","protected":false},"excerpt":{"rendered":"Roberto De Zerbi a encore frapp\u00e9 ! Apr\u00e8s une premi\u00e8re saison prometteuse, l\u2019entra\u00eeneur italien de l\u2019Olympique de Marseille&hellip;\n","protected":false},"author":2,"featured_media":450389,"comment_status":"","ping_status":"","sticky":false,"template":"","format":"standard","meta":{"footnotes":""},"categories":[1410],"tags":[11,448,63,1011,27,66,3388,12,60,10662],"class_list":{"0":"post-450388","1":"post","2":"type-post","3":"status-publish","4":"format-standard","5":"has-post-thumbnail","7":"category-football","8":"tag-actualites","9":"tag-champions-league","10":"tag-football","11":"tag-fr","12":"tag-france","13":"tag-ligue-1","14":"tag-matchs","15":"tag-news","16":"tag-sports","17":"tag-transferts"},"share_on_mastodon":{"url":"https:\/\/pubeurope.com\/@fr\/115345073443540456","error":""},"_links":{"self":[{"href":"https:\/\/www.europesays.com\/fr\/wp-json\/wp\/v2\/posts\/450388","targetHints":{"allow":["GET"]}}],"collection":[{"href":"https:\/\/www.europesays.com\/fr\/wp-json\/wp\/v2\/posts"}],"about":[{"href":"https:\/\/www.europesays.com\/fr\/wp-json\/wp\/v2\/types\/post"}],"author":[{"embeddable":true,"href":"https:\/\/www.europesays.com\/fr\/wp-json\/wp\/v2\/users\/2"}],"replies":[{"embeddable":true,"href":"https:\/\/www.europesays.com\/fr\/wp-json\/wp\/v2\/comments?post=450388"}],"version-history":[{"count":0,"href":"https:\/\/www.europesays.com\/fr\/wp-json\/wp\/v2\/posts\/450388\/revisions"}],"wp:featuredmedia":[{"embeddable":true,"href":"https:\/\/www.europesays.com\/fr\/wp-json\/wp\/v2\/media\/450389"}],"wp:attachment":[{"href":"https:\/\/www.europesays.com\/fr\/wp-json\/wp\/v2\/media?parent=450388"}],"wp:term":[{"taxonomy":"category","embeddable":true,"href":"https:\/\/www.europesays.com\/fr\/wp-json\/wp\/v2\/categories?post=450388"},{"taxonomy":"post_tag","embeddable":true,"href":"https:\/\/www.europesays.com\/fr\/wp-json\/wp\/v2\/tags?post=450388"}],"curies":[{"name":"wp","href":"https:\/\/api.w.org\/{rel}","templated":true}]}}