{"id":450390,"date":"2025-10-09T16:08:19","date_gmt":"2025-10-09T16:08:19","guid":{"rendered":"https:\/\/www.europesays.com\/fr\/450390\/"},"modified":"2025-10-09T16:08:19","modified_gmt":"2025-10-09T16:08:19","slug":"kourtney-kardashian-stylee-sans-pantalon-lamour-lui-fait-perdre-la-tete-dans-les-ruelles-de-palm-springs-photos","status":"publish","type":"post","link":"https:\/\/www.europesays.com\/fr\/450390\/","title":{"rendered":"Kourtney Kardashian styl\u00e9e sans pantalon : l\u2019amour lui fait perdre la t\u00eate dans les ruelles de Palm Springs (Photos)"},"content":{"rendered":"<p>Pourquoi s\u2019encombrer d\u2019un pantalon quand un cale\u00e7on suffit ?<br \/>\nC\u2019est l\u2019\u00e9tat d\u2019esprit qu\u2019avait adopt\u00e9 <a href=\"https:\/\/www.closermag.fr\/people\/kourtney-kardashian-revele-avoir-ete-frappee-au-visage-lors-dune-soiree-debridee-de-p-diddy-3547241\" rel=\"nofollow noopener\" target=\"_blank\"><br \/>\nKourtney Kardashian<\/a> ce lundi, lors de sa sortie en ville. La<br \/>\nfemme d\u2019affaires a \u00e9t\u00e9 photographi\u00e9e dans les rues de Palm Springs<br \/>\n(Californie) alors qu\u2019elle faisait le plein de <a href=\"https:\/\/www.closermag.fr\/vecu\/elle-boit-du-matcha-toutes-les-semaines-pendant-six-mois-les-effets-lenvoient-dans-un-lit-dhopital-3579630\" rel=\"nofollow noopener\" target=\"_blank\"><br \/>\nmatcha<\/a> avec son \u00e9poux, <a href=\"https:\/\/www.closermag.fr\/people\/travis-barker-hospitalise-kourtney-kardashian-tres-presente-a-ses-cotes-1604981\" rel=\"nofollow noopener\" target=\"_blank\"><br \/>\nTravis Barker<\/a>.\u00a0<\/p>\n<p>Kourtney Kardashian sans pantalon, elle dit oui au cale\u00e7on<\/p>\n<p>Comme \u00e0 son habitude, le batteur de Blink \u00e9tait v\u00eatu de noir,<br \/>\nlui qui ne se s\u00e9pare que tr\u00e8s rarement de ses pantalons baggy et<br \/>\nses baskets de skateur. Kourtney Kardashian, quant \u00e0 elle, avait<br \/>\nopt\u00e9 pour un look plus estival, \u00e0 savoir une chemise ray\u00e9e<br \/>\noversized et une paire de ballerines. <a href=\"https:\/\/www.closermag.fr\/mode\/cannes-2025-adele-exarchopoulos-sans-pantalon-mais-culottee-elle-succombe-a-cette-tendance-et-ca-en-jette-3546356\" rel=\"nofollow noopener\" target=\"_blank\"><br \/>\nPas de pantalon<\/a>, de jupe ou de short \u00e0 l\u2019horizon, mais on<br \/>\ndevinait <strong>la pr\u00e9sence d\u2019un cale\u00e7on<\/strong> sous sa chemise<br \/>\nentrouverte.\u00a0<\/p>\n<p>Un look qui s\u2019inscrit dans la tendance <a href=\"https:\/\/www.closermag.fr\/people\/hailey-bieber-a-paris-gros-malaise-en-pleine-rue-son-look-no-pants-lui-a-joue-des-tours-video-3583445\" rel=\"nofollow noopener\" target=\"_blank\"><br \/>\nno-pants<\/a>, o\u00f9 <strong>culottes et mini-shorts<\/strong> (qui<br \/>\nressemblent plus \u00e0 des gaines qu\u2019\u00e0 des shorts, soyons honn\u00eates)<br \/>\nfont la loi. Port\u00e9s tant\u00f4t avec des pi\u00e8ces amples, comme l\u2019a\u00een\u00e9e<br \/>\ndes Kardashian et sa maxi chemise &#8211; tant\u00f4t avec des hauts rikiki,<br \/>\nle micro-short\/cale\u00e7on faisait d\u00e9j\u00e0 fureur chez les pin up des<br \/>\nann\u00e9es 50 et 60.\u00a0<\/p>\n<p>Kourtney Kardashian adopte une tendance<br \/>\nadoub\u00e9e dans les ann\u00e9es 50<\/p>\n<blockquote class=\"instagram-media\" style=\"background: #ffffff;border: 0;margin: 1px;width: 100%;padding: 0;max-width: 500px;\" data-instgrm-permalink=\"https:\/\/www.instagram.com\/p\/CEjdmc1BpT0\/\" data-instgrm-version=\"14\"\/>\n<p>Elizabeth Taylor, Ann Margret, Natalie Wood, Marilyn Monroe,<br \/>\nLauren Bacall ou encore <a href=\"https:\/\/www.closermag.fr\/people\/jane-fonda-cette-confession-quelle-a-honte-de-faire-sur-sa-vie-sexuelle-3342081\" rel=\"nofollow noopener\" target=\"_blank\"><br \/>\nJane Fonda<\/a>, elles ont toutes adopt\u00e9 le mini-short dans leurs<br \/>\njeunes ann\u00e9es. Une mode remise au go\u00fbt du jour, comme le confirme<br \/>\nKourtney Kardashian. Si le soleil californien lui permet de d\u00e9nuder<br \/>\nses gambettes sans risquer de prendre froid, on pr\u00e9f\u00e8rera pour<br \/>\nl\u2019automne une <strong>version avec des collants<\/strong>. L&rsquo;art de<br \/>\nd\u00e9voiler sa silhouette tout en restant couverts !<\/p>\n<p>Diaporama<br \/>\n<img decoding=\"async\" class=\"diapo_img img-responsive lazy-load\" loading=\"lazy\" src=\"https:\/\/www.europesays.com\/fr\/wp-content\/uploads\/2025\/10\/bestimage_00727405_000014-1.jpg\"\/><\/p>\n<p>\u00a9 bestimage<\/p>\n<p>1\/6 Kourtney Kardashian\u00a0<\/p>\n<p>Kourtney Kardashian dans les rues de Palm Springs le 6<br \/>\noctobre<\/p>\n<p><img decoding=\"async\" class=\"diapo_img img-responsive lazy-load\" loading=\"lazy\" src=\"https:\/\/www.europesays.com\/fr\/wp-content\/uploads\/2025\/10\/bestimage_00727405_000020.jpg\"\/><\/p>\n<p>bestimage<\/p>\n<p>2\/6 Kourtney Kardashian et son mari Travis<br \/>\nBarker\u00a0<\/p>\n<p>Kourtney Kardashian, de sortie avec son mari Travis Barker, elle<br \/>\nd\u00e9laisse le pantalon<\/p>\n<p><img decoding=\"async\" class=\"diapo_img img-responsive lazy-load\" loading=\"lazy\" src=\"https:\/\/www.europesays.com\/fr\/wp-content\/uploads\/2025\/10\/bestimage_00727405_000001.jpg\"\/><\/p>\n<p>bestimage<\/p>\n<p>3\/6 Kourtney Kardashian<\/p>\n<p>Kourtney Kardashian c\u00e8de \u00e0 la tendance no pants<\/p>\n<p><img decoding=\"async\" class=\"diapo_img img-responsive lazy-load\" loading=\"lazy\" src=\"https:\/\/www.europesays.com\/fr\/wp-content\/uploads\/2025\/10\/bestimage_00727405_000021.jpg\"\/><\/p>\n<p>bestimage<\/p>\n<p>4\/6 Kourtney Kardashian et son mari Travis<br \/>\nBarker<\/p>\n<p>Tandis que Travis Barker avait opt\u00e9 pour un total look noir,<br \/>\nKourtney Kardashian avait choisi une tenue plus estivale<\/p>\n<p><img decoding=\"async\" class=\"diapo_img img-responsive lazy-load\" loading=\"lazy\" src=\"https:\/\/www.europesays.com\/fr\/wp-content\/uploads\/2025\/10\/bestimage_00727405_000013.jpg\"\/><\/p>\n<p>bestimage<\/p>\n<p>5\/6 Kourtney Kardashian\u00a0<\/p>\n<p>Kourtney Kardashian adopte \u00e0 son tour la tendance no pants, \u00e0<br \/>\nsavoir le port d&rsquo;une simple culotte ou d&rsquo;un micro short<\/p>\n<p><img decoding=\"async\" class=\"diapo_img img-responsive lazy-load\" loading=\"lazy\" src=\"https:\/\/www.europesays.com\/fr\/wp-content\/uploads\/2025\/10\/bestimage_00727405_000015.jpg\"\/><\/p>\n<p>bestimage<\/p>\n<p>6\/6 Kourtney Kardashian<\/p>\n<p>Kourtney Kardashian en micro short : une tendance d\u00e9j\u00e0 vue dans<br \/>\nles ann\u00e9es 50\u00a0<\/p>\n<p><script async src=\"\/\/www.instagram.com\/embed.js\"><\/script><\/p>\n","protected":false},"excerpt":{"rendered":"Pourquoi s\u2019encombrer d\u2019un pantalon quand un cale\u00e7on suffit ? C\u2019est l\u2019\u00e9tat d\u2019esprit qu\u2019avait adopt\u00e9 Kourtney Kardashian ce lundi,&hellip;\n","protected":false},"author":2,"featured_media":450391,"comment_status":"","ping_status":"","sticky":false,"template":"","format":"standard","meta":{"footnotes":""},"categories":[1359],"tags":[58,59,1011,27,1638,57630,973],"class_list":{"0":"post-450390","1":"post","2":"type-post","3":"status-publish","4":"format-standard","5":"has-post-thumbnail","7":"category-people","8":"tag-divertissement","9":"tag-entertainment","10":"tag-fr","11":"tag-france","12":"tag-has_diapo","13":"tag-kourtney-kardashian","14":"tag-people"},"share_on_mastodon":{"url":"https:\/\/pubeurope.com\/@fr\/115345078204732901","error":""},"_links":{"self":[{"href":"https:\/\/www.europesays.com\/fr\/wp-json\/wp\/v2\/posts\/450390","targetHints":{"allow":["GET"]}}],"collection":[{"href":"https:\/\/www.europesays.com\/fr\/wp-json\/wp\/v2\/posts"}],"about":[{"href":"https:\/\/www.europesays.com\/fr\/wp-json\/wp\/v2\/types\/post"}],"author":[{"embeddable":true,"href":"https:\/\/www.europesays.com\/fr\/wp-json\/wp\/v2\/users\/2"}],"replies":[{"embeddable":true,"href":"https:\/\/www.europesays.com\/fr\/wp-json\/wp\/v2\/comments?post=450390"}],"version-history":[{"count":0,"href":"https:\/\/www.europesays.com\/fr\/wp-json\/wp\/v2\/posts\/450390\/revisions"}],"wp:featuredmedia":[{"embeddable":true,"href":"https:\/\/www.europesays.com\/fr\/wp-json\/wp\/v2\/media\/450391"}],"wp:attachment":[{"href":"https:\/\/www.europesays.com\/fr\/wp-json\/wp\/v2\/media?parent=450390"}],"wp:term":[{"taxonomy":"category","embeddable":true,"href":"https:\/\/www.europesays.com\/fr\/wp-json\/wp\/v2\/categories?post=450390"},{"taxonomy":"post_tag","embeddable":true,"href":"https:\/\/www.europesays.com\/fr\/wp-json\/wp\/v2\/tags?post=450390"}],"curies":[{"name":"wp","href":"https:\/\/api.w.org\/{rel}","templated":true}]}}