{"id":450392,"date":"2025-10-09T16:09:11","date_gmt":"2025-10-09T16:09:11","guid":{"rendered":"https:\/\/www.europesays.com\/fr\/450392\/"},"modified":"2025-10-09T16:09:11","modified_gmt":"2025-10-09T16:09:11","slug":"jai-passe-20-ans-a-ne-rien-montrer-de-mon-travail-ca-y-est-je-suis-pret-decouvrez-le-travail-de-flavien-couche-lun-des-quatre-vingt-dix-artistes-qui-ouvre-son-atelier-pou","status":"publish","type":"post","link":"https:\/\/www.europesays.com\/fr\/450392\/","title":{"rendered":"\u00ab\u00a0J\u2019ai pass\u00e9 20 ans \u00e0 ne rien montrer de mon travail, \u00e7a y est, je suis pr\u00eat\u00a0\u00bb\u00a0: D\u00e9couvrez le travail de Flavien Couche, l\u2019un des quatre-vingt-dix artistes qui ouvre son atelier pour les JAPO \u00e0 S\u00e8te"},"content":{"rendered":"<p>\n                                                                Dans le cadre des journ\u00e9es ateliers portes ouvertes (JAPO) qui ont lieu les 11 et 12\u00a0octobre \u00e0 S\u00e8te, Midi Libre est parti \u00e0 la rencontre de Flavien Couche, un artiste peintre qui a red\u00e9couvert le go\u00fbt de l\u2019exposition en s\u2019installant sur l\u2019\u00cele singuli\u00e8re.\n                            <\/p>\n<p>Un grand canap\u00e9, de jolies chaises jaunes et un chevalet avec une toile pos\u00e9e dessus, au milieu d\u2019un salon. Une pi\u00e8ce de vie qui ne cache aucun myst\u00e8re. Et pourtant, en s\u2019attardant sur les d\u00e9tails\u00a0: une palette, des pinceaux, des chiffons parsem\u00e9s de petites taches de peinture. Des toiles accroch\u00e9es de-ci de-l\u00e0, encadr\u00e9es et pos\u00e9es sur des bureaux et m\u00eame imprim\u00e9es sur des coussins. Aucun doute, il s\u2019agit d\u2019un atelier d\u2019artiste. Celui de Flavien Couche et il sera ouvert au public de S\u00e8te les 11 et 12\u00a0octobre.<\/p>\n<p>Quinze ans de salariat avant de vivre de sa peinture<\/p>\n<p>N\u00e9 \u00e0 Paris, ce peintre a commenc\u00e9 par le dessin. Fascin\u00e9 de bandes dessin\u00e9es, il voulait en faire son m\u00e9tier. Mais il s\u2019est vite rendu compte qu\u2019il n\u2019\u00e9tait \u00ab\u00a0pas bon\u00a0\u00bb. Apr\u00e8s une exposition r\u00e9trospective du fauvisme, au Grand Palais en 1999, il comprend la conception des couleurs et se consacre \u00e0 la peinture. Il s\u2019inscrit aux ateliers des Beaux-arts de Paris et fait une licence d\u2019arts plastiques. Il se perfectionne. Mais vivre de sa peinture c\u2019est compliqu\u00e9\u00a0: \u00ab\u00a0Pendant 15 ans j\u2019ai travaill\u00e9 dans une solderie de livre, tout en cr\u00e9ant des toiles, \u00e9videmment \u00e0 moins grande \u00e9chelle qu\u2019aujourd\u2019hui. Puis la bo\u00eete a coul\u00e9, et je me suis dit que c\u2019\u00e9tait le moment de tenter la peinture \u00e0 plein temps.\u00a0\u00bb<\/p>\n<p>Avant son arriv\u00e9e \u00e0 S\u00e8te, il y a un peu plus d\u2019un an, Flavien Couche n\u2019\u00e9tait pas du genre \u00e0 pr\u00e9senter ses \u0153uvres dans des expositions. Pour vivre, ou plut\u00f4t \u00ab\u00a0survivre\u00a0\u00bb, comme il le dit, il vendait ses tableaux uniquement sur internet. \u00ab\u00a0Je me suis cr\u00e9\u00e9 un site en essayant de mettre des prix accessibles. Ma boutique s\u2019appelle art attractif et aujourd\u2019hui j\u2019ai vendu plus de 350 toiles comme \u00e7a. Je me suis fait une client\u00e8le et je trouve \u00e7a vraiment magique que les gens ach\u00e8tent des tableaux qu\u2019ils ne voient pas.\u00a0\u00bb\u00a0Mais la belle \u00cele singuli\u00e8re a r\u00e9ussi a \u00e9veill\u00e9 son envie d\u2019exposition et de partage\u00a0: \u00ab\u00a0J\u2019ai rencontr\u00e9 des artistes super ici.\u00a0J\u2019ai pass\u00e9 20 ans \u00e0 ne rien montrer de mon travail. Mais maintenant \u00e7a y est, je suis pr\u00eat\u00a0\u00bb, confie Flavien.<\/p>\n<p>Des \u0153uvres pour perdre ses spectateurs<\/p>\n<p>Des visages sans regards, des m\u00e9langes de formes plus ou moins g\u00e9om\u00e9triques et surtout de la couleur. Les tableaux de Flavien Couche interrogent et laissent libre cours \u00e0 toutes les interpr\u00e9tations. \u00ab\u00a0J\u2019aime jouer avec la r\u00e9ception du spectateur. Le perdre un petit peu. Et moi-m\u00eame j\u2019ai besoin de me perdre dans mon travail. Je ne comprends absolument pas ce que je fais, je me fais guider par ma main et c\u2019est l\u2019inconscience de tout \u00e7a qui rend le tout super\u00a0\u00bb, raconte l\u2019artiste. Flavien Couche appr\u00e9cie d\u00e9sormais les \u00e9changes et analyses \u00e0 propos de ces \u0153uvres, surtout parce que celles-ci peuvent lui apporter un nouveau regard sur ses toiles. \u00ab\u00a0J\u2019ai presque une petite analyse sur moi-m\u00eame, \u00e0 moindre frais\u00a0\u00bb\u00a0explique-t-il en riant.<\/p>\n<p>    Plus de soixante ateliers ouverts<\/p>\n<p>Flavien Couche n\u2019est \u00e9videmment pas le seul artiste \u00e0 ouvrir les portes de son antre. Une soixantaine de lieux participent aux JAPO \u00e0 S\u00e8te, avec quelque quatre-vingt-dix artistes qui pr\u00e9senteront leur travail. Il est possible de retrouver des noms tels que Nicole Barondeau dans la verrerie, Andrea Vaggione dans la sculpture et les bijoux, ou encore\u00a0Monique Biron dans la c\u00e9ramique et bien d\u2019autres.<\/p>\n<p>Les ateliers seront tous ouverts de 10\u00a0h \u00e0 18\u00a0h les 11 et 12\u00a0octobre. Pour plus d\u2019informations, rendez-vous sur le parvis des Halles, les deux jours, de 10\u00a0h \u00e0 14\u00a0h ou au 04\u00a099\u00a004\u00a076\u00a000.<\/p>\n<p>Depuis quelques mois l\u2019artiste travaille sur une s\u00e9rie qu\u2019il a appel\u00e9e Les divagations, une suite d\u2019une dizaine de tableaux qui n\u2019est amen\u00e9e qu\u2019\u00e0 grandir. Depuis qu\u2019il se professionnalise, les s\u00e9ries sont devenues un terrain de jeu fabuleux que Flavien Couche qualifie m\u00eame \u00ab\u00a0d\u2019aventure\u00a0\u00bb tant il ne sait pas o\u00f9 ses tableaux vont le mener. Une partie de cette s\u00e9rie, ainsi que bien d\u2019autres de ses tableaux seront visibles sur les Journ\u00e9es ateliers portes ouvertures, ce samedi\u00a011 et dimanche 12\u00a0octobre de 10\u00a0h \u00e0 18\u00a0h. Rendez-vous chez lui, pour rencontrer son univers, son salon, sa loggia et son chat, qui font partie de ses instants de cr\u00e9ation, au 25 rue Lacan \u00e0 S\u00e8te.<\/p>\n","protected":false},"excerpt":{"rendered":"Dans le cadre des journ\u00e9es ateliers portes ouvertes (JAPO) qui ont lieu les 11 et 12\u00a0octobre \u00e0 S\u00e8te,&hellip;\n","protected":false},"author":2,"featured_media":450393,"comment_status":"","ping_status":"","sticky":false,"template":"","format":"standard","meta":{"footnotes":""},"categories":[1358],"tags":[1348,1384,1385,1386,58,59,1011,27],"class_list":{"0":"post-450392","1":"post","2":"type-post","3":"status-publish","4":"format-standard","5":"has-post-thumbnail","7":"category-arts-et-design","8":"tag-arts","9":"tag-arts-and-design","10":"tag-arts-et-design","11":"tag-design","12":"tag-divertissement","13":"tag-entertainment","14":"tag-fr","15":"tag-france"},"share_on_mastodon":{"url":"https:\/\/pubeurope.com\/@fr\/115345081251672159","error":""},"_links":{"self":[{"href":"https:\/\/www.europesays.com\/fr\/wp-json\/wp\/v2\/posts\/450392","targetHints":{"allow":["GET"]}}],"collection":[{"href":"https:\/\/www.europesays.com\/fr\/wp-json\/wp\/v2\/posts"}],"about":[{"href":"https:\/\/www.europesays.com\/fr\/wp-json\/wp\/v2\/types\/post"}],"author":[{"embeddable":true,"href":"https:\/\/www.europesays.com\/fr\/wp-json\/wp\/v2\/users\/2"}],"replies":[{"embeddable":true,"href":"https:\/\/www.europesays.com\/fr\/wp-json\/wp\/v2\/comments?post=450392"}],"version-history":[{"count":0,"href":"https:\/\/www.europesays.com\/fr\/wp-json\/wp\/v2\/posts\/450392\/revisions"}],"wp:featuredmedia":[{"embeddable":true,"href":"https:\/\/www.europesays.com\/fr\/wp-json\/wp\/v2\/media\/450393"}],"wp:attachment":[{"href":"https:\/\/www.europesays.com\/fr\/wp-json\/wp\/v2\/media?parent=450392"}],"wp:term":[{"taxonomy":"category","embeddable":true,"href":"https:\/\/www.europesays.com\/fr\/wp-json\/wp\/v2\/categories?post=450392"},{"taxonomy":"post_tag","embeddable":true,"href":"https:\/\/www.europesays.com\/fr\/wp-json\/wp\/v2\/tags?post=450392"}],"curies":[{"name":"wp","href":"https:\/\/api.w.org\/{rel}","templated":true}]}}