{"id":450396,"date":"2025-10-09T16:11:15","date_gmt":"2025-10-09T16:11:15","guid":{"rendered":"https:\/\/www.europesays.com\/fr\/450396\/"},"modified":"2025-10-09T16:11:15","modified_gmt":"2025-10-09T16:11:15","slug":"avant-premiere-jlc-family-seule-saison-08-episode-16-du-10-octobre-2025-jlc-family","status":"publish","type":"post","link":"https:\/\/www.europesays.com\/fr\/450396\/","title":{"rendered":"Avant-premi\u00e8re &#8211; JLC Family : Seule &#8211; Saison 08 Episode 16 du 10 octobre 2025 &#8211; JLC Family"},"content":{"rendered":"<p id=\"descriptionPanel\" class=\"text-secondary mr-2 line-clamp-2 pr-2.5 overflow-visible\">Pour ce dernier jour de tournage, Jazz et Laurent profitent d&rsquo;un moment \u00e0 deux pour aller prendre un brunch en amoureux. L&rsquo;occasion pour eux de faire le point sur la rentr\u00e9e des enfants. En m\u00eame temps, Jazz annonce qu&rsquo;elle a fait venir une \u00e9nerg\u00e9ticienne \u00e0 la maison pour ramener du positif dans leur vie. En effet, elle a d\u00fb enlever sa bague, car elle a fait une allergie \u00e0 cette bague apr\u00e8s 8 ans et Laurent a perdu son compte Instagram. Jazz annonce aussi qu&rsquo;elle se pr\u00e9pare pour la saison 09 et elle va d\u00e9couvrir aussi la photo officielle de la saison 08. En attendant, elle profite de ce temps pour profiter du lagoon seul et de t\u00e9l\u00e9phoner \u00e0 Emine. Apr\u00e8s avoir r\u00e9cup\u00e9r\u00e9 Cayden, la famille fait un debrief de cette rentr\u00e9e autour d&rsquo;un go\u00fbter. JLC Family : Seule Saison 08 Episode 16<br \/>En savoir plus sur <a class=\"text-white hover:text-blue-500\" href=\"https:\/\/www.tf1.fr\/dossier\/jazz-lcvb-2\" target=\"_blank\" rel=\"noopener\">Jazz Correia<\/a> ou <a class=\"text-white hover:text-blue-500\" href=\"https:\/\/www.tf1.fr\/dossier\/justine-pepos-01066412\" target=\"_blank\" rel=\"noopener\">Justine Pepos<\/a><\/p>\n<p>Afficher la version longue du r\u00e9sum\u00e9<a class=\"shrink-0\" href=\"https:\/\/www.tf1.fr\/tfx\/jlc-family-lincroyable-ete-de-jazz-et-laurent\" target=\"_blank\" rel=\"noopener\"><img decoding=\"async\" src=\"https:\/\/www.europesays.com\/fr\/wp-content\/uploads\/2025\/09\/program-card-portrait-1-jlc-family-seule-480f5c-52e2e6-0@1x.jpg\" width=\"138\" height=\"184\" alt=\"\" loading=\"eager\" fetchpriority=\"auto\" class=\"rounded-3px aspect-[3\/4] h-24 w-auto\" aria-hidden=\"true\"\/><\/a><img alt=\"Sous-Titrage T\u00e9l\u00e9texte\" loading=\"lazy\" width=\"27\" height=\"20\" decoding=\"async\" data-nimg=\"1\" style=\"color:transparent\" src=\"https:\/\/www.tf1.fr\/public\/_next\/static\/media\/sme.b8f879c0.svg\"\/><\/p>\n<p>46m<\/p>\n<p>10 oct. 2025 \u00e0 16:16<\/p>\n","protected":false},"excerpt":{"rendered":"Pour ce dernier jour de tournage, Jazz et Laurent profitent d&rsquo;un moment \u00e0 deux pour aller prendre un&hellip;\n","protected":false},"author":2,"featured_media":446178,"comment_status":"","ping_status":"","sticky":false,"template":"","format":"standard","meta":{"footnotes":""},"categories":[1356],"tags":[58,59,1365,12264,52013,43632,1011,27,12266,12265,52014,52019,52023,52012,52020,52024,52017,52016,52021,52022,12268,52018,252,1364,12267,52015],"class_list":{"0":"post-450396","1":"post","2":"type-post","3":"status-publish","4":"format-standard","5":"has-post-thumbnail","7":"category-television","8":"tag-divertissement","9":"tag-entertainment","10":"tag-episode","11":"tag-episode-jlc-family","12":"tag-episode-jlc-family-tfx","13":"tag-episode-tfx","14":"tag-fr","15":"tag-france","16":"tag-jlc-family","17":"tag-jlc-family-episode","18":"tag-jlc-family-episode-tfx","19":"tag-jlc-family-streaming","20":"tag-jlc-family-streaming-gratuit","21":"tag-jlc-family-tfx","22":"tag-jlc-family-tfx-streaming","23":"tag-jlc-family-tfx-streaming-gratuit","24":"tag-jlc-family-tfx-video","25":"tag-jlc-family-video","26":"tag-streaming-gratuit-jlc-family","27":"tag-streaming-gratuit-jlc-family-tfx","28":"tag-streaming-jlc-family","29":"tag-streaming-jlc-family-tfx","30":"tag-television","31":"tag-tv","32":"tag-video-jlc-family","33":"tag-video-jlc-family-tfx"},"share_on_mastodon":{"url":"","error":"Validation failed: Text character limit of 500 exceeded"},"_links":{"self":[{"href":"https:\/\/www.europesays.com\/fr\/wp-json\/wp\/v2\/posts\/450396","targetHints":{"allow":["GET"]}}],"collection":[{"href":"https:\/\/www.europesays.com\/fr\/wp-json\/wp\/v2\/posts"}],"about":[{"href":"https:\/\/www.europesays.com\/fr\/wp-json\/wp\/v2\/types\/post"}],"author":[{"embeddable":true,"href":"https:\/\/www.europesays.com\/fr\/wp-json\/wp\/v2\/users\/2"}],"replies":[{"embeddable":true,"href":"https:\/\/www.europesays.com\/fr\/wp-json\/wp\/v2\/comments?post=450396"}],"version-history":[{"count":0,"href":"https:\/\/www.europesays.com\/fr\/wp-json\/wp\/v2\/posts\/450396\/revisions"}],"wp:featuredmedia":[{"embeddable":true,"href":"https:\/\/www.europesays.com\/fr\/wp-json\/wp\/v2\/media\/446178"}],"wp:attachment":[{"href":"https:\/\/www.europesays.com\/fr\/wp-json\/wp\/v2\/media?parent=450396"}],"wp:term":[{"taxonomy":"category","embeddable":true,"href":"https:\/\/www.europesays.com\/fr\/wp-json\/wp\/v2\/categories?post=450396"},{"taxonomy":"post_tag","embeddable":true,"href":"https:\/\/www.europesays.com\/fr\/wp-json\/wp\/v2\/tags?post=450396"}],"curies":[{"name":"wp","href":"https:\/\/api.w.org\/{rel}","templated":true}]}}