{"id":450399,"date":"2025-10-09T16:13:10","date_gmt":"2025-10-09T16:13:10","guid":{"rendered":"https:\/\/www.europesays.com\/fr\/450399\/"},"modified":"2025-10-09T16:13:10","modified_gmt":"2025-10-09T16:13:10","slug":"les-images-exclusives-de-sa-metamorphose-sur-le-tournage-dharry-potter","status":"publish","type":"post","link":"https:\/\/www.europesays.com\/fr\/450399\/","title":{"rendered":"les images exclusives de sa m\u00e9tamorphose sur le tournage d&rsquo;Harry Potter"},"content":{"rendered":"<p>Les pieds enfonc\u00e9s dans l\u2019herbe verte de\u00a0Cornouailles, les narines chatouill\u00e9es par les embruns et la chevelure malmen\u00e9e par la brise\u2026 Tel est le quotidien d\u2019une \u00e9quipe r\u00e9duite de tournage, install\u00e9e depuis quelques jours sur le rivage du comt\u00e9 britannique. Entre les techniciens, r\u00e9gisseurs et preneurs de son, trois acteurs v\u00eatus de nippes vieillies se sont donn\u00e9 la r\u00e9plique. Choisis pour int\u00e9grer le casting de cette tant attendue <a href=\"https:\/\/www.parismatch.com\/culture\/medias\/une-photo-du-nouvel-harry-potter-devoilee-254294\" target=\"_blank\" rel=\"nofollow noopener\">s\u00e9rie Harry Potter<\/a>, les deux com\u00e9diens John Lithgow et Marthe Keller ont fait la connaissance de leur nouveau partenaire \u00e0 l\u2019\u00e9cran, le fran\u00e7ais <a href=\"https:\/\/www.parismatch.com\/bio\/lambert-wilson\" target=\"_blank\" rel=\"nofollow noopener\">Lambert Wilson<\/a>.<\/p>\n<p>Cachottier parmi les cachottiers, l\u2019acteur de 67\u00a0ans s\u2019est bien gard\u00e9 de d\u00e9voiler sa participation \u00e0 la s\u00e9rie. Des photos du tournage, captur\u00e9es ce mercredi 8\u00a0octobre, ont permis d\u2019\u00e9tablir sa pr\u00e9sence dans un r\u00f4le loin d\u2019\u00eatre secondaire. Avec sa longue chevelure blanche et sa barbe assortie, Lambert Wilson s\u2019est gliss\u00e9 dans la peau de Nicolas Flamel, l\u2019inventeur de la pierre philosophale.<\/p>\n<p>    La suite apr\u00e8s cette publicit\u00e9<\/p>\n<p>Lambert Wilson, en couple \u00e0 l\u2019\u00e9cran<\/p>\n<p>Pour incarner sa compagne dans la s\u00e9rie, la Suissesse Marthe Keller ( \u00ab\u00a0Marathon Man\u00a0\u00bb,\u00a0 \u00ab\u00a0Les yeux noirs \u00bb&#8230;) a \u00e9t\u00e9 s\u00e9lectionn\u00e9e. Malgr\u00e9 la stricte discr\u00e9tion de la production, la rumeur de leur pr\u00e9sence sur la c\u00f4te s\u2019est r\u00e9pandue comme une tra\u00een\u00e9e de poudre. Rapidement, une foule de spectateurs non sollicit\u00e9e a tent\u00e9 de s\u2019incruster sur le\u00a0tournage, un bel indice de la popularit\u00e9 de cette s\u00e9rie attendue pour 2027.<\/p>\n","protected":false},"excerpt":{"rendered":"Les pieds enfonc\u00e9s dans l\u2019herbe verte de\u00a0Cornouailles, les narines chatouill\u00e9es par les embruns et la chevelure malmen\u00e9e par&hellip;\n","protected":false},"author":2,"featured_media":450400,"comment_status":"","ping_status":"","sticky":false,"template":"","format":"standard","meta":{"footnotes":""},"categories":[1354],"tags":[58,59,1346,1011,27,1360],"class_list":{"0":"post-450399","1":"post","2":"type-post","3":"status-publish","4":"format-standard","5":"has-post-thumbnail","7":"category-films","8":"tag-divertissement","9":"tag-entertainment","10":"tag-films","11":"tag-fr","12":"tag-france","13":"tag-movies"},"share_on_mastodon":{"url":"https:\/\/pubeurope.com\/@fr\/115345097634699503","error":""},"_links":{"self":[{"href":"https:\/\/www.europesays.com\/fr\/wp-json\/wp\/v2\/posts\/450399","targetHints":{"allow":["GET"]}}],"collection":[{"href":"https:\/\/www.europesays.com\/fr\/wp-json\/wp\/v2\/posts"}],"about":[{"href":"https:\/\/www.europesays.com\/fr\/wp-json\/wp\/v2\/types\/post"}],"author":[{"embeddable":true,"href":"https:\/\/www.europesays.com\/fr\/wp-json\/wp\/v2\/users\/2"}],"replies":[{"embeddable":true,"href":"https:\/\/www.europesays.com\/fr\/wp-json\/wp\/v2\/comments?post=450399"}],"version-history":[{"count":0,"href":"https:\/\/www.europesays.com\/fr\/wp-json\/wp\/v2\/posts\/450399\/revisions"}],"wp:featuredmedia":[{"embeddable":true,"href":"https:\/\/www.europesays.com\/fr\/wp-json\/wp\/v2\/media\/450400"}],"wp:attachment":[{"href":"https:\/\/www.europesays.com\/fr\/wp-json\/wp\/v2\/media?parent=450399"}],"wp:term":[{"taxonomy":"category","embeddable":true,"href":"https:\/\/www.europesays.com\/fr\/wp-json\/wp\/v2\/categories?post=450399"},{"taxonomy":"post_tag","embeddable":true,"href":"https:\/\/www.europesays.com\/fr\/wp-json\/wp\/v2\/tags?post=450399"}],"curies":[{"name":"wp","href":"https:\/\/api.w.org\/{rel}","templated":true}]}}