{"id":450401,"date":"2025-10-09T16:14:23","date_gmt":"2025-10-09T16:14:23","guid":{"rendered":"https:\/\/www.europesays.com\/fr\/450401\/"},"modified":"2025-10-09T16:14:23","modified_gmt":"2025-10-09T16:14:23","slug":"sante-si-vous-dormez-mal-votre-cerveau-va-vieillir-plus-rapidement","status":"publish","type":"post","link":"https:\/\/www.europesays.com\/fr\/450401\/","title":{"rendered":"Sant\u00e9. Si vous dormez mal, votre cerveau va vieillir plus rapidement"},"content":{"rendered":"<p>M\u00e9moire, apprentissage, m\u00e9tabolisme, immunit\u00e9\u2026 Il est parfaitement \u00e9tabli que la qualit\u00e9 de notre sommeil joue un r\u00f4le primordial sur de nombreux aspects de notre sant\u00e9.<\/p>\n<p>Si l\u2019on sait d\u00e9j\u00e0 qu\u2019un mauvais sommeil est li\u00e9 \u00e0 un risque de maladie d\u2019Alzheimer, on ignorait jusque-l\u00e0 si de mauvaises habitudes de sommeil contribuent au d\u00e9veloppement de la d\u00e9mence ou s&rsquo;il s&rsquo;agit plut\u00f4t de sympt\u00f4mes pr\u00e9coces de la maladie.\u00a0<\/p>\n<p>Dans une \u00e9tude publi\u00e9e dans eBioMedicine, des chercheurs de l\u2019Institut Karolinska en Su\u00e8de ont &#8211; gr\u00e2ce \u00e0 l&rsquo;imagerie par r\u00e9sonance magn\u00e9tique (IRM) &#8211; analys\u00e9 les cerveaux de 27 500 personnes d&rsquo;\u00e2ge moyen. En utilisant l&rsquo;intelligence artificielle, les chercheurs ont pu estimer l&rsquo;\u00e2ge biologique du cerveau de chaque participant.<\/p>\n<p>En parall\u00e8le, ils ont \u00e9valu\u00e9 leur qualit\u00e9 du sommeil selon cinq crit\u00e8res : le chronotype (\u00eatre du matin ou du soir), la dur\u00e9e du sommeil, l&rsquo;insomnie, le ronflement et la somnolence diurne. Les participants ont \u00e9t\u00e9 class\u00e9s en trois groupes : sommeil sain, interm\u00e9diaire ou m\u00e9diocre.<\/p>\n<p>R\u00e9sultat\u00a0: les mauvais dormeurs pr\u00e9sentaient un cerveau en moyenne un an plus vieux que leur \u00e2ge r\u00e9el.<\/p>\n<p>Comment expliquer ce vieillissement acc\u00e9l\u00e9r\u00e9 ?<\/p>\n<p>Les chercheurs ont d\u00e9couvert qu&rsquo;une inflammation chronique de faible intensit\u00e9 dans le corps pourrait \u00eatre responsable d&rsquo;environ 10 % de ce ph\u00e9nom\u00e8ne.<\/p>\n<p>D&rsquo;autres m\u00e9canismes sont \u00e9galement suspect\u00e9s, comme une perturbation du syst\u00e8me d&rsquo;\u00e9limination des d\u00e9chets c\u00e9r\u00e9braux (particuli\u00e8rement actif pendant le sommeil) ou le fait qu&rsquo;un mauvais sommeil affecte la sant\u00e9 cardiovasculaire, ce qui peut \u00e0 son tour avoir un impact n\u00e9gatif sur le cerveau.<\/p>\n<p>Comment am\u00e9liorer son sommeil\u00a0?<\/p>\n<p>Pour faciliter un sommeil de qualit\u00e9, il est conseill\u00e9 de\u00a0:\u00a0<\/p>\n<ul>\n<li>maintenir des horaires de coucher et de lever r\u00e9guliers\u00a0;<\/li>\n<li>cr\u00e9er un environnement propice au sommeil (chambre sombre, fra\u00eeche et calme)\u00a0;<\/li>\n<li>limiter l&rsquo;exposition aux \u00e9crans avant le coucher\u00a0;<\/li>\n<li>\u00e9viter la caf\u00e9ine en fin de journ\u00e9e\u00a0;<\/li>\n<li>pratiquer une activit\u00e9 physique r\u00e9guli\u00e8re, mais pas trop pr\u00e8s du coucher.<\/li>\n<\/ul>\n<p>\u00a0<\/p>\n<p class=\"note\">Source\u00a0: https:\/\/pubmed.ncbi.nlm.nih.gov\/41033940\/<\/p>\n","protected":false},"excerpt":{"rendered":"M\u00e9moire, apprentissage, m\u00e9tabolisme, immunit\u00e9\u2026 Il est parfaitement \u00e9tabli que la qualit\u00e9 de notre sommeil joue un r\u00f4le primordial&hellip;\n","protected":false},"author":2,"featured_media":450402,"comment_status":"","ping_status":"","sticky":false,"template":"","format":"standard","meta":{"footnotes":""},"categories":[10],"tags":[107,1011,27,72,1031,5362,71],"class_list":{"0":"post-450401","1":"post","2":"type-post","3":"status-publish","4":"format-standard","5":"has-post-thumbnail","7":"category-sante","8":"tag-fil-info","9":"tag-fr","10":"tag-france","11":"tag-health","12":"tag-magazine","13":"tag-magazine-sante","14":"tag-sante"},"share_on_mastodon":{"url":"https:\/\/pubeurope.com\/@fr\/115345101044325870","error":""},"_links":{"self":[{"href":"https:\/\/www.europesays.com\/fr\/wp-json\/wp\/v2\/posts\/450401","targetHints":{"allow":["GET"]}}],"collection":[{"href":"https:\/\/www.europesays.com\/fr\/wp-json\/wp\/v2\/posts"}],"about":[{"href":"https:\/\/www.europesays.com\/fr\/wp-json\/wp\/v2\/types\/post"}],"author":[{"embeddable":true,"href":"https:\/\/www.europesays.com\/fr\/wp-json\/wp\/v2\/users\/2"}],"replies":[{"embeddable":true,"href":"https:\/\/www.europesays.com\/fr\/wp-json\/wp\/v2\/comments?post=450401"}],"version-history":[{"count":0,"href":"https:\/\/www.europesays.com\/fr\/wp-json\/wp\/v2\/posts\/450401\/revisions"}],"wp:featuredmedia":[{"embeddable":true,"href":"https:\/\/www.europesays.com\/fr\/wp-json\/wp\/v2\/media\/450402"}],"wp:attachment":[{"href":"https:\/\/www.europesays.com\/fr\/wp-json\/wp\/v2\/media?parent=450401"}],"wp:term":[{"taxonomy":"category","embeddable":true,"href":"https:\/\/www.europesays.com\/fr\/wp-json\/wp\/v2\/categories?post=450401"},{"taxonomy":"post_tag","embeddable":true,"href":"https:\/\/www.europesays.com\/fr\/wp-json\/wp\/v2\/tags?post=450401"}],"curies":[{"name":"wp","href":"https:\/\/api.w.org\/{rel}","templated":true}]}}