{"id":450417,"date":"2025-10-09T16:22:12","date_gmt":"2025-10-09T16:22:12","guid":{"rendered":"https:\/\/www.europesays.com\/fr\/450417\/"},"modified":"2025-10-09T16:22:12","modified_gmt":"2025-10-09T16:22:12","slug":"loire-encore-un-dealer-arrete-sur-un-point-de-deal-recemment-demantele-a-firminy","status":"publish","type":"post","link":"https:\/\/www.europesays.com\/fr\/450417\/","title":{"rendered":"Loire. Encore un dealer arr\u00eat\u00e9 sur un point de deal r\u00e9cemment d\u00e9mantel\u00e9 \u00e0 Firminy"},"content":{"rendered":"<p>Mardi 7 octobre en fin de journ\u00e9e, des patrouilles de police sont en faction place du Mail, \u00e0 Firminy. Un point de deal y a \u00e9t\u00e9 d\u00e9mantel\u00e9 r\u00e9cemment mais les policiers savent que la nature a horreur du vide, et que des vendeurs reviennent <a href=\"https:\/\/www.leprogres.fr\/faits-divers-justice\/2025\/09\/19\/un-point-de-deal-historique-de-la-vallee-de-l-ondaine-enfin-demantele\" target=\"_blank\" rel=\"noopener\">peu de temps apr\u00e8s pour reprendre le march\u00e9<\/a>.<\/p>\n<p>C\u2019\u00e9tait sans doute ce que voulait faire ce jeune homme de 20 ans, que les fonctionnaires ont vu en train de d\u00e9marcher d\u2019\u00e9ventuels consommateurs.<\/p>\n<p>  Haschich et coca\u00efne dans les poches<\/p>\n<p>Interpell\u00e9, il avait sur lui 32 morceaux de haschich conditionn\u00e9s dans de petits sachets, le tout pesant environ 160 grammes. Il \u00e9tait \u00e9galement porteur de 7 grammes de coca\u00efne et de 180\u00a0euros en liquide.<\/p>\n<p>Ramen\u00e9 au commissariat et plac\u00e9 en garde \u00e0 vue, il est ressorti libre le lendemain avec une convocation devant le tribunal. Les produits et l\u2019argent ont naturellement \u00e9t\u00e9 saisis.<\/p>\n","protected":false},"excerpt":{"rendered":"Mardi 7 octobre en fin de journ\u00e9e, des patrouilles de police sont en faction place du Mail, \u00e0&hellip;\n","protected":false},"author":2,"featured_media":450418,"comment_status":"","ping_status":"","sticky":false,"template":"","format":"standard","meta":{"footnotes":""},"categories":[9653],"tags":[1111,11,2430,271,272,7539,1777,674,274,10282,10283,1011,27,3367,12,25,4001],"class_list":{"0":"post-450417","1":"post","2":"type-post","3":"status-publish","4":"format-standard","5":"has-post-thumbnail","7":"category-saint-etienne","8":"tag-actu","9":"tag-actualites","10":"tag-auvergne-rhone-alpes","11":"tag-crime","12":"tag-delit-et-contravention","13":"tag-edition-loire-sud","14":"tag-eu","15":"tag-europe","16":"tag-faits-divers-justice","17":"tag-firminy","18":"tag-firminy-ville","19":"tag-fr","20":"tag-france","21":"tag-loire","22":"tag-news","23":"tag-republique-francaise","24":"tag-saint-etienne"},"share_on_mastodon":{"url":"https:\/\/pubeurope.com\/@fr\/115345132635888955","error":""},"_links":{"self":[{"href":"https:\/\/www.europesays.com\/fr\/wp-json\/wp\/v2\/posts\/450417","targetHints":{"allow":["GET"]}}],"collection":[{"href":"https:\/\/www.europesays.com\/fr\/wp-json\/wp\/v2\/posts"}],"about":[{"href":"https:\/\/www.europesays.com\/fr\/wp-json\/wp\/v2\/types\/post"}],"author":[{"embeddable":true,"href":"https:\/\/www.europesays.com\/fr\/wp-json\/wp\/v2\/users\/2"}],"replies":[{"embeddable":true,"href":"https:\/\/www.europesays.com\/fr\/wp-json\/wp\/v2\/comments?post=450417"}],"version-history":[{"count":0,"href":"https:\/\/www.europesays.com\/fr\/wp-json\/wp\/v2\/posts\/450417\/revisions"}],"wp:featuredmedia":[{"embeddable":true,"href":"https:\/\/www.europesays.com\/fr\/wp-json\/wp\/v2\/media\/450418"}],"wp:attachment":[{"href":"https:\/\/www.europesays.com\/fr\/wp-json\/wp\/v2\/media?parent=450417"}],"wp:term":[{"taxonomy":"category","embeddable":true,"href":"https:\/\/www.europesays.com\/fr\/wp-json\/wp\/v2\/categories?post=450417"},{"taxonomy":"post_tag","embeddable":true,"href":"https:\/\/www.europesays.com\/fr\/wp-json\/wp\/v2\/tags?post=450417"}],"curies":[{"name":"wp","href":"https:\/\/api.w.org\/{rel}","templated":true}]}}