{"id":450419,"date":"2025-10-09T16:23:18","date_gmt":"2025-10-09T16:23:18","guid":{"rendered":"https:\/\/www.europesays.com\/fr\/450419\/"},"modified":"2025-10-09T16:23:18","modified_gmt":"2025-10-09T16:23:18","slug":"transfert-rate-diables-rouges-mercato-dhiver-et-coupe-du-monde-lucas-stassin-dit-tout-saint-etienne-a-tout-bloque-meme-larabie-saoudite","status":"publish","type":"post","link":"https:\/\/www.europesays.com\/fr\/450419\/","title":{"rendered":"Transfert rat\u00e9, Diables rouges, mercato d&rsquo;hiver et Coupe du monde, Lucas Stassin dit tout\u00a0: \u00ab\u00a0Saint-\u00c9tienne a tout bloqu\u00e9, m\u00eame l&rsquo;Arabie saoudite\u00a0\u00bb"},"content":{"rendered":"<p class=\"ap-StoryElement ap-StoryElement--mb ap-StoryText\"><b>Car vous \u00e9tiez dragu\u00e9 par plusieurs clubs.<\/b><\/p>\n<p class=\"text-left ap-StoryElement ap-StoryElement--mb ap-StoryText\">Oui. Rennes est venu; il y a eu plusieurs autres clubs int\u00e9ress\u00e9s. Puis, en toute fin de mercato, c&rsquo;\u00e9tait le Paris FC et c&rsquo;est devenu assez concret (NdlR : une offre de 26 millions d&rsquo; \u20ac). Mais les n\u00e9gociations n&rsquo;ont malheureusement pas abouti. L&rsquo;offre a \u00e9t\u00e9 refus\u00e9e parce que les dirigeants de Saint-\u00c9tienne demandaient un tr\u00e8s gros montant \u00e9tant donn\u00e9 qu&rsquo;ils ont les ambitions de remonter tr\u00e8s vite en Ligue 1. Ils voulaient me garder.<\/p>\n<p><img loading=\"lazy\" decoding=\"async\" class=\"w-full lazyload lazyload--opacity object-contain\" style=\"aspect-ratio:150 \/ 100;opacity:1\" alt=\"Apr\u00e8s la saga de son transfert qui ne s'est finalement pas r\u00e9alis\u00e9, Lucas Stassin a retrouv\u00e9 le chemin des filets avec Saint-Etienne en Ligue 2, ce weekend.\" width=\"768\" height=\"512\" fetchpriority=\"auto\" src=\"https:\/\/www.europesays.com\/fr\/wp-content\/uploads\/2025\/04\/1743819792_235_S5VKD3X55FFF3BW6V4SEHXNP7I.png\"  data- data-optimumx=\"1\"\/>Lucas Stassin a d\u00e9j\u00e0 marqu\u00e9 4 buts cette saison. \u00a92025 Icon Sport<\/p>\n<p class=\"ap-StoryElement ap-StoryElement--mb ap-StoryText\"><b>Il n&rsquo;y a pas eu d&rsquo;offre de Turquie ou d&rsquo;Arabie saoudite ensuite ?<\/b><\/p>\n<p class=\"text-left ap-StoryElement ap-StoryElement--mb ap-StoryText\">Si, car le mercato fermait plus tard l\u00e0-bas. Mais le club a continu\u00e9 \u00e0 bloquer le transfert. L&rsquo;Arabie ? Cela aurait pu m&rsquo;int\u00e9resser parce que je ne pense pas que le niveau l\u00e0-bas soit inf\u00e9rieur \u00e0 la Ligue 2. Au contraire, il y a de plus en plus de grands joueurs et c&rsquo;est devenu un championnat avec quelques grosses \u00e9quipes. C&rsquo;\u00e9tait d&rsquo;ailleurs une de celles-l\u00e0 qui me voulait (NdlR : Al-Hilal). Mais \u00e7a a aussi \u00e9t\u00e9 refus\u00e9.<\/p>\n<p><a href=\"https:\/\/www.dhnet.be\/sports\/football\/mercato\/2025\/09\/11\/lucas-stassin-aurait-pu-filer-en-arabie-saoudite-al-hilal-la-approche-LW24K7RDZJAUDMFCH4CEFCBD5I\/\" target=\"_blank\" rel=\"noopener noreferrer\" class=\"ap-StoryInterstitialLink ap-StoryElement ap-StoryElement--mb\">Lucas Stassin aurait pu filer en Arabie saoudite : Al-Hilal l&rsquo;a approch\u00e9 !<\/a><\/p>\n<p class=\"ap-StoryElement ap-StoryElement--mb ap-StoryText\"><b>Ce n&rsquo;\u00e9tait pas difficile de retourner \u00e0 Saint-\u00c9tienne dans ces conditions ?<\/b><\/p>\n<p class=\"ap-StoryElement ap-StoryElement--mb ap-StoryText\">J&rsquo;ai eu la pause de la tr\u00eave internationale pour un peu dig\u00e9rer tout \u00e7a avant. Mais quand je suis revenu \u00e0 Saint-\u00c9tienne, je suis pass\u00e9 \u00e0 autre chose. J&rsquo;ai accept\u00e9. Et, maintenant, je suis \u00e0 fond avec l&rsquo;ASSE et je pense que cela s&rsquo;est vu lors de mes matchs. J&rsquo;ai r\u00e9ussi \u00e0 faire le clic mentalement, m\u00eame si je ne vous cache pas que \u00e7a a \u00e9t\u00e9 dur pour moi. Mais j&rsquo;apprends de tout cela et \u00e7a m&rsquo;aidera pour l&rsquo;avenir.<\/p>\n<p class=\"ap-StoryElement ap-StoryElement--mb ap-StoryText\"><b>Avec ce transfert, vous pensiez aussi aux Diables rouges ?<\/b><\/p>\n<p class=\"ap-StoryElement ap-StoryElement--mb ap-StoryText\">Bien s\u00fbr. J&rsquo;ai des ambitions et j&rsquo;ai des r\u00eaves; donc, mon transfert aurait aussi \u00e9t\u00e9 en pensant \u00e0 l&rsquo;\u00e9quipe nationale.<\/p>\n<p class=\"ap-StoryElement ap-StoryElement--mb ap-StoryText\"><b>C&rsquo;est un frein de jouer en Ligue 2 ?<\/b><\/p>\n<p class=\"ap-StoryElement ap-StoryElement--mb ap-StoryText\">C&rsquo;est plut\u00f4t une question pour le s\u00e9lectionneur. Mais il conna\u00eet la valeur de la Ligue 2 et de Saint-\u00c9tienne. Dans tous les cas, je fais mes matchs; j&rsquo;essaye de me montrer. La Ligue 2, ce n&rsquo;est pas la Ligue 1 \u00e9videmment mais \u00e7a reste un bon niveau avec des gros matchs dans des stades bien remplis.<\/p>\n<p><img loading=\"lazy\" decoding=\"async\" class=\"w-full lazyload lazyload--opacity object-contain\" style=\"aspect-ratio:67 \/ 100;opacity:1\" alt=\"TUBIZE, BELGIUM - OCTOBER 06 : Stassin Lucas forward of Belgium U21 posing for a photoshoot of the Under 21 National Soccer Team of Belgium at RBFA training grounds on October 06, 2025 in Tubize, Belgium, 06\/10\/2025 ( Photo by Nico Vereecken \/ PhotoNews\" width=\"768\" height=\"1152\" fetchpriority=\"auto\" src=\"https:\/\/www.europesays.com\/fr\/wp-content\/uploads\/2025\/04\/1743819792_235_S5VKD3X55FFF3BW6V4SEHXNP7I.png\"  data- data-optimumx=\"1\"\/>Lucas Stassin a pos\u00e9 pour la photo officielle cette semaine. \u00a9NVE<\/p>\n<p class=\"ap-StoryElement ap-StoryElement--mb ap-StoryText\"><b>Avez-vous d\u00e9j\u00e0 parl\u00e9 \u00e0 Rudi Garcia ?<\/b><\/p>\n<p class=\"ap-StoryElement ap-StoryElement--mb ap-StoryText\">Non mais cela se fera le jour o\u00f9 il d\u00e9cide de me reprendre.<\/p>\n<p class=\"ap-StoryElement ap-StoryElement--mb ap-StoryText\"><b>Cela aurait pu \u00eatre en septembre ou cette fois-ci\u2026<\/b><\/p>\n<p class=\"ap-StoryElement ap-StoryElement--mb ap-StoryText\">J&rsquo;y pensais, forc\u00e9ment. Parce que c&rsquo;est un objectif d&rsquo;\u00eatre Diable rouge. Et, avec l&rsquo;absence de Romelu Lukaku, il y avait un espoir en plus. Mais il y a d&rsquo;autres joueurs. J&rsquo;esp\u00e8re \u00e9videmment \u00eatre repris \u00e0 chaque s\u00e9lection mais c&rsquo;est au coach \u00e0 d\u00e9cider. En attendant, je continue de travailler avec cet objectif en t\u00eate.<\/p>\n<p><a href=\"https:\/\/www.dhnet.be\/sports\/football\/diablesrouges\/2025\/09\/24\/lucas-stassin-renait-de-ses-cendres-avec-saint-etienne-peut-il-vraiment-etre-selectionne-avec-les-diables-rouges-en-evoluant-en-ligue-2-PQZTMKQOPJFKJOK7QPYN632OBI\/\" target=\"_blank\" rel=\"noopener noreferrer\" class=\"ap-StoryInterstitialLink ap-StoryElement ap-StoryElement--mb\">Lucas Stassin renait de ses cendres avec Saint-Etienne : peut-il vraiment \u00eatre s\u00e9lectionn\u00e9 avec les Diables rouges en \u00e9voluant en Ligue 2 ?<\/a><\/p>\n<p class=\"ap-StoryElement ap-StoryElement--mb ap-StoryText\"><b>Vous avez beaucoup progress\u00e9 ces derniers mois. Il vous manque quoi, selon vous ?<\/b><\/p>\n<p class=\"ap-StoryElement ap-StoryElement--mb ap-StoryText\">Il faut que je continue \u00e0 am\u00e9liorer des petits d\u00e9fauts pour essayer d&rsquo;\u00eatre encore meilleur. Je dois aussi prendre de l&rsquo;exp\u00e9rience. Je sais en tout cas ce qu&rsquo;il me reste \u00e0 faire.<\/p>\n<p class=\"ap-StoryElement ap-StoryElement--mb ap-StoryText\"><b>Cela peut passer par un transfert en janvier ?<\/b><\/p>\n<p class=\"ap-StoryElement ap-StoryElement--mb ap-StoryText\">Je ne sais pas ce qui peut se passer. Je ne ferme aucune porte. Mais \u00e7a pourrait aider pour les Diables en tout cas. Si je fais un gros transfert, je pourrais peut-\u00eatre esp\u00e9rer \u00eatre \u00e0 la Coupe du monde. Mais, dans tous les cas, j&rsquo;ai envie de r\u00e9ussir une belle saison, m\u00eame si je reste \u00e0 Saint-\u00c9tienne.<\/p>\n<p><img loading=\"lazy\" decoding=\"async\" class=\"w-full lazyload lazyload--opacity object-contain\" style=\"aspect-ratio:128 \/ 100;opacity:1\" alt=\"Lucas Stassin s'est entra\u00een\u00e9 bri\u00e8vement avec les Diables l'an dernier.\" width=\"768\" height=\"601\" fetchpriority=\"auto\" src=\"https:\/\/www.europesays.com\/fr\/wp-content\/uploads\/2025\/04\/1743819792_235_S5VKD3X55FFF3BW6V4SEHXNP7I.png\"  data- data-optimumx=\"1\"\/>Lucas Stassin s&rsquo;est entra\u00een\u00e9 bri\u00e8vement avec les Diables l&rsquo;an dernier. \u00a9BRUNO FAHY<\/p>\n<p class=\"ap-StoryElement ap-StoryElement--mb ap-StoryText\"><b>La Coupe du monde est donc un objectif ?<\/b><\/p>\n<p class=\"ap-StoryElement ap-StoryElement--mb ap-StoryText\">Oui; je garde \u00e7a dans un coin de ma t\u00eate. Si j&rsquo;arrive \u00e0 r\u00e9aliser une bonne saison et \u00e0 marquer beaucoup de buts, j&rsquo;esp\u00e8re que je pourrais convaincre le s\u00e9lectionneur. Que je sois ici ou dans un autre club apr\u00e8s janvier. Mais je ferai tout pour r\u00e9aliser une bonne saison. Car, m\u00eame si c&rsquo;est en Ligue 2, le fait de mettre des buts et d&rsquo;\u00eatre d\u00e9cisif est important pour la confiance d&rsquo;un attaquant dans l&rsquo;optique d&rsquo;un grand tournoi.<\/p>\n<p class=\"ap-StoryElement ap-StoryElement--mb ap-StoryText\"><b>En attendant, vous \u00eates avec les Diablotins avant deux matchs tr\u00e8s importants contre le pays de Galles (10\/10) et le Danemark (14\/10).<\/b><\/p>\n<p class=\"ap-StoryElement ap-StoryElement--mb ap-StoryText\">Si on veut se qualifier, il faut absolument gagner. Nous avons un gros groupe avec de la concurrence. C&rsquo;est bien, cela am\u00e8ne du niveau et des choix pour le coach. Et, puis, le groupe vit bien; donc, j&rsquo;esp\u00e8re qu&rsquo;on pourra r\u00e9aliser une belle campagne.<\/p>\n<p><a href=\"https:\/\/www.dhnet.be\/sports\/football\/diablesrouges\/2025\/10\/04\/qualifications-euro-u21-2027-gill-swerts-appelle-24-diablotins-dont-7-deja-selectionnes-une-fois-chez-les-seniors-ZAJFTJ36FNCLBAGFHHDYGMIMCI\/\" target=\"_blank\" rel=\"noopener noreferrer\" class=\"ap-StoryInterstitialLink ap-StoryElement ap-StoryElement--mb\">Qualifications Euro U21 2027: Gill Swerts appelle 24 Diablotins, dont 7 d\u00e9j\u00e0 s\u00e9lectionn\u00e9s une fois chez les seniors<\/a><\/p>\n","protected":false},"excerpt":{"rendered":"Car vous \u00e9tiez dragu\u00e9 par plusieurs clubs. Oui. Rennes est venu; il y a eu plusieurs autres clubs&hellip;\n","protected":false},"author":2,"featured_media":450420,"comment_status":"","ping_status":"","sticky":false,"template":"","format":"standard","meta":{"footnotes":""},"categories":[9653],"tags":[15252,1111,11,9499,461,15253,20095,2430,3809,26388,827,38561,1777,674,46652,38562,1011,27,19484,57633,8798,15263,12,38564,25,4001,8359,53629,517,60,15268,53632,57634,26405],"class_list":{"0":"post-450419","1":"post","2":"type-post","3":"status-publish","4":"format-standard","5":"has-post-thumbnail","7":"category-saint-etienne","8":"tag-activity","9":"tag-actu","10":"tag-actualites","11":"tag-adult","12":"tag-asse","13":"tag-athlete","14":"tag-attitude","15":"tag-auvergne-rhone-alpes","16":"tag-ball","17":"tag-clothing","18":"tag-competition","19":"tag-competitive-sport","20":"tag-eu","21":"tag-europe","22":"tag-focus-on-foreground","23":"tag-football-player","24":"tag-fr","25":"tag-france","26":"tag-joie","27":"tag-limb","28":"tag-men","29":"tag-motion","30":"tag-news","31":"tag-player","32":"tag-republique-francaise","33":"tag-saint-etienne","34":"tag-soccer","35":"tag-soccer-player","36":"tag-sport","37":"tag-sports","38":"tag-sports-clothing","39":"tag-team-sport","40":"tag-vitality","41":"tag-young-adult"},"share_on_mastodon":{"url":"","error":"Validation failed: Text character limit of 500 exceeded"},"_links":{"self":[{"href":"https:\/\/www.europesays.com\/fr\/wp-json\/wp\/v2\/posts\/450419","targetHints":{"allow":["GET"]}}],"collection":[{"href":"https:\/\/www.europesays.com\/fr\/wp-json\/wp\/v2\/posts"}],"about":[{"href":"https:\/\/www.europesays.com\/fr\/wp-json\/wp\/v2\/types\/post"}],"author":[{"embeddable":true,"href":"https:\/\/www.europesays.com\/fr\/wp-json\/wp\/v2\/users\/2"}],"replies":[{"embeddable":true,"href":"https:\/\/www.europesays.com\/fr\/wp-json\/wp\/v2\/comments?post=450419"}],"version-history":[{"count":0,"href":"https:\/\/www.europesays.com\/fr\/wp-json\/wp\/v2\/posts\/450419\/revisions"}],"wp:featuredmedia":[{"embeddable":true,"href":"https:\/\/www.europesays.com\/fr\/wp-json\/wp\/v2\/media\/450420"}],"wp:attachment":[{"href":"https:\/\/www.europesays.com\/fr\/wp-json\/wp\/v2\/media?parent=450419"}],"wp:term":[{"taxonomy":"category","embeddable":true,"href":"https:\/\/www.europesays.com\/fr\/wp-json\/wp\/v2\/categories?post=450419"},{"taxonomy":"post_tag","embeddable":true,"href":"https:\/\/www.europesays.com\/fr\/wp-json\/wp\/v2\/tags?post=450419"}],"curies":[{"name":"wp","href":"https:\/\/api.w.org\/{rel}","templated":true}]}}