{"id":450422,"date":"2025-10-09T16:26:12","date_gmt":"2025-10-09T16:26:12","guid":{"rendered":"https:\/\/www.europesays.com\/fr\/450422\/"},"modified":"2025-10-09T16:26:12","modified_gmt":"2025-10-09T16:26:12","slug":"cest-de-plus-en-plus-choquant","status":"publish","type":"post","link":"https:\/\/www.europesays.com\/fr\/450422\/","title":{"rendered":"\u201cC&rsquo;est de plus en plus choquant\u201d"},"content":{"rendered":"<p>            Par<br \/>\n        <strong><br \/>\n            <a href=\"https:\/\/actu.fr\/auteur\/pierre-emile-bouchy-actu-fr\" title=\"Consulter tous les articles de Paul-Emile Bouchy\" target=\"_blank\" rel=\"noopener\">Paul-Emile Bouchy<\/a><br \/>\n        <\/strong><\/p>\n<p>        Publi\u00e9 le<\/p>\n<p>            9 oct. 2025 \u00e0 15h00        <\/p>\n<p><strong>\u00ab\u2009Excr\u00e9ments \u00e9tal\u00e9s sur les murs, poign\u00e9es et cuvette\u2009\u00bb, \u00ab\u2009urine sur le sol\u2009\u00bb, \u00ab\u2009sous-v\u00eatements sales abandonn\u00e9s\u2009\u00bb<\/strong>\u2026. La liste des incivilit\u00e9s relev\u00e9es par le supermarch\u00e9 <a href=\"https:\/\/actu.fr\/tag\/leclerc\" target=\"_blank\" rel=\"noopener\">Leclerc<\/a> de Lun\u00e9ville (<a href=\"https:\/\/actu.fr\/grand-est\/meurthe-et-moselle_54\" target=\"_blank\" rel=\"noopener\">Meurthe-et-Moselle<\/a>) est \u00e0 peine croyable.<\/p>\n<p class=\" wall-content\">Dans une longue publication sur sa page Facebook, <strong>l\u2019enseigne pousse un coup de gueule concernant la propret\u00e9 de ses toilettes<\/strong> en indiquant m\u00eame nous \u00e9pargner \u00ab\u2009les pires situations qu\u2019elle a pu constater\u2009\u00bb.<\/p>\n<p>Un manque de respect pour les femmes de m\u00e9nage<\/p>\n<p class=\" wall-content\">Ce message adress\u00e9 aux clients invite surtout au respect des femmes de m\u00e9nage du magasin. \u00ab<strong>\u2009Nos femmes de m\u00e9nage se relaient de 5h \u00e0 20h pour que le magasin et les sanitaires restent propres.<\/strong> Malheureusement, le nombre d\u2019incivilit\u00e9s devient de plus en plus choquant et d\u00e9routant\u2009\u00bb, \u00e9crit le supermarch\u00e9.<\/p>\n<p>    <a href=\"https:\/\/www.facebook.com\/plugins\/post.php?href=https%3A%2F%2Fwww.facebook.com%2FE.Leclerc.Luneville%2Fposts%2Fpfbid046K8GiayQxfDZnp8ZaKLogbeGrsm8Q2NjhdWqxPhyY2dzGL9KMzg9ahTy2Sr65pJl&amp;show_text=true&amp;width=350\" title=\"Ouvrie le lien\" target=\"_blank\" rel=\"noopener\">Cliquez ici pour visualiser le contenu<\/a><\/p>\n<p class=\" wall-content\">Contact\u00e9, le directeur du Leclerc de Lun\u00e9ville, Patrice Tonnon, indique que <strong>malgr\u00e9 ces rappels, \u00ab\u2009rien ne change\u2009\u00bb<\/strong>\u2009: \u00ab\u2009On n\u2019a pas eu de plaintes de clients, car nos femmes de m\u00e9nage nettoient en permanence, chaque heure. <strong>Mais il faut respecter leur travail<\/strong>.\u2009\u00bb<\/p>\n<p class=\" wall-content\">Pour le moment, il n\u2019envisage pas de prendre des mesures suppl\u00e9mentaires, comme rendre les toilettes payantes par exemple.<\/p>\n<p class=\" wall-content\">Personnalisez votre actualit\u00e9 en ajoutant vos villes et m\u00e9dias en favori avec <a href=\"https:\/\/moncompte.actu.fr\" title=\"D\u00e9couvez Mon Actu\" rel=\"nofollow noopener\" data-trk=\"{&quot;cta&quot;:{&quot;action&quot;:&quot;https:\\\/\\\/moncompte.actu.fr&quot;,&quot;category&quot;:&quot;mon compte&quot;,&quot;from&quot;:&quot;article footer&quot;,&quot;name&quot;:&quot;Mon actu&quot;,&quot;type&quot;:&quot;cta&quot;}}\" target=\"_blank\">Mon Actu<\/a>.<\/p>\n","protected":false},"excerpt":{"rendered":"Par Paul-Emile Bouchy Publi\u00e9 le 9 oct. 2025 \u00e0 15h00 \u00ab\u2009Excr\u00e9ments \u00e9tal\u00e9s sur les murs, poign\u00e9es et cuvette\u2009\u00bb,&hellip;\n","protected":false},"author":2,"featured_media":450423,"comment_status":"","ping_status":"","sticky":false,"template":"","format":"standard","meta":{"footnotes":""},"categories":[9635],"tags":[1111,11,1777,674,1011,27,775,7755,1702,12,25,104],"class_list":{"0":"post-450422","1":"post","2":"type-post","3":"status-publish","4":"format-standard","5":"has-post-thumbnail","7":"category-nancy","8":"tag-actu","9":"tag-actualites","10":"tag-eu","11":"tag-europe","12":"tag-fr","13":"tag-france","14":"tag-grand-est","15":"tag-leclerc","16":"tag-nancy","17":"tag-news","18":"tag-republique-francaise","19":"tag-societe"},"share_on_mastodon":{"url":"https:\/\/pubeurope.com\/@fr\/115345148315262496","error":""},"_links":{"self":[{"href":"https:\/\/www.europesays.com\/fr\/wp-json\/wp\/v2\/posts\/450422","targetHints":{"allow":["GET"]}}],"collection":[{"href":"https:\/\/www.europesays.com\/fr\/wp-json\/wp\/v2\/posts"}],"about":[{"href":"https:\/\/www.europesays.com\/fr\/wp-json\/wp\/v2\/types\/post"}],"author":[{"embeddable":true,"href":"https:\/\/www.europesays.com\/fr\/wp-json\/wp\/v2\/users\/2"}],"replies":[{"embeddable":true,"href":"https:\/\/www.europesays.com\/fr\/wp-json\/wp\/v2\/comments?post=450422"}],"version-history":[{"count":0,"href":"https:\/\/www.europesays.com\/fr\/wp-json\/wp\/v2\/posts\/450422\/revisions"}],"wp:featuredmedia":[{"embeddable":true,"href":"https:\/\/www.europesays.com\/fr\/wp-json\/wp\/v2\/media\/450423"}],"wp:attachment":[{"href":"https:\/\/www.europesays.com\/fr\/wp-json\/wp\/v2\/media?parent=450422"}],"wp:term":[{"taxonomy":"category","embeddable":true,"href":"https:\/\/www.europesays.com\/fr\/wp-json\/wp\/v2\/categories?post=450422"},{"taxonomy":"post_tag","embeddable":true,"href":"https:\/\/www.europesays.com\/fr\/wp-json\/wp\/v2\/tags?post=450422"}],"curies":[{"name":"wp","href":"https:\/\/api.w.org\/{rel}","templated":true}]}}